{"id":257047,"date":"2026-03-09T10:27:50","date_gmt":"2026-03-09T09:27:50","guid":{"rendered":"https:\/\/smago.de\/ws2\/?p=257047"},"modified":"2026-03-09T10:29:36","modified_gmt":"2026-03-09T09:29:36","slug":"andy-borg-ueberraschungsmoment-im-ccs-suhl-goldene-stimmgabel-fuer-andy-borg","status":"publish","type":"post","link":"https:\/\/smago.de\/ws2\/schlager\/andy-borg-ueberraschungsmoment-im-ccs-suhl-goldene-stimmgabel-fuer-andy-borg\/","title":{"rendered":"ANDY BORG <br>\u00dcberraschungsmoment im CCS Suhl: Goldene Stimmgabel f\u00fcr Andy Borg!"},"content":{"rendered":"<p>Die Ehrung fand am 8. M\u00e4rz \u00fcberraschend w\u00e4hrend der ausverkauften Veranstaltung \u201eAndy Borg &amp; G\u00e4ste \u2013 Frauentagskonzert\u201c statt!<br \/>\n<!--more--><\/p>\n<p>&nbsp;<\/p>\n<p>&nbsp;<\/p>\n<p class=\"isselectedend\" style=\"text-align: justify;\"><strong>Suhl \u2013<\/strong> Der S\u00e4nger und Moderator ANDY BORH ist in Suhl mit der \u201eGoldenen Stimmgabel Th\u00fcringens\u201c ausgezeichnet worden. Die Ehrung fand am 8. M\u00e4rz \u00fcberraschend w\u00e4hrend der ausverkauften Veranstaltung \u201eAndy Borg &amp; G\u00e4ste \u2013 Frauentagskonzert\u201c im Congress Centrum Suhl statt.<\/p>\n<p class=\"isselectedend\" style=\"text-align: justify;\">Mit der Auszeichnung w\u00fcrdigt die Barthelmes Group aus Zella-Mehlis Borgs langj\u00e4hrige Verdienste um die deutschsprachige Unterhaltungsmusik sowie seine besondere N\u00e4he zum Publikum. Seit mehr als vier Jahrzehnten geh\u00f6rt der Entertainer zu den popul\u00e4ren Stimmen des Schlagers. Millionen Zuschauer verfolgen zudem seine Fernsehsendung \u201eSchlager-Spa\u00df mit Andy Borg\u201c im SWR.<\/p>\n<p style=\"text-align: justify;\">Die \u201eGoldene Stimmgabel Th\u00fcringens\u201c wird seit 2003 an K\u00fcnstler aus dem deutschsprachigen Raum verliehen, die \u00fcber viele Jahre hinweg die Musik- und Unterhaltungskultur gepr\u00e4gt haben.<\/p>\n<p class=\"isselectedend\" style=\"text-align: justify;\">Andy Borg erh\u00e4lt am 8. M\u00e4rz 2026 im Congress Centrum Suhl die \u201eGoldene Stimmgabel Th\u00fcringens\u201c. \u00dcberreicht wurde die Auszeichnung nach dem Duett \u201eFang das Licht\u201c, von Andy Borg mit \u201eSigrid &amp; Marina\u201c gesungen, von Arno Barthelmes (Barthelmes Group).<\/p>\n<p>&nbsp;<\/p>\n<p>&nbsp;<\/p>\n<p>***<\/p>\n<p>&nbsp;<\/p>\n<p>&nbsp;<\/p>\n<p class=\"p2\" style=\"text-align: justify;\"><strong>Suhl \/ Zella-Mehlis<\/strong> \u2013 Standing Ovations im Congress Centrum Suhl: Der beliebte S\u00e4nger und Moderator <b>Andy Borg <\/b>wurde am 8. M\u00e4rz w\u00e4hrend des Frauentagskonzerts \u201eAndy Borg und G\u00e4ste\u201c mit der <b>\u201eGoldenen Stimmgabel Th\u00fcringens\u201c <\/b>ausgezeichnet. Zusammen mit Sigrid &amp; Marina und Kevin Pabst pr\u00e4sentierte der Schlagerstar ein stimmungsvolles Programm zum Frauentag, als er auf der B\u00fchne mit dieser Auszeichnung \u00fcberrascht wurde.<\/p>\n<p class=\"p2\" style=\"text-align: justify;\">Die Ehrung w\u00fcrdigt Borgs langj\u00e4hriges k\u00fcnstlerisches Wirken sowie seine besondere N\u00e4he zum Publikum. Seit \u00fcber vier Jahrzehnten begeistert der Entertainer mit Schlagern, Oldies und Evergreens Generationen von Musikliebhabern.<\/p>\n<p class=\"p2\" style=\"text-align: justify;\">Die Auszeichnung wurde von <b>Arno Barthelmes <\/b>von der Barthelmes Group \u00fcberreicht. Die handgefertigte Stimmgabel steht symbolisch f\u00fcr musikalische Pr\u00e4zision, Authentizit\u00e4t und die verbindende Kraft der Musik im deutschsprachigen Kulturraum.<\/p>\n<p class=\"p2\" style=\"text-align: justify;\">Andy Borg gilt als einer der beliebtesten Unterhaltungsk\u00fcnstler der Schlagerbranche. Neben seiner erfolgreichen Tournee \u201eSchlager &amp; Spa\u00df mit Andy Borg\u201c und zahlreichen live-Auftritten erreicht er im SWR- und MDR-Fernsehen durch seine Sendung \u201eSchlager-Spa\u00df mit Andy Borg\u201c ein Millionenpublikum.<\/p>\n<p class=\"p2\" style=\"text-align: justify;\"><i>\u201eDiese \u00dcberraschung ist absolut gelungen! Die Stimmung im Saal war unfassbar sch\u00f6n. Das hat sich genau so angef\u00fchlt, als ob die ganze Schlagerfamilie diese Ehrung bekommen hat. Jeder hat sich mitgefreut. Und das stimmt ja auch: Denn ohne das Publikum w\u00fcrde ich nicht mit so viel Spa\u00df auf der B\u00fchne stehen! Alle, die heute beim Frauentagskonzert in Suhl diese \u00dcberraschung miterlebt haben, d\u00fcrfen daheim erz\u00e4hlen, dass sie die Goldene Stimmgabel bekommen haben \u2013 und ich verwahre sie daheim. Jetzt geht die Stimmgabel erst noch ein paar Tage mit uns auf Schlager-&amp;-Spa\u00df-Tournee, und dann schau ich bei uns zuhause nach einem guten Platzerl.\u201c <\/i>(Andy Borg)<\/p>\n<p class=\"p2\" style=\"text-align: justify;\">Mit Hits wie \u201eAdios Amor\u201c, \u201eDie ber\u00fchmten drei Worte\u201c oder \u201eDie Fischer von San Juan\u201c hat sich Borg einen festen Platz in der Geschichte des deutschsprachigen Schlagers ersungen.<\/p>\n<p class=\"p3\" style=\"text-align: justify;\">Die <b>Goldene Stimmgabel Th\u00fcringens <\/b>wird seit 2003 von der Barthelmes Group verliehen. Sie ehrt K\u00fcnstlerpers\u00f6nlichkeiten aus Deutschland, \u00d6sterreich und der Schweiz, die \u00fcber viele Jahre hinweg die Musik- und Unterhaltungskultur im deutschsprachigen Raum gepr\u00e4gt haben.<\/p>\n<p class=\"p3\" style=\"text-align: justify;\">Zu den bisherigen Preistr\u00e4gern z\u00e4hlen unter anderem Die Prinzen, Heinz Rudolf Kunze, Wolfgang Niedecken, Ute Freudenberg, City, Florian Silbereisen und DJ \u00d6tzi.<\/p>\n<p class=\"p3\" style=\"text-align: justify;\">Mit der Ehrung von Andy Borg setzt die Auszeichnung ihre Tradition fort, herausragende K\u00fcnstlerpers\u00f6nlichkeiten zu w\u00fcrdigen, deren Musik Menschen verbindet und \u00fcber Generationen hinweg begeistert.<\/p>\n<p>&nbsp;<\/p>\n<p>&nbsp;<\/p>\n<figure id=\"attachment_257051\" aria-describedby=\"caption-attachment-257051\" style=\"width: 800px\" class=\"wp-caption alignnone\"><img decoding=\"async\" loading=\"lazy\" class=\"size-large wp-image-257051\" src=\"https:\/\/smago.de\/ws2\/wp-content\/uploads\/2026\/03\/Andy-Borg-Goldene-Stimmgabel-08032026-im-CCS-Suhl-Presse3cGerhard-Hofbauer-1-800x600.jpeg\" alt=\"\" width=\"800\" height=\"600\" srcset=\"https:\/\/smago.de\/ws2\/wp-content\/uploads\/2026\/03\/Andy-Borg-Goldene-Stimmgabel-08032026-im-CCS-Suhl-Presse3cGerhard-Hofbauer-1-800x600.jpeg 800w, https:\/\/smago.de\/ws2\/wp-content\/uploads\/2026\/03\/Andy-Borg-Goldene-Stimmgabel-08032026-im-CCS-Suhl-Presse3cGerhard-Hofbauer-1-522x392.jpeg 522w, https:\/\/smago.de\/ws2\/wp-content\/uploads\/2026\/03\/Andy-Borg-Goldene-Stimmgabel-08032026-im-CCS-Suhl-Presse3cGerhard-Hofbauer-1-200x150.jpeg 200w, https:\/\/smago.de\/ws2\/wp-content\/uploads\/2026\/03\/Andy-Borg-Goldene-Stimmgabel-08032026-im-CCS-Suhl-Presse3cGerhard-Hofbauer-1-768x576.jpeg 768w, https:\/\/smago.de\/ws2\/wp-content\/uploads\/2026\/03\/Andy-Borg-Goldene-Stimmgabel-08032026-im-CCS-Suhl-Presse3cGerhard-Hofbauer-1-1536x1152.jpeg 1536w, https:\/\/smago.de\/ws2\/wp-content\/uploads\/2026\/03\/Andy-Borg-Goldene-Stimmgabel-08032026-im-CCS-Suhl-Presse3cGerhard-Hofbauer-1-2048x1536.jpeg 2048w, https:\/\/smago.de\/ws2\/wp-content\/uploads\/2026\/03\/Andy-Borg-Goldene-Stimmgabel-08032026-im-CCS-Suhl-Presse3cGerhard-Hofbauer-1-363x272.jpeg 363w, https:\/\/smago.de\/ws2\/wp-content\/uploads\/2026\/03\/Andy-Borg-Goldene-Stimmgabel-08032026-im-CCS-Suhl-Presse3cGerhard-Hofbauer-1-130x98.jpeg 130w, https:\/\/smago.de\/ws2\/wp-content\/uploads\/2026\/03\/Andy-Borg-Goldene-Stimmgabel-08032026-im-CCS-Suhl-Presse3cGerhard-Hofbauer-1-593x445.jpeg 593w, https:\/\/smago.de\/ws2\/wp-content\/uploads\/2026\/03\/Andy-Borg-Goldene-Stimmgabel-08032026-im-CCS-Suhl-Presse3cGerhard-Hofbauer-1-696x522.jpeg 696w, https:\/\/smago.de\/ws2\/wp-content\/uploads\/2026\/03\/Andy-Borg-Goldene-Stimmgabel-08032026-im-CCS-Suhl-Presse3cGerhard-Hofbauer-1-253x190.jpeg 253w, https:\/\/smago.de\/ws2\/wp-content\/uploads\/2026\/03\/Andy-Borg-Goldene-Stimmgabel-08032026-im-CCS-Suhl-Presse3cGerhard-Hofbauer-1-387x290.jpeg 387w\" sizes=\"(max-width: 800px) 100vw, 800px\" \/><figcaption id=\"caption-attachment-257051\" class=\"wp-caption-text\"><em>Foto-Credit: Gerhard Hofbauer<\/em><\/figcaption><\/figure>\n","protected":false},"excerpt":{"rendered":"<p>Die Ehrung fand am 8. M\u00e4rz \u00fcberraschend w\u00e4hrend der ausverkauften Veranstaltung \u201eAndy Borg &amp; G\u00e4ste \u2013 Frauentagskonzert\u201c statt!<\/p>\n","protected":false},"author":2,"featured_media":257048,"comment_status":"open","ping_status":"closed","sticky":false,"template":"","format":"standard","meta":{"_FSMCFIC_featured_image_caption":"","_FSMCFIC_featured_image_nocaption":"","_FSMCFIC_featured_image_hide":""},"categories":[29,39],"tags":[182],"acf":[],"_links":{"self":[{"href":"https:\/\/smago.de\/ws2\/wp-json\/wp\/v2\/posts\/257047"}],"collection":[{"href":"https:\/\/smago.de\/ws2\/wp-json\/wp\/v2\/posts"}],"about":[{"href":"https:\/\/smago.de\/ws2\/wp-json\/wp\/v2\/types\/post"}],"author":[{"embeddable":true,"href":"https:\/\/smago.de\/ws2\/wp-json\/wp\/v2\/users\/2"}],"replies":[{"embeddable":true,"href":"https:\/\/smago.de\/ws2\/wp-json\/wp\/v2\/comments?post=257047"}],"version-history":[{"count":3,"href":"https:\/\/smago.de\/ws2\/wp-json\/wp\/v2\/posts\/257047\/revisions"}],"predecessor-version":[{"id":257053,"href":"https:\/\/smago.de\/ws2\/wp-json\/wp\/v2\/posts\/257047\/revisions\/257053"}],"wp:featuredmedia":[{"embeddable":true,"href":"https:\/\/smago.de\/ws2\/wp-json\/wp\/v2\/media\/257048"}],"wp:attachment":[{"href":"https:\/\/smago.de\/ws2\/wp-json\/wp\/v2\/media?parent=257047"}],"wp:term":[{"taxonomy":"category","embeddable":true,"href":"https:\/\/smago.de\/ws2\/wp-json\/wp\/v2\/categories?post=257047"},{"taxonomy":"post_tag","embeddable":true,"href":"https:\/\/smago.de\/ws2\/wp-json\/wp\/v2\/tags?post=257047"}],"curies":[{"name":"wp","href":"https:\/\/api.w.org\/{rel}","templated":true}]}}