{"id":257041,"date":"2026-03-09T09:20:11","date_gmt":"2026-03-09T08:20:11","guid":{"rendered":"https:\/\/smago.de\/ws2\/?p=257041"},"modified":"2026-03-09T09:46:57","modified_gmt":"2026-03-09T08:46:57","slug":"dieter-bohlen-bushido-isi-glueck-das-highlight-am-ostersamstag-dsds-ist-endlich-zurueck","status":"publish","type":"post","link":"https:\/\/smago.de\/ws2\/party-schlager\/dieter-bohlen-bushido-isi-glueck-das-highlight-am-ostersamstag-dsds-ist-endlich-zurueck\/","title":{"rendered":"DIETER BOHLEN, BUSHIDO, ISI GL\u00dcCK <br>Das Highlight am Ostersamstag: &#8222;DSDS&#8220; ist endlich zur\u00fcck!"},"content":{"rendered":"<p style=\"text-align: justify;\">Neue Jury mit Dieter Bohlen, Bushido &amp; Isi Gl\u00fcck, neues Casting-Konzept und eine brandneue, formatbegleitende Reality!<!--more--><\/p>\n<p>&nbsp;<\/p>\n<p>&nbsp;<\/p>\n<p>&nbsp;<\/p>\n<p style=\"text-align: justify;\">DSDS kehrt Ostern 2026 mit Staffel 22 zur\u00fcck! RTL geht damit erneut auf die unterhaltsame und spannende Suche nach &#8222;Deutschlands Superstar&#8220;. In diesem Jahr werden die Talente von Chefjuror <strong>Dieter Bohlen<\/strong>, Ballermann-K\u00f6nigin <strong>Isi Gl\u00fcck<\/strong> und Rap-Legende <strong>Bushido<\/strong> im RTL-Sendezentrum in K\u00f6ln-Deutz gecastet. Ausgestrahlt werden die insgesamt zehn neuen Folgen der Casting-Show, inklusive drei Live-Shows in K\u00f6ln, ab dem 4. April 2026, immer samstags und dienstags um 20:15 Uhr bei RTL. Die Folgen 1 und 2 sind am 4. April bereits vorab auf RTL+ verf\u00fcgbar und die weiteren Episoden dann jeweils dienstags und samstags.<\/p>\n<p>&nbsp;<\/p>\n<p>&nbsp;<\/p>\n<p>&nbsp;<\/p>\n<p style=\"text-align: justify;\"><strong>Neues innovatives Casting-Konzept<\/strong><\/p>\n<p>&nbsp;<\/p>\n<p style=\"text-align: justify;\">Die 22. DSDS-Staffel wartet mit einem \u00fcberarbeiteten Konzept auf: Jede Casting-Folge bildet einen vollst\u00e4ndigen Tag ab \u2013 vom Eintreffen der Kandidatinnen und Kandidaten bis zur finalen Juryentscheidung. Mitfiebern ist angesagt: Talente, die \u00fcberzeugen, d\u00fcrfen in den \u201cGolden Room\u201c und dort entscheidet sich, ob sie erneut vor der Jury antreten m\u00fcssen oder direkt weiterkommen. Statt der gewohnten Recall-Zettel werden erstmals \u201cRecall-Tickets\u201c vergeben und aufgrund des neuen Konzepts kommen keine Goldenen CDs mehr zum Einsatz.<\/p>\n<p>&nbsp;<\/p>\n<p>&nbsp;<\/p>\n<p>&nbsp;<\/p>\n<p style=\"text-align: justify;\"><strong>Erstmals &#8222;Die DSDS Reality&#8220; auf RTL+: Der Weg zum Superstar<\/strong><\/p>\n<p>&nbsp;<\/p>\n<p style=\"text-align: justify;\">Au\u00dferdem neu in diesem Jahr: Zum ersten Mal in der Geschichte von DSDS ist ab dem 21. April in zehn Folgen exklusiv auf RTL+ zu sehen, wie Superstars gemacht werden. In der <strong>&#8222;DSDS Reality&#8220;<\/strong>\u00a0werden die Kandidatinnen und Kandidaten in ihrem t\u00e4glichen WG-Leben begleitet und durchlaufen ein intensives Training in Gesang, Tanz, Performance und B\u00fchnenpr\u00e4senz. Unterst\u00fctzt werden die Talente dabei von bekannten Mentoren und Coaches.<\/p>\n<p>&nbsp;<\/p>\n<p>&nbsp;<\/p>\n<p>&nbsp;<\/p>\n<p style=\"text-align: justify;\"><strong>Recall zum ersten Mal im Europa-Park in Rust<\/strong><\/p>\n<p>&nbsp;<\/p>\n<p style=\"text-align: justify;\">DSDS goes back to Europa-Park! Die beiden Recall-Folgen dieser Staffel (Ausstrahlung am 21.4. und 25.4. bei RTL) wurden im Europa-Park in Rust in Szene gesetzt. Mit seinen abwechslungsreichen Themenbereichen und spektakul\u00e4ren Achterbahnen ist der beliebte Freizeitpark die perfekte B\u00fchne f\u00fcr die DSDS-Dreharbeiten. Eine Altersgrenze gibt es weiterhin nicht: Die Kandidatinnen und Kandidaten sind zwischen 16 bis 70 Jahre alt. Auch in diesem Jahr gingen wieder mehrere Tausend Bewerbungen ein.<\/p>\n<p>&nbsp;<\/p>\n<p>&nbsp;<\/p>\n<p style=\"text-align: justify;\"><em><strong>&#8222;Deutschland sucht den Superstar&#8220; ab Ostersamstag, 4. April bei RTL und vorab auf RTL+ \/ \u201cDie DSDS Reality\u201c ab 21. April exklusiv auf RTL+<\/strong><\/em><\/p>\n<p>&nbsp;<\/p>\n<p>&nbsp;<\/p>\n<p style=\"text-align: justify;\"><em>Produziert wird &#8222;Deutschland sucht den Superstar&#8220; von UFA Show &amp; Factual GmbH im Auftrag von RTL. Die redaktionelle Verantwortung bei RTL haben Anna Katharina Kurz (Executive Producer) und Carolin Kaletta (Head of Producers) unter der Leitung von Markus K\u00fcttner (Unterhaltungschef RTL).<\/em><\/p>\n<p>&nbsp;<\/p>\n<p>&nbsp;<\/p>\n<figure id=\"attachment_257042\" aria-describedby=\"caption-attachment-257042\" style=\"width: 800px\" class=\"wp-caption alignnone\"><img decoding=\"async\" loading=\"lazy\" class=\"size-large wp-image-257042\" src=\"https:\/\/smago.de\/ws2\/wp-content\/uploads\/2026\/03\/DSDS_87137-800x450.jpg\" alt=\"\" width=\"800\" height=\"450\" srcset=\"https:\/\/smago.de\/ws2\/wp-content\/uploads\/2026\/03\/DSDS_87137-800x450.jpg 800w, https:\/\/smago.de\/ws2\/wp-content\/uploads\/2026\/03\/DSDS_87137-522x294.jpg 522w, https:\/\/smago.de\/ws2\/wp-content\/uploads\/2026\/03\/DSDS_87137-267x150.jpg 267w, https:\/\/smago.de\/ws2\/wp-content\/uploads\/2026\/03\/DSDS_87137-768x432.jpg 768w, https:\/\/smago.de\/ws2\/wp-content\/uploads\/2026\/03\/DSDS_87137-1536x864.jpg 1536w, https:\/\/smago.de\/ws2\/wp-content\/uploads\/2026\/03\/DSDS_87137-2048x1152.jpg 2048w, https:\/\/smago.de\/ws2\/wp-content\/uploads\/2026\/03\/DSDS_87137-392x221.jpg 392w, https:\/\/smago.de\/ws2\/wp-content\/uploads\/2026\/03\/DSDS_87137-130x73.jpg 130w, https:\/\/smago.de\/ws2\/wp-content\/uploads\/2026\/03\/DSDS_87137-791x445.jpg 791w, https:\/\/smago.de\/ws2\/wp-content\/uploads\/2026\/03\/DSDS_87137-870x489.jpg 870w, https:\/\/smago.de\/ws2\/wp-content\/uploads\/2026\/03\/DSDS_87137-292x164.jpg 292w, https:\/\/smago.de\/ws2\/wp-content\/uploads\/2026\/03\/DSDS_87137-435x245.jpg 435w, https:\/\/smago.de\/ws2\/wp-content\/uploads\/2026\/03\/DSDS_87137-895x503.jpg 895w\" sizes=\"(max-width: 800px) 100vw, 800px\" \/><figcaption id=\"caption-attachment-257042\" class=\"wp-caption-text\"><em>Die Jury mit Dieter Bohlen (l.), Isi Gl\u00fcck und Anis Ferchichi (Bushido).<\/em><\/p>\n<p><em>Foto-Credit: RTL \/ Stefan Gregorowius<\/em><\/p>\n<p><em>Bitte beachten Sie auch <strong><a href=\"http:\/\/www.rtlplus.de\">RTL+<\/a><\/strong>!<\/em><\/figcaption><\/figure>\n","protected":false},"excerpt":{"rendered":"<p>Neue Jury mit Dieter Bohlen, Bushido &amp; Isi Gl\u00fcck, neues Casting-Konzept und eine brandneue, formatbegleitende Reality!<\/p>\n","protected":false},"author":2,"featured_media":257042,"comment_status":"open","ping_status":"closed","sticky":false,"template":"","format":"standard","meta":{"_FSMCFIC_featured_image_caption":"","_FSMCFIC_featured_image_nocaption":"","_FSMCFIC_featured_image_hide":""},"categories":[26,27,29,128],"tags":[402],"acf":[],"_links":{"self":[{"href":"https:\/\/smago.de\/ws2\/wp-json\/wp\/v2\/posts\/257041"}],"collection":[{"href":"https:\/\/smago.de\/ws2\/wp-json\/wp\/v2\/posts"}],"about":[{"href":"https:\/\/smago.de\/ws2\/wp-json\/wp\/v2\/types\/post"}],"author":[{"embeddable":true,"href":"https:\/\/smago.de\/ws2\/wp-json\/wp\/v2\/users\/2"}],"replies":[{"embeddable":true,"href":"https:\/\/smago.de\/ws2\/wp-json\/wp\/v2\/comments?post=257041"}],"version-history":[{"count":3,"href":"https:\/\/smago.de\/ws2\/wp-json\/wp\/v2\/posts\/257041\/revisions"}],"predecessor-version":[{"id":257045,"href":"https:\/\/smago.de\/ws2\/wp-json\/wp\/v2\/posts\/257041\/revisions\/257045"}],"wp:featuredmedia":[{"embeddable":true,"href":"https:\/\/smago.de\/ws2\/wp-json\/wp\/v2\/media\/257042"}],"wp:attachment":[{"href":"https:\/\/smago.de\/ws2\/wp-json\/wp\/v2\/media?parent=257041"}],"wp:term":[{"taxonomy":"category","embeddable":true,"href":"https:\/\/smago.de\/ws2\/wp-json\/wp\/v2\/categories?post=257041"},{"taxonomy":"post_tag","embeddable":true,"href":"https:\/\/smago.de\/ws2\/wp-json\/wp\/v2\/tags?post=257041"}],"curies":[{"name":"wp","href":"https:\/\/api.w.org\/{rel}","templated":true}]}}