{"id":257019,"date":"2026-03-09T00:00:51","date_gmt":"2026-03-08T23:00:51","guid":{"rendered":"https:\/\/smago.de\/ws2\/?p=257019"},"modified":"2026-03-08T17:58:52","modified_gmt":"2026-03-08T16:58:52","slug":"tim-peters-mit-wegen-dir-%f0%9f%92%94-warum-ich-so-durchdreh-stuermt-er-die-top-10-der-airplay-charts-deutschland-konservativ-pop","status":"publish","type":"post","link":"https:\/\/smago.de\/ws2\/pop-schlager\/tim-peters-mit-wegen-dir-%f0%9f%92%94-warum-ich-so-durchdreh-stuermt-er-die-top-10-der-airplay-charts-deutschland-konservativ-pop\/","title":{"rendered":"TIM PETERS <br>Mit \u201eWegen Dir &#x1f494;\u00a0(warum ich so durchdreh\u2018)\u201c st\u00fcrmt er die Top 10 der Airplay Charts &#8222;Deutschland Konservativ Pop&#8220;!"},"content":{"rendered":"<p>Und: Das zweite Album ist in der Pipeline \u2013 &#8222;Schlager Rave&#8220;!<br \/>\n<!--more--><\/p>\n<p>&nbsp;<\/p>\n<p>&nbsp;<\/p>\n<p>&nbsp;<\/p>\n<p style=\"font-weight: 400; text-align: justify;\">Mit <strong>\u201eWegen Dir <\/strong><strong>&#x1f494;<\/strong><strong> (warum ich so durchdreh\u2018)\u201c <\/strong>hat <strong>TIM PETERS<\/strong> einen emotionalen Dance-Track, der gebrochene Herzen auff\u00e4ngt und sie direkt wieder in die fr\u00fchen 2000er-Clubn\u00e4chte katapultiert, abgeliefert. Und siehe da: Aktuell st\u00fcrmt Tim mit diesem Song die Top 10 der Airplay Charts &#8222;Deutschland Konservativ Pop&#8220;, die von MusicTrace ermittelt werden. In der 10. Chart-Woche 2026 (Erhebungszeitraum: 27.02. &#8211; 06.03.) konnte er sich von Position 12 in der Vorwoche auf Rang 7 verbessern.<\/p>\n<p style=\"font-weight: 400; text-align: justify;\">Tim verbindet verletzliche Zeilen mit dr\u00fcckenden Dance-Vibes und liefert damit den Soundtrack f\u00fcr alle, die nachts wach liegen, zu viel denken\u2026 und trotzdem tanzen wollen.<\/p>\n<p style=\"font-weight: 400; text-align: justify;\">Auf Tims Socials und der nahezu ausverkauften Deutschland Tour im Dezember, zeichnete sich der Song schon als n\u00e4chster Publikums-Liebling f\u00fcr seine rasant wachsende Fan Community, die er liebevoll \u201eSchlager Raver\u201c nennt, ab.<\/p>\n<p style=\"font-weight: 400; text-align: justify;\">Als Vorbote des neuen Albums \u201eSchlager Rave\u201c (Stand jetzt ist die Ver\u00f6ffentlichung f\u00fcr den 22.05.2026 geplant) setzt <strong>\u201eWegen Dir\u00a0<\/strong><strong>&#x1f494;<\/strong><strong> (warum ich so durchdreh\u2018)\u201c <\/strong>den n\u00e4chsten Marker f\u00fcr das neue Genre: modern, ehrlich und pulsierend.<\/p>\n<p>&nbsp;<\/p>\n<p>&nbsp;<\/p>\n<p><img decoding=\"async\" loading=\"lazy\" class=\"alignnone size-large wp-image-257024\" src=\"https:\/\/smago.de\/ws2\/wp-content\/uploads\/2026\/03\/peters_schlager-rave-800x800.webp\" alt=\"\" width=\"800\" height=\"800\" srcset=\"https:\/\/smago.de\/ws2\/wp-content\/uploads\/2026\/03\/peters_schlager-rave-800x800.webp 800w, https:\/\/smago.de\/ws2\/wp-content\/uploads\/2026\/03\/peters_schlager-rave-522x522.webp 522w, https:\/\/smago.de\/ws2\/wp-content\/uploads\/2026\/03\/peters_schlager-rave-150x150.webp 150w, https:\/\/smago.de\/ws2\/wp-content\/uploads\/2026\/03\/peters_schlager-rave-768x768.webp 768w, https:\/\/smago.de\/ws2\/wp-content\/uploads\/2026\/03\/peters_schlager-rave-272x272.webp 272w, https:\/\/smago.de\/ws2\/wp-content\/uploads\/2026\/03\/peters_schlager-rave-600x600.webp 600w, https:\/\/smago.de\/ws2\/wp-content\/uploads\/2026\/03\/peters_schlager-rave-130x130.webp 130w, https:\/\/smago.de\/ws2\/wp-content\/uploads\/2026\/03\/peters_schlager-rave-445x445.webp 445w, https:\/\/smago.de\/ws2\/wp-content\/uploads\/2026\/03\/peters_schlager-rave-190x190.webp 190w, https:\/\/smago.de\/ws2\/wp-content\/uploads\/2026\/03\/peters_schlager-rave-290x290.webp 290w, https:\/\/smago.de\/ws2\/wp-content\/uploads\/2026\/03\/peters_schlager-rave.webp 1000w\" sizes=\"(max-width: 800px) 100vw, 800px\" \/><\/p>\n<p>&nbsp;<\/p>\n<p>&nbsp;<\/p>\n<p>&nbsp;<\/p>\n<p><img decoding=\"async\" loading=\"lazy\" class=\"alignnone size-large wp-image-257027\" src=\"https:\/\/smago.de\/ws2\/wp-content\/uploads\/2026\/03\/peters_plakat2-640x800.jpeg\" alt=\"\" width=\"640\" height=\"800\" srcset=\"https:\/\/smago.de\/ws2\/wp-content\/uploads\/2026\/03\/peters_plakat2-640x800.jpeg 640w, https:\/\/smago.de\/ws2\/wp-content\/uploads\/2026\/03\/peters_plakat2-418x522.jpeg 418w, https:\/\/smago.de\/ws2\/wp-content\/uploads\/2026\/03\/peters_plakat2-120x150.jpeg 120w, https:\/\/smago.de\/ws2\/wp-content\/uploads\/2026\/03\/peters_plakat2-768x960.jpeg 768w, https:\/\/smago.de\/ws2\/wp-content\/uploads\/2026\/03\/peters_plakat2-218x272.jpeg 218w, https:\/\/smago.de\/ws2\/wp-content\/uploads\/2026\/03\/peters_plakat2-480x600.jpeg 480w, https:\/\/smago.de\/ws2\/wp-content\/uploads\/2026\/03\/peters_plakat2-104x130.jpeg 104w, https:\/\/smago.de\/ws2\/wp-content\/uploads\/2026\/03\/peters_plakat2-356x445.jpeg 356w, https:\/\/smago.de\/ws2\/wp-content\/uploads\/2026\/03\/peters_plakat2-152x190.jpeg 152w, https:\/\/smago.de\/ws2\/wp-content\/uploads\/2026\/03\/peters_plakat2-232x290.jpeg 232w, https:\/\/smago.de\/ws2\/wp-content\/uploads\/2026\/03\/peters_plakat2.jpeg 1080w\" sizes=\"(max-width: 640px) 100vw, 640px\" \/><\/p>\n","protected":false},"excerpt":{"rendered":"<p>Und: Das zweite Album ist in der Pipeline \u2013 &#8222;Schlager Rave&#8220;!<\/p>\n","protected":false},"author":2,"featured_media":252454,"comment_status":"open","ping_status":"closed","sticky":false,"template":"","format":"standard","meta":{"_FSMCFIC_featured_image_caption":"","_FSMCFIC_featured_image_nocaption":"","_FSMCFIC_featured_image_hide":""},"categories":[28],"tags":[991],"acf":[],"_links":{"self":[{"href":"https:\/\/smago.de\/ws2\/wp-json\/wp\/v2\/posts\/257019"}],"collection":[{"href":"https:\/\/smago.de\/ws2\/wp-json\/wp\/v2\/posts"}],"about":[{"href":"https:\/\/smago.de\/ws2\/wp-json\/wp\/v2\/types\/post"}],"author":[{"embeddable":true,"href":"https:\/\/smago.de\/ws2\/wp-json\/wp\/v2\/users\/2"}],"replies":[{"embeddable":true,"href":"https:\/\/smago.de\/ws2\/wp-json\/wp\/v2\/comments?post=257019"}],"version-history":[{"count":7,"href":"https:\/\/smago.de\/ws2\/wp-json\/wp\/v2\/posts\/257019\/revisions"}],"predecessor-version":[{"id":257028,"href":"https:\/\/smago.de\/ws2\/wp-json\/wp\/v2\/posts\/257019\/revisions\/257028"}],"wp:featuredmedia":[{"embeddable":true,"href":"https:\/\/smago.de\/ws2\/wp-json\/wp\/v2\/media\/252454"}],"wp:attachment":[{"href":"https:\/\/smago.de\/ws2\/wp-json\/wp\/v2\/media?parent=257019"}],"wp:term":[{"taxonomy":"category","embeddable":true,"href":"https:\/\/smago.de\/ws2\/wp-json\/wp\/v2\/categories?post=257019"},{"taxonomy":"post_tag","embeddable":true,"href":"https:\/\/smago.de\/ws2\/wp-json\/wp\/v2\/tags?post=257019"}],"curies":[{"name":"wp","href":"https:\/\/api.w.org\/{rel}","templated":true}]}}