{"id":256994,"date":"2026-03-09T00:01:20","date_gmt":"2026-03-08T23:01:20","guid":{"rendered":"https:\/\/smago.de\/ws2\/?p=256994"},"modified":"2026-03-09T00:02:32","modified_gmt":"2026-03-08T23:02:32","slug":"norman-langen-15-jahre-norman-langen-ein-jubilaeum-voller-emotionen-hits-und-echter-fan-naehe","status":"publish","type":"post","link":"https:\/\/smago.de\/ws2\/pop-schlager\/norman-langen-15-jahre-norman-langen-ein-jubilaeum-voller-emotionen-hits-und-echter-fan-naehe\/","title":{"rendered":"NORMAN LANGEN <br>&#8222;15 Jahre Norman Langen&#8220;: Ein Jubil\u00e4um voller Emotionen, Hits und echter Fan-N\u00e4he!"},"content":{"rendered":"<p>Seine Reise begann 2011 bei &#8222;Deutschland sucht den Superstar&#8220;! Zum echten Konzertk\u00fcnstler gereift, feierte er am 07.03.2026 mit \u00fcber 1.000 Fans vor restlos ausverkauftem Haus seinen 41. Geburtstag!<br \/>\n<!--more--><\/p>\n<p>&nbsp;<\/p>\n<p>&nbsp;<\/p>\n<p>&nbsp;<\/p>\n<p style=\"text-align: justify;\">Der (restlos auverkaufte!) Henkelsaal im Schlager Caf\u00e9 in D\u00fcsseldorf platzte am Samstagabend (07.03.2026) schier aus allen N\u00e4hten, als <span class=\"hover:entity-accent entity-underline inline cursor-pointer align-baseline\"><span class=\"whitespace-normal\">NORMAN LANGEN<\/span><\/span>\u00a0sein ganz pers\u00f6nliches Jubil\u00e4um feierte: <strong data-start=\"374\" data-end=\"401\">15 Jahre B\u00fchnenkarriere<\/strong> \u2013 und das ausgerechnet an seinem <strong data-start=\"435\" data-end=\"453\">41. Geburtstag<\/strong>.<\/p>\n<p style=\"text-align: justify;\">Dass dieser Abend etwas Besonderes werden w\u00fcrde, zeigte sich schon vor dem ersten Ton: <strong data-start=\"545\" data-end=\"588\">Der Henkelsaal war restlos ausverkauft.<\/strong> (Das hatte noch nicht einmal Howard Carpendale acht Tage zuvor mit seiner Album-Pr\u00e4sentation &#8222;Zeitlos&#8220; geschafft &#8230;) Rund <strong data-start=\"594\" data-end=\"608\">1.000 Fans<\/strong> waren gekommen, um gemeinsam mit ihrem Idol zu feiern.<\/p>\n<p style=\"text-align: justify;\">Was das Publikum am 7. M\u00e4rz 2026 erlebte, war weit mehr als ein Konzert. Es war eine musikalische Zeitreise durch eine bemerkenswerte Karriere \u2013 voller Hits, Emotionen und pers\u00f6nlicher Geschichten.<\/p>\n<p>&nbsp;<\/p>\n<p>&nbsp;<\/p>\n<p>&nbsp;<\/p>\n<p style=\"text-align: justify;\"><strong>Ein fulminanter Auftakt<\/strong><\/p>\n<p>&nbsp;<\/p>\n<p style=\"text-align: justify;\">Schon der Beginn machte klar, dass Norman Langen f\u00fcr sein Jubil\u00e4um nichts dem Zufall \u00fcberlassen hatte. Mit dem kraftvollen <strong data-start=\"1022\" data-end=\"1049\">\u201eUnsere Zeit ist jetzt\u201c<\/strong> er\u00f6ffnete er seine Show \u2013 unterst\u00fctzt von zwei T\u00e4nzerinnen und zwei T\u00e4nzern, die f\u00fcr eine energiegeladene Choreografie sorgten.<\/p>\n<p style=\"text-align: justify;\">Sichtlich bewegt wandte sich der S\u00e4nger an sein Publikum:<em> \u201eIch kann das gar nicht glauben\u201c,<\/em> sagte er l\u00e4chelnd. Dass so viele Menschen seinetwegen in den Henkelsaal gekommen seien, sei f\u00fcr ihn schlicht <em>\u201eunfassbar\u201c<\/em>.<\/p>\n<p style=\"text-align: justify;\">Tats\u00e4chlich bot sich im Saal ein beeindruckendes Bild: Von der ersten Reihe bis in die hintersten Winkel wurde mitgesungen, geklatscht und gefeiert. Der Henkelsaal verwandelte sich in ein brodelndes Meer aus Begeisterung.<\/p>\n<p>&nbsp;<\/p>\n<p>&nbsp;<\/p>\n<p>&nbsp;<\/p>\n<p style=\"text-align: justify;\"><strong>Die Wurzeln des Popschlager-Stars<\/strong><\/p>\n<p>&nbsp;<\/p>\n<p style=\"text-align: justify;\">Im Laufe des Abends wurde es immer wieder pers\u00f6nlich. Norman nahm seine Fans mit zur\u00fcck zu den Anf\u00e4ngen seiner musikalischen Leidenschaft.<\/p>\n<p style=\"text-align: justify;\">\u201eAlles begann mit einem Song\u201c, erinnerte er sich. Gemeint war <strong data-start=\"1868\" data-end=\"1897\">\u201eIch bau dir ein Schloss\u201c<\/strong> von <span class=\"hover:entity-accent entity-underline inline cursor-pointer align-baseline\"><span class=\"whitespace-normal\">J\u00fcrgen Drews<\/span><\/span> \u2013 jener Titel, der f\u00fcr ihn einst der Ausl\u00f6ser war, sich ernsthaft mit Schlagermusik zu besch\u00e4ftigen.<\/p>\n<p style=\"text-align: justify;\">Seinem augenzwinkernden \u201eVersprechen\u201c, ansonsten keine weiteren Cover-Titel zu singen, blieb er allerdings nicht ganz treu. Denn bereits beim n\u00e4chsten Song <strong data-start=\"2198\" data-end=\"2225\">\u201eH\u00f6r meinen Herzschlag\u201c<\/strong> handelt es sich um die deutsche Version des Blue-System-Hits <strong data-start=\"2287\" data-end=\"2310\">\u201eMy Bed Is Too Big\u201c<\/strong> von <span class=\"hover:entity-accent entity-underline inline cursor-pointer align-baseline\"><span class=\"whitespace-normal\">Blue System<\/span><\/span>.<\/p>\n<p style=\"text-align: justify;\">Der Weg von Norman Langen ist ohnehin eine bemerkenswerte Geschichte. Der gefeierte Popschlager-Star hat einen bodenst\u00e4ndigen Hintergrund: Er ist <strong data-start=\"2501\" data-end=\"2524\">gelernter Schwei\u00dfer<\/strong> und arbeitete einige Jahre lang sogar als <strong data-start=\"2567\" data-end=\"2586\">Sterbebegleiter<\/strong>. Heute geh\u00f6rt er l\u00e4ngst zu den <strong data-start=\"2618\" data-end=\"2688\">erfolgreichsten und best\u00e4ndigsten Popschlager-S\u00e4ngern Deutschlands<\/strong>.<\/p>\n<h2 style=\"text-align: justify;\" data-section-id=\"tl8t97\" data-start=\"2696\" data-end=\"2740\"><\/h2>\n<h2 style=\"text-align: justify;\" data-section-id=\"tl8t97\" data-start=\"2696\" data-end=\"2740\"><\/h2>\n<p style=\"text-align: justify;\" data-section-id=\"tl8t97\" data-start=\"2696\" data-end=\"2740\"><strong>Mitsing-Momente und neue Interpretationen<\/strong><\/p>\n<p>&nbsp;<\/p>\n<p style=\"text-align: justify;\">Im weiteren Verlauf griff Norman eine musikalische Idee auf, die vielen Schlagerfans sofort vertraut vorkam. Mit <strong data-start=\"2855\" data-end=\"2878\">\u201eVor Gl\u00fcck geweint\u201c<\/strong> pr\u00e4sentierte er seine &#8222;Referenz&#8220; an den Megahits \u201eAtemlos durch die Nacht\u201c von <span class=\"hover:entity-accent entity-underline inline cursor-pointer align-baseline\"><span class=\"whitespace-normal\">Helene Fischer.<\/span><\/span><\/p>\n<p style=\"text-align: justify;\">Mit <strong data-start=\"3062\" data-end=\"3103\">\u201eEin Schiff, das unsere Flagge tr\u00e4gt\u201c<\/strong> \u2013 von Norman selbst liebevoll als <strong data-start=\"3138\" data-end=\"3156\">\u201eFanclub-Lied\u201c<\/strong> bezeichnet \u2013 ging es anschlie\u00dfend mit eigenen Titeln weiter.<\/p>\n<p style=\"text-align: justify;\">Ein besonders emotionaler Moment folgte mit <strong data-start=\"3263\" data-end=\"3294\">\u201eEin Himmelbett ist einsam\u201c<\/strong> aus seinem ersten Album. Urspr\u00fcnglich ein Power-Schlager, pr\u00e4sentierte Norman den Song diesmal in einer gef\u00fchlvollen Balladen-Version.<\/p>\n<p style=\"text-align: justify;\">Doch der S\u00e4nger kommentierte diesen Moment gewohnt humorvoll. Schlie\u00dflich singt er im Lied von einem einsamen Himmelbett \u2013 eine Situation, die mit seinem eigenen Leben wenig zu tun hat. <em>\u201eIch erz\u00e4hle doch nur Geschichten\u201c,<\/em> meinte er verschmitzt. Tats\u00e4chlich ist <em>sein<\/em> Himmelbett schon seit \u00fcber zehn Jahren nicht mehr einsam.<\/p>\n<p style=\"text-align: justify;\">Mit <strong data-start=\"3766\" data-end=\"3795\">\u201eBis zum letzten Atemzug\u201c<\/strong> folgte einer seiner sch\u00f6nsten Songs, bevor er mit <strong data-start=\"3846\" data-end=\"3874\">\u201eIch w\u00e4hl\u2019 deine Nummer\u201c<\/strong> die erste Single aus dem Album <strong data-start=\"3906\" data-end=\"3921\">\u201eWunderbar\u201c<\/strong> pr\u00e4sentierte \u2013 produziert von <span class=\"hover:entity-accent entity-underline inline cursor-pointer align-baseline\"><span class=\"whitespace-normal\">Matthias Reim<\/span><\/span>.<\/p>\n<p style=\"text-align: justify;\">Nach <strong data-start=\"3999\" data-end=\"4035\">\u201eAm Ende lieben wir uns sowieso\u201c<\/strong> brachte Norman mit <strong data-start=\"4055\" data-end=\"4069\">\u201eSatellit\u201c<\/strong> seine aktuellste Single auf die B\u00fchne. Sein Ziel sei es gewesen, erkl\u00e4rte er, <strong data-start=\"4148\" data-end=\"4214\">Mallorca-Sound mit einem klassischen Schlagertext zu verbinden<\/strong>.<\/p>\n<h2 style=\"text-align: justify;\" data-section-id=\"4ac2ln\" data-start=\"4222\" data-end=\"4258\"><\/h2>\n<h2 style=\"text-align: justify;\" data-section-id=\"4ac2ln\" data-start=\"4222\" data-end=\"4258\"><\/h2>\n<p style=\"text-align: justify;\" data-section-id=\"4ac2ln\" data-start=\"4222\" data-end=\"4258\"><strong>Ein besonderer Gast auf der B\u00fchne<\/strong><\/p>\n<p>&nbsp;<\/p>\n<p style=\"text-align: justify;\">Stolz k\u00fcndigte Norman anschlie\u00dfend seinen Produzenten <span class=\"hover:entity-accent entity-underline inline cursor-pointer align-baseline\"><span class=\"whitespace-normal\">Tom Marquardt<\/span><\/span> an.<em> \u201eDas ist der Hit-Schreiber!\u201c<\/em> und <em>\u201eeine Koryph\u00e4e\u201c<\/em>, schw\u00e4rmte er.<\/p>\n<p style=\"text-align: justify;\">Gemeinsam pr\u00e4sentierten sie <strong data-start=\"4455\" data-end=\"4474\">\u201eDieses Gef\u00fchl\u201c<\/strong>, den Lieblingssong seines Managers Heiko Schulte-Siering: <strong data-start=\"4537\" data-end=\"4562\">\u201eUnser bester Sommer\u201c<\/strong>\u00a0 bevor es in die Pause ging.<\/p>\n<h2 style=\"text-align: justify;\" data-section-id=\"bmof70\" data-start=\"4624\" data-end=\"4665\"><\/h2>\n<h2 data-section-id=\"bmof70\" data-start=\"4624\" data-end=\"4665\"><\/h2>\n<p data-section-id=\"bmof70\" data-start=\"4624\" data-end=\"4665\"><strong>Emotionen, Humor und gro\u00dfe Geschichten<\/strong><\/p>\n<p>&nbsp;<\/p>\n<p style=\"text-align: justify;\">Den zweiten Programmteil des Abends er\u00f6ffnete Norman mit <strong data-start=\"4716\" data-end=\"4741\">\u201eEiner von Millionen\u201c<\/strong>.<\/p>\n<p style=\"text-align: justify;\">\u201eDankesch\u00f6n, dass ihr geblieben seid\u201c, begr\u00fc\u00dfte er das Publikum und f\u00fcgte lachend hinzu:<em> \u201eIch rede so, wie mir der Schnabel gewachsen ist \u2013 das ist nicht immer gut.\u201c<\/em><\/p>\n<p style=\"text-align: justify;\">Mit <strong data-start=\"4919\" data-end=\"4945\">\u201eFeuer in der Eiszeit\u201c<\/strong> brachte er anschlie\u00dfend einen Titel zur\u00fcck auf die B\u00fchne, den er lange nicht mehr gesungen hatte.<\/p>\n<p style=\"text-align: justify;\">Auch aus seiner Vergangenheit plauderte er offen: Vor seinem Casting bei der Castingshow <span class=\"hover:entity-accent entity-underline inline cursor-pointer align-baseline\"><span class=\"whitespace-normal\">Deutschland sucht den Superstar<\/span><\/span> im Jahr 2010 habe er sich eigentlich dr\u00fccken wollen. <em>\u201eIch wollte lieber mit meinem Vater zum Fr\u00fchschoppen als zum Casting\u201c,<\/em> gestand er lachend.<\/p>\n<p style=\"text-align: justify;\">Es folgte <strong data-start=\"5329\" data-end=\"5359\">\u201eWas w\u00e4r denn schon dabei\u201c<\/strong>, ein Song von <span class=\"hover:entity-accent entity-underline inline cursor-pointer align-baseline\"><span class=\"whitespace-normal\">Sebastian Wurth<\/span><\/span>, der urspr\u00fcnglich f\u00fcr <span class=\"hover:entity-accent entity-underline inline cursor-pointer align-baseline\"><span class=\"whitespace-normal\">Roland Kaiser<\/span><\/span> gedacht war \u2013 diesem aber letztlich \u201eetwas zu schl\u00fcpfrig\u201c erschien.<\/p>\n<p style=\"text-align: justify;\">Mit <strong data-start=\"5545\" data-end=\"5558\">\u201eYolanda\u201c<\/strong> brachte Norman anschlie\u00dfend seinen Sommerhit aus dem Jahr 2019 auf die B\u00fchne.<\/p>\n<h2 style=\"text-align: justify;\" data-section-id=\"14l61e3\" data-start=\"5643\" data-end=\"5675\"><\/h2>\n<h2 data-section-id=\"14l61e3\" data-start=\"5643\" data-end=\"5675\"><\/h2>\n<p data-section-id=\"14l61e3\" data-start=\"5643\" data-end=\"5675\"><strong>Ein Liebeslied f\u00fcr seine Frau<\/strong><\/p>\n<p>&nbsp;<\/p>\n<p style=\"text-align: justify;\">Ein besonders pers\u00f6nlicher Moment folgte mit <strong data-start=\"5722\" data-end=\"5738\">\u201eMein Engel\u201c<\/strong>, den Norman als <em>\u201eunsere Geschichte\u201c<\/em> bezeichnete. Den Titel widmete er seiner Frau Verena, mit der er inzwischen <strong data-start=\"5851\" data-end=\"5873\">im zehnten Ehejahr<\/strong> verheiratet ist.<\/p>\n<p style=\"text-align: justify;\">Die Emotionen des Abends fasste TV-Moderator <span class=\"hover:entity-accent entity-underline inline cursor-pointer align-baseline\"><span class=\"whitespace-normal\">Jan Kunath<\/span><\/span> treffend zusammen: \u201eEs war ein Abend voller Musik, Emotionen und unvergesslicher Momente. Besonders der zweite Teil hat mich total in deinen Bann gezogen. Die Sandmalerin, die eure gemeinsame Geschichte erz\u00e4hlt hat, war ganz gro\u00dfes Kino.\u201c<\/p>\n<p style=\"text-align: justify;\">Angesichts der vielen Gef\u00fchle, die ihn \u00fcbermannten, stellte Norman lachend eine Frage in den Raum: <em>\u201eIst das normal ab 40, dass man so emotional wird?\u201c.<\/em><\/p>\n<p>&nbsp;<\/p>\n<p>&nbsp;<\/p>\n<p>&nbsp;<\/p>\n<p><strong>Premiere und gro\u00dfes Finale<\/strong><\/p>\n<p>&nbsp;<\/p>\n<p style=\"text-align: justify;\">Da seine Duett-Partnerin <span class=\"hover:entity-accent entity-underline inline cursor-pointer align-baseline\"><span class=\"whitespace-normal\">Natalie Holzner<\/span><\/span> an diesem Abend nicht dabei sein konnte, sang er den Hit <strong data-start=\"6510\" data-end=\"6532\">\u201eBesser ohne Dich\u201c<\/strong> kurzerhand allein.<\/p>\n<p style=\"text-align: justify;\">Bei <strong data-start=\"6557\" data-end=\"6592\">\u201eWarum hast du nicht ja gesagt\u201c<\/strong> gab es f\u00fcr das Publikum sogar eine doppelte Portion \u2013 aufgrund kleiner technischer Probleme sang Norman den Song einfach noch einmal.<\/p>\n<p style=\"text-align: justify;\">Mit <strong data-start=\"6732\" data-end=\"6759\">\u201eDie Liebe schafft das\u201c<\/strong> pr\u00e4sentierte er au\u00dferdem eine <strong data-start=\"6790\" data-end=\"6812\">exklusive Premiere<\/strong>. Der Titel erscheint Ende M\u00e4rz, das dazugeh\u00f6rige Album ist bereits f\u00fcr <strong data-start=\"6884\" data-end=\"6899\">Januar 2027<\/strong> angek\u00fcndigt.<\/p>\n<p style=\"text-align: justify;\">Mit <strong data-start=\"6918\" data-end=\"6933\">\u201eWunderbar\u201c<\/strong> und <strong data-start=\"6938\" data-end=\"6978\">\u201eIch will mit dir am Abgrund stehen\u201c<\/strong> leitete Norman schlie\u00dflich das Finale ein \u2013 und bewies dabei auch sein Talent als T\u00e4nzer.<\/p>\n<p>&nbsp;<\/p>\n<p>&nbsp;<\/p>\n<p><strong>Ein Moment aus purem Gold<\/strong><\/p>\n<p>&nbsp;<\/p>\n<p>Nat\u00fcrlich durfte ein Song an diesem Abend nicht fehlen: <strong data-start=\"7161\" data-end=\"7177\">\u201ePures Gold\u201c<\/strong>, sein erster gro\u00dfer Hit aus dem Jahr 2011.<\/p>\n<p>In einer v\u00f6llig neuen Version pr\u00e4sentierte Norman diesen Klassiker \u2013 und sorgte f\u00fcr einen besonders emotionalen Moment, als er spontan seinen Sohn auf die B\u00fchne holte. F\u00fcr ihn sei sein Sohn schlie\u00dflich ebenfalls \u201epures Gold\u201c.<\/p>\n<p>&nbsp;<\/p>\n<p>&nbsp;<\/p>\n<p>&nbsp;<\/p>\n<p><strong>Zugaben, Boygroup-Medley und ein langer Abend f\u00fcr die Fans<\/strong><\/p>\n<p>&nbsp;<\/p>\n<p style=\"text-align: justify;\">Neben seinem B\u00fchnenjubil\u00e4um feierte Norman an diesem Abend noch ein weiteres: <strong data-start=\"7597\" data-end=\"7645\">14 Jahre Zusammenarbeit mit seinem Techniker<\/strong>. \u201eSeit 14 Jahren sind wir gemeinsam &#8218;on the road&#8216;. Er ist der gro\u00dfe Bruder, den ich nie hatte\u201c, sagte er sichtlich ger\u00fchrt.<\/p>\n<p style=\"text-align: justify;\">Seiner Frau Verena versicherte er au\u00dferdem: <em>\u201eIch lieb dich nach zehn Ehejahren noch mehr als zuvor\u201c,<\/em> bevor er den Abend mit <strong data-start=\"7848\" data-end=\"7871\">\u201eAu revoir, Ch\u00e9rie\u201c<\/strong> langsam ausklingen lie\u00df.<\/p>\n<p style=\"text-align: justify;\">Doch ohne Zugabe durfte das Publikum nat\u00fcrlich nicht nach Hause gehen. Zum Abschluss gab es ein <strong data-start=\"7994\" data-end=\"8013\">Boygroup-Medley<\/strong> mit Klassikern der 1990er-Jahre von <span class=\"hover:entity-accent entity-underline inline cursor-pointer align-baseline\"><span class=\"whitespace-normal\">Backstreet Boys<\/span><\/span>, <span class=\"hover:entity-accent entity-underline inline cursor-pointer align-baseline\"><span class=\"whitespace-normal\">NSYNC<\/span><\/span> und <span class=\"hover:entity-accent entity-underline inline cursor-pointer align-baseline\"><span class=\"whitespace-normal\">East 17<\/span><\/span> \u2013 darunter <strong data-start=\"8186\" data-end=\"8210\">\u201eI Want It That Way\u201c<\/strong>, <strong data-start=\"8212\" data-end=\"8252\">\u201eQuit Playing Games (With My Heart)\u201c<\/strong>, <strong data-start=\"8254\" data-end=\"8275\">\u201eI Want You Back\u201c<\/strong>, <strong data-start=\"8277\" data-end=\"8302\">\u201eTearin\u2019 Up My Heart\u201c<\/strong>, <strong data-start=\"8304\" data-end=\"8322\">\u201eIt\u2019s Alright\u201c<\/strong> und <strong data-start=\"8327\" data-end=\"8362\">\u201eEverybody (Backstreet\u2019s Back)\u201c<\/strong>.<\/p>\n<p>&nbsp;<\/p>\n<p>&nbsp;<\/p>\n<p><strong>Ein K\u00fcnstler ohne jegliche Starall\u00fcren<\/strong><\/p>\n<p>&nbsp;<\/p>\n<p style=\"text-align: justify;\">Was Norman Langen an diesem Abend erneut bewies: <strong data-start=\"8453\" data-end=\"8541\">Er ist nicht nur ein hervorragender Live-S\u00e4nger, sondern auch ein K\u00fcnstler mit Herz.<\/strong><\/p>\n<p style=\"text-align: justify;\">Mehr als <strong data-start=\"8552\" data-end=\"8576\">zwei Stunden Konzert<\/strong> \u2013 und danach noch Zeit f\u00fcr seine Fans: <strong data-start=\"8616\" data-end=\"8650\">Bis weit nach 01:00 Uhr nachts<\/strong> schrieb er Autogramme, machte Selfies und f\u00fchrte kurze Gespr\u00e4che.<\/p>\n<p style=\"text-align: justify;\">Divenhaftigkeit ist ihm v\u00f6llig fremd. Genau das macht ihn so beliebt \u2013 bei Fans ebenso wie bei Veranstaltern.<\/p>\n<p style=\"text-align: justify;\">Am Ende bleibt nur, den Worten von Jan Kunath zuzustimmen: &#8222;Es war ein Abend voller Musik, Emotionen und unvergesslicher Momente.&#8220;<\/p>\n<p style=\"text-align: justify;\">Und auch s<em>mago!<\/em> sagt (und schreibt): &#8222;Danke, Norman !!!&#8220;.<\/p>\n","protected":false},"excerpt":{"rendered":"<p>Seine Reise begann 2011 bei &#8222;Deutschland sucht den Superstar&#8220;! Zum echten Konzertk\u00fcnstler gereift, feierte er am 07.03.2026 mit \u00fcber 1.000<\/p>\n","protected":false},"author":2,"featured_media":256892,"comment_status":"open","ping_status":"closed","sticky":false,"template":"","format":"standard","meta":{"_FSMCFIC_featured_image_caption":"","_FSMCFIC_featured_image_nocaption":"","_FSMCFIC_featured_image_hide":""},"categories":[28,39],"tags":[759],"acf":[],"_links":{"self":[{"href":"https:\/\/smago.de\/ws2\/wp-json\/wp\/v2\/posts\/256994"}],"collection":[{"href":"https:\/\/smago.de\/ws2\/wp-json\/wp\/v2\/posts"}],"about":[{"href":"https:\/\/smago.de\/ws2\/wp-json\/wp\/v2\/types\/post"}],"author":[{"embeddable":true,"href":"https:\/\/smago.de\/ws2\/wp-json\/wp\/v2\/users\/2"}],"replies":[{"embeddable":true,"href":"https:\/\/smago.de\/ws2\/wp-json\/wp\/v2\/comments?post=256994"}],"version-history":[{"count":4,"href":"https:\/\/smago.de\/ws2\/wp-json\/wp\/v2\/posts\/256994\/revisions"}],"predecessor-version":[{"id":256998,"href":"https:\/\/smago.de\/ws2\/wp-json\/wp\/v2\/posts\/256994\/revisions\/256998"}],"wp:featuredmedia":[{"embeddable":true,"href":"https:\/\/smago.de\/ws2\/wp-json\/wp\/v2\/media\/256892"}],"wp:attachment":[{"href":"https:\/\/smago.de\/ws2\/wp-json\/wp\/v2\/media?parent=256994"}],"wp:term":[{"taxonomy":"category","embeddable":true,"href":"https:\/\/smago.de\/ws2\/wp-json\/wp\/v2\/categories?post=256994"},{"taxonomy":"post_tag","embeddable":true,"href":"https:\/\/smago.de\/ws2\/wp-json\/wp\/v2\/tags?post=256994"}],"curies":[{"name":"wp","href":"https:\/\/api.w.org\/{rel}","templated":true}]}}