{"id":256985,"date":"2026-03-08T00:00:14","date_gmt":"2026-03-07T23:00:14","guid":{"rendered":"https:\/\/smago.de\/ws2\/?p=256985"},"modified":"2026-03-08T13:26:02","modified_gmt":"2026-03-08T12:26:02","slug":"michael-korn-mit-dem-country-song-grad-schee-wias-is-feiert-er-sein-60-jaehriges-buehnenjubilaeum","status":"publish","type":"post","link":"https:\/\/smago.de\/ws2\/schlager\/michael-korn-mit-dem-country-song-grad-schee-wias-is-feiert-er-sein-60-jaehriges-buehnenjubilaeum\/","title":{"rendered":"MICHAEL KORN <br>Mit dem Country-Song &#8222;Grad schee wias is&#8220; feiert er sein 60-j\u00e4hriges B\u00fchnenjubil\u00e4um!"},"content":{"rendered":"<p>Der Song beschreibt, dass es Dinge gibt, die man eigentlich nicht \u00e4ndern sollte, weil sie dann nur \u201everschlimmbessert\u201c werden &#8230;:<br \/>\n<!--more--><\/p>\n<p>&nbsp;<\/p>\n<p>&nbsp;<\/p>\n<p style=\"text-align: justify;\">Passend zum B\u00fchnenjubil\u00e4um (60 Jahre !) bringt der musikalische Tausendsassa (Musiker, S\u00e4nger, Produzent und Musikschulleiter) MICHAEL KORN eine neue Produktion auf den Markt, die es in sich hat.<\/p>\n<p style=\"text-align: justify;\">Zum ersten Mal vereint er seine bayerische Heimat mit volkst\u00fcmlichem Schlager und seinem heimlichen Faible f\u00fcr Country-Musik. Zusammen mit seinem Freund und Kollegen Rainer Kern (Lanzer, Spassmaschine, Kern Brothers) an der Gitarre entstand dieses tolle Crossover.<\/p>\n<p style=\"text-align: justify;\">\u201eGrad schee wias is\u201c \u2013 der Song-Titel beschreibt schon, dass es Dinge gibt, die man eigentlich nicht \u00e4ndern sollte, weil sie dann nur \u201everschlimmbessert\u201c werden. Seien es \u00e4ltere Lebensr\u00e4ume und die gewachsene Natur, oder auch der eigene K\u00f6rper und das nat\u00fcrliche Aussehen, manchmal ist halt weniger mehr!<\/p>\n<p style=\"text-align: justify;\">Es zeigt aber auch die Bodenst\u00e4ndigkeit und Zufriedenheit des K\u00fcnstlers mit den kleinen Dingen des Lebens, verpackt in einem Song, der sofort zum Tanzen und Mitsingen animiert \u2013 grad schee wias halt is &#8230;<\/p>\n","protected":false},"excerpt":{"rendered":"<p>Der Song beschreibt, dass es Dinge gibt, die man eigentlich nicht \u00e4ndern sollte, weil sie dann nur \u201everschlimmbessert\u201c werden &#8230;:<\/p>\n","protected":false},"author":2,"featured_media":256986,"comment_status":"open","ping_status":"closed","sticky":false,"template":"","format":"standard","meta":{"_FSMCFIC_featured_image_caption":"","_FSMCFIC_featured_image_nocaption":"","_FSMCFIC_featured_image_hide":""},"categories":[29],"tags":[5025],"acf":[],"_links":{"self":[{"href":"https:\/\/smago.de\/ws2\/wp-json\/wp\/v2\/posts\/256985"}],"collection":[{"href":"https:\/\/smago.de\/ws2\/wp-json\/wp\/v2\/posts"}],"about":[{"href":"https:\/\/smago.de\/ws2\/wp-json\/wp\/v2\/types\/post"}],"author":[{"embeddable":true,"href":"https:\/\/smago.de\/ws2\/wp-json\/wp\/v2\/users\/2"}],"replies":[{"embeddable":true,"href":"https:\/\/smago.de\/ws2\/wp-json\/wp\/v2\/comments?post=256985"}],"version-history":[{"count":4,"href":"https:\/\/smago.de\/ws2\/wp-json\/wp\/v2\/posts\/256985\/revisions"}],"predecessor-version":[{"id":256991,"href":"https:\/\/smago.de\/ws2\/wp-json\/wp\/v2\/posts\/256985\/revisions\/256991"}],"wp:featuredmedia":[{"embeddable":true,"href":"https:\/\/smago.de\/ws2\/wp-json\/wp\/v2\/media\/256986"}],"wp:attachment":[{"href":"https:\/\/smago.de\/ws2\/wp-json\/wp\/v2\/media?parent=256985"}],"wp:term":[{"taxonomy":"category","embeddable":true,"href":"https:\/\/smago.de\/ws2\/wp-json\/wp\/v2\/categories?post=256985"},{"taxonomy":"post_tag","embeddable":true,"href":"https:\/\/smago.de\/ws2\/wp-json\/wp\/v2\/tags?post=256985"}],"curies":[{"name":"wp","href":"https:\/\/api.w.org\/{rel}","templated":true}]}}