{"id":256976,"date":"2026-03-07T23:59:18","date_gmt":"2026-03-07T22:59:18","guid":{"rendered":"https:\/\/smago.de\/ws2\/?p=256976"},"modified":"2026-03-07T13:14:26","modified_gmt":"2026-03-07T12:14:26","slug":"duo-franken-express-komm-lass-uns-tanzen-geht-direkt-in-die-beine","status":"publish","type":"post","link":"https:\/\/smago.de\/ws2\/pop-schlager\/duo-franken-express-komm-lass-uns-tanzen-geht-direkt-in-die-beine\/","title":{"rendered":"DUO FRANKEN EXPRESS <br>&#8222;Komm lass uns tanzen&#8220; geht direkt in die Beine!"},"content":{"rendered":"<p>Zudem gilt es, das 20-j\u00e4hrige Jubil\u00e4um des Duos zu feiern!<br \/>\n<!--more--><\/p>\n<p>&nbsp;<\/p>\n<p style=\"text-align: justify;\">\n<p style=\"text-align: justify;\">Das DUO FRANKEN EXPRESS meldet sich, p\u00fcnktlich zum 20-j\u00e4hrigen Jubil\u00e4um, mit einem neuen Song, der ein echter Ohrwurm ist und zu Tr\u00e4umen in die Vergangenheit einl\u00e4dt, zur\u00fcck.<\/p>\n<p style=\"text-align: justify;\">Die Ver\u00f6ffentlichung erfolgte am 06.03.2026 via FE RECORDS.<\/p>\n<p style=\"text-align: justify;\">\n<p style=\"text-align: justify;\">\n<p style=\"text-align: justify;\">***<\/p>\n<p style=\"text-align: justify;\">\n<p style=\"text-align: justify;\">\n<p style=\"text-align: justify;\">Mit ihrer neuen Single \u201eKomm lass uns tanzen\u201c pr\u00e4sentieren DUO FRANKEN EXPRESS einen modernen Schlager voller Gef\u00fchl, Rhythmus und guter Laune. Das sympathische Duo Andy &amp; Markus liefert einen eing\u00e4ngigen Titel, der sofort ins Ohr geht und zum Mitsingen, Tanzen und Tr\u00e4umen einl\u00e4dt.<\/p>\n<p style=\"text-align: justify;\">Der Song erz\u00e4hlt von einer Reise in die Vergangenheit \u2013 von Erinnerungen an die erste Begegnung, das Kribbeln der ersten Liebe und die besonderen Momente, die man nie vergisst. Verpackt in einen modernen Schlager-Sound mit tanzbarem Beat, entsteht ein echter Ohrwurm, der sowohl auf der Tanzfl\u00e4che als auch im Radio begeistert.<\/p>\n<p style=\"text-align: justify;\">\u201eKomm lass uns tanzen\u201c verbindet nostalgische Gef\u00fchle mit frischer Schlagerenergie und passt perfekt zum Jubil\u00e4umsjahr vom Duo Franken Express.<\/p>\n<p style=\"text-align: justify;\">\n<h3 class=\"product-header\" style=\"text-align: justify;\"><\/h3>\n","protected":false},"excerpt":{"rendered":"<p>Zudem gilt es, das 20-j\u00e4hrige Jubil\u00e4um des Duos zu feiern!<\/p>\n","protected":false},"author":2,"featured_media":256977,"comment_status":"open","ping_status":"closed","sticky":false,"template":"","format":"standard","meta":{"_FSMCFIC_featured_image_caption":"","_FSMCFIC_featured_image_nocaption":"","_FSMCFIC_featured_image_hide":""},"categories":[28],"tags":[5024],"acf":[],"_links":{"self":[{"href":"https:\/\/smago.de\/ws2\/wp-json\/wp\/v2\/posts\/256976"}],"collection":[{"href":"https:\/\/smago.de\/ws2\/wp-json\/wp\/v2\/posts"}],"about":[{"href":"https:\/\/smago.de\/ws2\/wp-json\/wp\/v2\/types\/post"}],"author":[{"embeddable":true,"href":"https:\/\/smago.de\/ws2\/wp-json\/wp\/v2\/users\/2"}],"replies":[{"embeddable":true,"href":"https:\/\/smago.de\/ws2\/wp-json\/wp\/v2\/comments?post=256976"}],"version-history":[{"count":2,"href":"https:\/\/smago.de\/ws2\/wp-json\/wp\/v2\/posts\/256976\/revisions"}],"predecessor-version":[{"id":256979,"href":"https:\/\/smago.de\/ws2\/wp-json\/wp\/v2\/posts\/256976\/revisions\/256979"}],"wp:featuredmedia":[{"embeddable":true,"href":"https:\/\/smago.de\/ws2\/wp-json\/wp\/v2\/media\/256977"}],"wp:attachment":[{"href":"https:\/\/smago.de\/ws2\/wp-json\/wp\/v2\/media?parent=256976"}],"wp:term":[{"taxonomy":"category","embeddable":true,"href":"https:\/\/smago.de\/ws2\/wp-json\/wp\/v2\/categories?post=256976"},{"taxonomy":"post_tag","embeddable":true,"href":"https:\/\/smago.de\/ws2\/wp-json\/wp\/v2\/tags?post=256976"}],"curies":[{"name":"wp","href":"https:\/\/api.w.org\/{rel}","templated":true}]}}