{"id":256971,"date":"2026-03-08T00:00:18","date_gmt":"2026-03-07T23:00:18","guid":{"rendered":"https:\/\/smago.de\/ws2\/?p=256971"},"modified":"2026-03-07T13:07:07","modified_gmt":"2026-03-07T12:07:07","slug":"ronny-krappmann-verzeih-dir-ist-die-aktuelle-single-aus-seinem-comeback-album-am-ende-bleibt-der-anfang","status":"publish","type":"post","link":"https:\/\/smago.de\/ws2\/pop-schlager\/ronny-krappmann-verzeih-dir-ist-die-aktuelle-single-aus-seinem-comeback-album-am-ende-bleibt-der-anfang\/","title":{"rendered":"RONNY KRAPPMANN <br>&#8222;Verzeih dir&#8220; ist die aktuelle Single aus seinem Comeback-Album \u201eAm Ende bleibt der Anfang\u201c!"},"content":{"rendered":"<p>Ein Lied, das ermuntern soll, alte Muster hinter sich zu lassen und die starken Seiten der eigenen Pers\u00f6nlichkeit in den Fokus zu r\u00fccken!<!--more--><\/p>\n<p>&nbsp;<\/p>\n<p style=\"text-align: justify;\">\n<p style=\"text-align: justify;\">Am 06.03.2026 wurde die neue RONNY KRAPPMANN Single \u201eVerzeih dir\u201c \u2013 eine Auskopplung aus dem am 20.06.2025 erschienenen Comeback-Album \u201eAm Ende bleibt der Anfang\u201c \u2013 ver\u00f6ffentlicht.<\/p>\n<p style=\"text-align: justify;\">Ein Song, der mit seinen positiven Vibes perfekt in jede gute Radiosendung und zum st\u00e4rkenden, erwachenden Fr\u00fchling passt. Ein Lied, das ermuntern soll, alte Muster hinter sich zu lassen und die starken Seiten der eigenen Pers\u00f6nlichkeit in den Fokus zu r\u00fccken. Aufbruchsstimmung mit der versteckten Botschaft, das Leben zu genie\u00dfen und die Umwege als Chance zu begreifen, um Neues zu entdecken.<\/p>\n<p style=\"text-align: justify;\">Ronny Krappmann, der Flei\u00dfige, Ausdauernde und Vielseitige unter den K\u00fcnstlern wei\u00df genau, wovon er singt \u2013 oder spricht. Denn wenn er auf der B\u00fchne steht, verbindet er oft und gern das eine mit dem anderen. So kann man den sympathischen Dresdner ab dem 20.03.2026 auch bei seiner ersten Sprecherrolle f\u00fcr die Kult- H\u00f6rspielreihe \u201eDie drei ???\u201c Folge 238 mit dem Titel \u201eFalsche Schuld\u201c h\u00f6ren oder ihn u.a. am 25.03.2026 als Erz\u00e4hler des St\u00fcckes \u201eKrabat\u201c \u2013 Schwarze Magie in Sand gemalt \u2013 mit den beliebten Sandartisten im Boulevardtheater Dresden erleben. Projekte, die fordern und den Horizont erweitern. Ebenso wie seine musikalische Handschrift es mit \u201eVerzeih dir\u201c zu tun vermag, die zudem Lust darauf macht, sich auch die anfangs erw\u00e4hnte Album-CD mal ein bisschen n\u00e4her zu betrachten\u2026<\/p>\n<p style=\"text-align: justify;\">\n<p>&nbsp;<\/p>\n<p>&nbsp;<\/p>\n<p style=\"text-align: justify;\"><strong>Aktuelle Termine:<\/strong><\/p>\n<p style=\"text-align: justify;\">\n<p>19.03.2026 19.30 Uhr. \u201cDer kleine Prinz\u201c B\u00fcrgergarten Stollberg<br \/>\n22.03.2026 14.00 Uhr \u201eDer kleine Prinz\u201c Kabarett SanftWut Leipzig<br \/>\n25.03.2026 19.30 Uhr \u201eKrabat\u201c Boulevardtheater Dresden<br \/>\n23.05.2026 20.00 Uhr \u201eKrabat\u201c Kabarett SanftWut Leipzig<br \/>\n14.08.1026 19.30 Uhr \u201eKrabat\u201c Boulevardtheater Dresden<br \/>\n12.12.2026 11.00 Uhr \u201eA Christmas Carol\u201c Boulevardtheater Dresden<br \/>\n26.12.2026 19.30 Uhr \u201eA Christmas Carol\u201c Boulevardtheater Dresden<br \/>\n27.12.2026 19.30 Uhr. &#8222;Der kleine Prinz\u201c Boulevardtheater Dresden<\/p>\n<p>&nbsp;<\/p>\n<p>&nbsp;<\/p>\n<p>Bitte beachten Sie auch <strong><a href=\"http:\/\/www.ronny-krappmann.de\">www.ronny-krappmann.de<\/a><\/strong>!<\/p>\n","protected":false},"excerpt":{"rendered":"<p>Ein Lied, das ermuntern soll, alte Muster hinter sich zu lassen und die starken Seiten der eigenen Pers\u00f6nlichkeit in den<\/p>\n","protected":false},"author":2,"featured_media":256973,"comment_status":"open","ping_status":"closed","sticky":false,"template":"","format":"standard","meta":{"_FSMCFIC_featured_image_caption":"","_FSMCFIC_featured_image_nocaption":"","_FSMCFIC_featured_image_hide":""},"categories":[28,39],"tags":[4130],"acf":[],"_links":{"self":[{"href":"https:\/\/smago.de\/ws2\/wp-json\/wp\/v2\/posts\/256971"}],"collection":[{"href":"https:\/\/smago.de\/ws2\/wp-json\/wp\/v2\/posts"}],"about":[{"href":"https:\/\/smago.de\/ws2\/wp-json\/wp\/v2\/types\/post"}],"author":[{"embeddable":true,"href":"https:\/\/smago.de\/ws2\/wp-json\/wp\/v2\/users\/2"}],"replies":[{"embeddable":true,"href":"https:\/\/smago.de\/ws2\/wp-json\/wp\/v2\/comments?post=256971"}],"version-history":[{"count":2,"href":"https:\/\/smago.de\/ws2\/wp-json\/wp\/v2\/posts\/256971\/revisions"}],"predecessor-version":[{"id":256975,"href":"https:\/\/smago.de\/ws2\/wp-json\/wp\/v2\/posts\/256971\/revisions\/256975"}],"wp:featuredmedia":[{"embeddable":true,"href":"https:\/\/smago.de\/ws2\/wp-json\/wp\/v2\/media\/256973"}],"wp:attachment":[{"href":"https:\/\/smago.de\/ws2\/wp-json\/wp\/v2\/media?parent=256971"}],"wp:term":[{"taxonomy":"category","embeddable":true,"href":"https:\/\/smago.de\/ws2\/wp-json\/wp\/v2\/categories?post=256971"},{"taxonomy":"post_tag","embeddable":true,"href":"https:\/\/smago.de\/ws2\/wp-json\/wp\/v2\/tags?post=256971"}],"curies":[{"name":"wp","href":"https:\/\/api.w.org\/{rel}","templated":true}]}}