{"id":254965,"date":"2026-01-31T09:51:48","date_gmt":"2026-01-31T08:51:48","guid":{"rendered":"https:\/\/smago.de\/ws2\/?p=254965"},"modified":"2026-01-31T09:51:48","modified_gmt":"2026-01-31T08:51:48","slug":"ich-bin-ein-star-holt-mich-hier-raus-ibes-holt-doppelten-primetime-sieg-am-30-01-2026","status":"publish","type":"post","link":"https:\/\/smago.de\/ws2\/smago-informiert\/ich-bin-ein-star-holt-mich-hier-raus-ibes-holt-doppelten-primetime-sieg-am-30-01-2026\/","title":{"rendered":"&#8222;ICH BIN EIN STAR \u2013 HOLT MICH HIER RAUS!&#8220; <br>IBES holt doppelten Primetime-Sieg am 30.01.2026!"},"content":{"rendered":"<p>&#8222;Die Stunde danach&#8220; mit bestem Wert seit 2024!<!--more--><\/p>\n<p>&nbsp;<\/p>\n<p style=\"text-align: justify;\">\n<p style=\"text-align: justify;\">Der Dschungel dominiert auch am Donnerstagabend das TV-Geschehen. &#8222;Ich bin ein Star \u2013 Holt mich hier raus!&#8220; erreichte mit der aktuellen Folge 3,95 Millionen Zuschauer ab 3 Jahren. In der Spitze waren bis zu 4,41 Millionen dabei.<\/p>\n<p>In der Zielgruppe der 14- bis 59-J\u00e4hrigen kam die Show auf 27,4 Prozent Marktanteil. Damit war IBES beim Gesamtpublikum und bei 14-59 st\u00e4rker als am Vortag und bei 14-59 zudem st\u00e4rker als Folge 8 im Vorjahr. Bei den 14- bis 49-J\u00e4hrigen erzielte das Dschungelcamp 31,4 Prozent Marktanteil. RTL sicherte sich damit die Marktf\u00fchrerschaft in der Primetime in beiden Zielgruppen.<\/p>\n<p>Am Ende der gestrigen Live-Show erhielt Nicole die wenigsten Anrufe und musste den Dschungel verlassen.<\/p>\n<p style=\"text-align: justify;\">Auch nach dem Camp blieb das Interesse sehr hoch: &#8222;Ich bin ein Star \u2013 Holt mich hier raus! Die Stunde danach&#8220; kam auf sehr starke 26,4 Prozent Marktanteil bei den 14- bis 59-J\u00e4hrigen sowie hervorragende 30,5 Prozent bei den 14- bis 49-J\u00e4hrigen. Das entspricht nicht nur neuen Staffelbestwerten; bei 14-59 liegt hier sogar der beste Wert seit 2024 vor. Den Talk verfolgten 2,24 Millionen Zuschauer, was dem zweitst\u00e4rksten Staffelwert beim Gesamtpublikum entspricht.<\/p>\n<p style=\"text-align: justify;\">RTL erzielte am Donnerstag einen Tagesmarktanteil von 18,9 Prozent bei den 14- bis 49-J\u00e4hrigen und belegte damit ebenfalls Platz 1 im TV-Markt.<\/p>\n<p style=\"text-align: justify;\">Heute Abend (31.01.2026) um 20:15 Uhr zeigen RTL und RTL+ die 9. Live-Show von &#8222;Ich bin ein Star \u2013 Holt mich hier raus!&#8220;. Um 22:30 Uhr folgt &#8222;Ich bin ein Star \u2013 Die Stunde danach&#8220;.<\/p>\n<p style=\"text-align: justify;\">\n<p>&nbsp;<\/p>\n<p><em>Quelle f\u00fcr die TV-Quoten: AGF \/ GfK \/ DAP AGF SCOPE \/ RTL DATA \/ vorl. gew. \/ Stand: 31.01.2026<\/em><\/p>\n<p>&nbsp;<\/p>\n<p>&nbsp;<\/p>\n<figure id=\"attachment_254966\" aria-describedby=\"caption-attachment-254966\" style=\"width: 800px\" class=\"wp-caption alignnone\"><img decoding=\"async\" loading=\"lazy\" class=\"size-large wp-image-254966\" src=\"https:\/\/smago.de\/ws2\/wp-content\/uploads\/2026\/01\/5B8C9-3-800x450.jpg\" alt=\"\" width=\"800\" height=\"450\" srcset=\"https:\/\/smago.de\/ws2\/wp-content\/uploads\/2026\/01\/5B8C9-3-800x450.jpg 800w, https:\/\/smago.de\/ws2\/wp-content\/uploads\/2026\/01\/5B8C9-3-522x294.jpg 522w, https:\/\/smago.de\/ws2\/wp-content\/uploads\/2026\/01\/5B8C9-3-267x150.jpg 267w, https:\/\/smago.de\/ws2\/wp-content\/uploads\/2026\/01\/5B8C9-3-768x432.jpg 768w, https:\/\/smago.de\/ws2\/wp-content\/uploads\/2026\/01\/5B8C9-3-1536x864.jpg 1536w, https:\/\/smago.de\/ws2\/wp-content\/uploads\/2026\/01\/5B8C9-3-392x221.jpg 392w, https:\/\/smago.de\/ws2\/wp-content\/uploads\/2026\/01\/5B8C9-3-130x73.jpg 130w, https:\/\/smago.de\/ws2\/wp-content\/uploads\/2026\/01\/5B8C9-3-791x445.jpg 791w, https:\/\/smago.de\/ws2\/wp-content\/uploads\/2026\/01\/5B8C9-3-870x489.jpg 870w, https:\/\/smago.de\/ws2\/wp-content\/uploads\/2026\/01\/5B8C9-3-292x164.jpg 292w, https:\/\/smago.de\/ws2\/wp-content\/uploads\/2026\/01\/5B8C9-3-435x245.jpg 435w, https:\/\/smago.de\/ws2\/wp-content\/uploads\/2026\/01\/5B8C9-3-895x503.jpg 895w, https:\/\/smago.de\/ws2\/wp-content\/uploads\/2026\/01\/5B8C9-3.jpg 1920w\" sizes=\"(max-width: 800px) 100vw, 800px\" \/><figcaption id=\"caption-attachment-254966\" class=\"wp-caption-text\"><em>Ariel zeigt einmal mehr ihre vielen Facetten: Eben noch kitzelt sie den schlafenden Umut mit einem Grashalm, kurz darauf zieht sie mit Samira Richtung Toilette, bereit f\u00fcr eine ordentliche L\u00e4sterattacke.<\/em><\/p>\n<p><em>Foto-Credit: RTL<\/em><\/p>\n<p><em>Bitte beachten Sie auch <strong><a href=\"http:\/\/www.rtlplus.de\">RTL+<\/a><\/strong>!<\/em><\/figcaption><\/figure>\n","protected":false},"excerpt":{"rendered":"<p>&#8222;Die Stunde danach&#8220; mit bestem Wert seit 2024!<\/p>\n","protected":false},"author":2,"featured_media":254966,"comment_status":"open","ping_status":"closed","sticky":false,"template":"","format":"standard","meta":{"_FSMCFIC_featured_image_caption":"","_FSMCFIC_featured_image_nocaption":"","_FSMCFIC_featured_image_hide":""},"categories":[33,128],"tags":[758],"acf":[],"_links":{"self":[{"href":"https:\/\/smago.de\/ws2\/wp-json\/wp\/v2\/posts\/254965"}],"collection":[{"href":"https:\/\/smago.de\/ws2\/wp-json\/wp\/v2\/posts"}],"about":[{"href":"https:\/\/smago.de\/ws2\/wp-json\/wp\/v2\/types\/post"}],"author":[{"embeddable":true,"href":"https:\/\/smago.de\/ws2\/wp-json\/wp\/v2\/users\/2"}],"replies":[{"embeddable":true,"href":"https:\/\/smago.de\/ws2\/wp-json\/wp\/v2\/comments?post=254965"}],"version-history":[{"count":1,"href":"https:\/\/smago.de\/ws2\/wp-json\/wp\/v2\/posts\/254965\/revisions"}],"predecessor-version":[{"id":254967,"href":"https:\/\/smago.de\/ws2\/wp-json\/wp\/v2\/posts\/254965\/revisions\/254967"}],"wp:featuredmedia":[{"embeddable":true,"href":"https:\/\/smago.de\/ws2\/wp-json\/wp\/v2\/media\/254966"}],"wp:attachment":[{"href":"https:\/\/smago.de\/ws2\/wp-json\/wp\/v2\/media?parent=254965"}],"wp:term":[{"taxonomy":"category","embeddable":true,"href":"https:\/\/smago.de\/ws2\/wp-json\/wp\/v2\/categories?post=254965"},{"taxonomy":"post_tag","embeddable":true,"href":"https:\/\/smago.de\/ws2\/wp-json\/wp\/v2\/tags?post=254965"}],"curies":[{"name":"wp","href":"https:\/\/api.w.org\/{rel}","templated":true}]}}