{"id":254949,"date":"2026-01-31T00:00:35","date_gmt":"2026-01-30T23:00:35","guid":{"rendered":"https:\/\/smago.de\/ws2\/?p=254949"},"modified":"2026-01-30T22:26:48","modified_gmt":"2026-01-30T21:26:48","slug":"wincent-weiss-sa-31-01-2026-das-erste-ard-klein-gegen-gross-das-unglaubliche-duell","status":"publish","type":"post","link":"https:\/\/smago.de\/ws2\/pop\/wincent-weiss-sa-31-01-2026-das-erste-ard-klein-gegen-gross-das-unglaubliche-duell\/","title":{"rendered":"WINCENT WEISS <br>Sa., 31.01.2026, Das Erste \/ ARD: &#8222;Klein gegen Gro\u00df &#8211; Das unglaubliche Duell&#8220;!"},"content":{"rendered":"<p style=\"text-align: justify;\">&#8222;Spiel und Spa\u00df mit Kai Pflaume&#8220; \/\/ 20:15 Uhr &#8211; 23:30 Uhr!<br \/>\n<!--more--><\/p>\n<p style=\"text-align: justify;\">\n<div class=\"text small\">\n<p class=\"text small\" style=\"text-align: justify;\">In einer neuen Folge \u201eKlein gegen\u00a0Gro\u00df &#8211; das unglaubliche Duell\u201c l\u00e4dt Moderator Kai Pflaume wieder prominente K\u00f6nner dazu ein, sich in zehn packenden Duellen den Herausforderungen der talentierten Kids zu stellen. Mit dabei sind diesmal unter anderem Katarina Witt, Sebastian Pufpaff, Wincent Weiss, Till Reiners, Franziska van Almsick, Dirk Steffens, Marie-Louise Finck, \u201eNinja Warrior\u201c Philipp G\u00f6thert und\u00a0Adele Neuhauser.<\/p>\n<p class=\"text small\" style=\"text-align: justify;\">Mit gerade einmal 14 Jahren sicherte sich Franziska van Almsick bei den Olympischen Spielen 1992 zweimal Silber und zweimal Bronze im Freistilschwimmen und sie brach in ihrer Karriere mehrere Weltrekorde im Freistil. Jetzt wird die Ausnahme-Schwimmerin zum Duell gefordert und muss ihr K\u00f6nnen im \u201eKlein gegen\u00a0Gro\u00df\u201c-Schwimmbecken erneut unter Beweis stellen.<\/p>\n<div class=\"clearMe\" style=\"text-align: justify;\">In ihrer Rolle als \u201eTatort\u201c-Kommissarin Bibi Fellner hat Adele Neuhauser wenig Zeit f\u00fcr gem\u00fctliche Kaffeekr\u00e4nzchen. Privat ist die Wienerin aber eine gro\u00dfe Verfechterin der traditionellen Kaffeehaus-Kultur. Im Duell mit Chiara (11) stellt sich nun die Frage, welches Wiener Madl die klassischen Kaffeeh\u00e4user besser anhand eines Auszugs ihrer Getr\u00e4nkekarte erkennt.<\/div>\n<p class=\"text small\" style=\"text-align: justify;\">Nach \u201eBescheidenheit\u201c (2019), \u201eFlamingos am Kotti\u201c (2021) und \u201eMein Italien\u201c (2023) ist Till Reiners derzeit mit seinem neuen Programm \u201eDas ist alles Teil der Show\u201c auf Tour und widmet sich dem, was er am meisten liebt: Live-Stand-up-Comedy. Doch zuvor muss der geb\u00fcrtige Duisburger seine Comedy-Kenntnisse auffrischen, wenn Theodor (11) ihn zum Sketche-Duell fordert. Wer erkennt mehr ber\u00fchmte Sketche nur anhand eines kurzen Ausschnitts?<\/p>\n<p class=\"text small\" style=\"text-align: justify;\">Gerade erst meldete sich Sebastian Pufpaff mit neuen Folgen der von ihm moderierten Neuauflage von \u201eTV total\u201c zur\u00fcck. Am sogenannten &#8222;Nippelboard&#8220; hat er das Steuer in der Hand. Ob das bei \u201eKlein gegen\u00a0Gro\u00df\u201c genauso ist, bleibt abzuwarten. Der Entertainer duelliert sich mit dem erst neunj\u00e4hrigen Kurt aus Sachsen und muss Autokennzeichen aus Deutschland, \u00d6sterreich und der Schweiz ihrer entsprechenden Stadt oder dem zugeh\u00f6rigen Landkreis zuordnen.<\/p>\n<p class=\"text small\" style=\"text-align: justify;\">Katarina Witt erk\u00e4mpfte sich in ihrer Karriere nicht nur sechs EM- und vier WM-Goldmedaillen, sie ist als zweifache Olympiasiegerin im Eiskunstlaufen in die deutsche Sportgeschichte eingegangen. Wie gut sie sich an die K\u00fcren anderer Goldmedaillen-Gewinner erinnert, wird sich zeigen, wenn sie bei \u201eKlein gegen\u00a0Gro\u00df\u201c zum Eislauf-Spuren-Duell gegen die zehnj\u00e4hrige Fiorella antritt.<\/p>\n<p class=\"text small\" style=\"text-align: justify;\">Auch Marie-Louise Finck alias Miss Quiz stellt sich einer \u201eKlein gegen\u00a0Gro\u00df\u201c-Herausforderung. Als festes Mitglied des ARD-\u201eQuizduell Olymp\u201c hat die gelernte Staatsanw\u00e4ltin viel Erfahrung mit Duell-Situationen. Wie gut sie sich aber mit Stra\u00dfennetzen einzelner L\u00e4nder auskennt, zeigt sich, wenn sie im \u201eKlein gegen\u00a0Gro\u00df\u201c-Studio auf Noah (10) trifft.<\/p>\n<p class=\"text small\" style=\"text-align: justify;\">F\u00fcr seine Wissenschaftsformate bereiste er in den vergangenen Jahrzehnten mehr als 120 L\u00e4nder auf allen Kontinenten. Jetzt wird der Journalist und GEO-Moderator Dirk Steffens von der neunj\u00e4hrigen Ella zum \u201eTiernasen-Duell\u201c herausgefordert und muss S\u00e4ugetiere nur anhand ihrer Nase bestimmen.<\/p>\n<p class=\"text small\" style=\"text-align: justify;\">Als Teenager entdeckte Wincent Weiss seine Leidenschaft f\u00fcrs Skaten und trat auch bei zahlreichen Wettk\u00e4mpfen an. Inzwischen ist sein Fahrstil nach eigener Aussage aber weniger rasant als fr\u00fcher. Bei \u201eKlein gegen\u00a0Gro\u00df\u201c stellt sich der S\u00e4nger und Songwriter nun der Herausforderung von Finja (12) und muss beim Longboard-Stangen-Duell seine Skater-F\u00e4higkeiten demonstrieren, bevor er mit seinem neuen Album \u201eHast du kurz Zeit\u201c, das am 23. Januar 2026 erscheint, im Sommer auf Tour geht.<\/p>\n<p class=\"text small\" style=\"text-align: justify;\">Gleich zwei Mal &#8211; 2023 und 2025 &#8211; sicherte sich Philipp G\u00f6thert als \u201eLast Man Standing&#8220; den Titel \u201eNinja Warrior Germany\u201c. Jetzt muss der Kletterk\u00f6nig seine K\u00f6rperbeherrschung erneut nachweisen, wenn er sich beim Klimmzug-Kerzen-Duell mit Adam (12) eine horizontale Leiter entlang hangelt.<\/p>\n<p class=\"text small\" style=\"text-align: justify;\">Diese spektakul\u00e4ren Duelle gro\u00dfer K\u00f6nner und kleiner Herausforderer erwarten die Zuschauerinnen und Zuschauer bei \u201eKlein gegen\u00a0Gro\u00df\u201c im Ersten und im ORF.<\/p>\n<div class=\"clearMe\" style=\"text-align: justify;\"><\/div>\n<\/div>\n<div><\/div>\n<p class=\"text small\"><strong>Redaktion:<\/strong> Tim Gruhl (NDR)<\/p>\n<p>&nbsp;<\/p>\n<p>&nbsp;<\/p>\n<figure id=\"attachment_254951\" aria-describedby=\"caption-attachment-254951\" style=\"width: 526px\" class=\"wp-caption alignnone\"><img decoding=\"async\" loading=\"lazy\" class=\"size-large wp-image-254951\" src=\"https:\/\/smago.de\/ws2\/wp-content\/uploads\/2026\/01\/45_Klein_gegen_Gross_PW0626-526x800.jpg\" alt=\"\" width=\"526\" height=\"800\" srcset=\"https:\/\/smago.de\/ws2\/wp-content\/uploads\/2026\/01\/45_Klein_gegen_Gross_PW0626-526x800.jpg 526w, https:\/\/smago.de\/ws2\/wp-content\/uploads\/2026\/01\/45_Klein_gegen_Gross_PW0626-343x522.jpg 343w, https:\/\/smago.de\/ws2\/wp-content\/uploads\/2026\/01\/45_Klein_gegen_Gross_PW0626-99x150.jpg 99w, https:\/\/smago.de\/ws2\/wp-content\/uploads\/2026\/01\/45_Klein_gegen_Gross_PW0626-768x1169.jpg 768w, https:\/\/smago.de\/ws2\/wp-content\/uploads\/2026\/01\/45_Klein_gegen_Gross_PW0626-1010x1536.jpg 1010w, https:\/\/smago.de\/ws2\/wp-content\/uploads\/2026\/01\/45_Klein_gegen_Gross_PW0626-1346x2048.jpg 1346w, https:\/\/smago.de\/ws2\/wp-content\/uploads\/2026\/01\/45_Klein_gegen_Gross_PW0626-179x272.jpg 179w, https:\/\/smago.de\/ws2\/wp-content\/uploads\/2026\/01\/45_Klein_gegen_Gross_PW0626-394x600.jpg 394w, https:\/\/smago.de\/ws2\/wp-content\/uploads\/2026\/01\/45_Klein_gegen_Gross_PW0626-85x130.jpg 85w, https:\/\/smago.de\/ws2\/wp-content\/uploads\/2026\/01\/45_Klein_gegen_Gross_PW0626-292x445.jpg 292w, https:\/\/smago.de\/ws2\/wp-content\/uploads\/2026\/01\/45_Klein_gegen_Gross_PW0626-125x190.jpg 125w, https:\/\/smago.de\/ws2\/wp-content\/uploads\/2026\/01\/45_Klein_gegen_Gross_PW0626-191x290.jpg 191w, https:\/\/smago.de\/ws2\/wp-content\/uploads\/2026\/01\/45_Klein_gegen_Gross_PW0626-scaled.jpg 1683w\" sizes=\"(max-width: 526px) 100vw, 526px\" \/><figcaption id=\"caption-attachment-254951\" class=\"wp-caption-text\"><em>Moderator Kai Pflaume mit Finja (11) und Wincent Weiss<\/em><\/p>\n<p><em>\u00a9 NDR \/ Thorsten Jander<\/em><\/figcaption><\/figure>\n","protected":false},"excerpt":{"rendered":"<p>&#8222;Spiel und Spa\u00df mit Kai Pflaume&#8220; \/\/ 20:15 Uhr &#8211; 23:30 Uhr!<\/p>\n","protected":false},"author":2,"featured_media":254950,"comment_status":"open","ping_status":"closed","sticky":false,"template":"","format":"standard","meta":{"_FSMCFIC_featured_image_caption":"","_FSMCFIC_featured_image_nocaption":"","_FSMCFIC_featured_image_hide":""},"categories":[27,128],"tags":[326],"acf":[],"_links":{"self":[{"href":"https:\/\/smago.de\/ws2\/wp-json\/wp\/v2\/posts\/254949"}],"collection":[{"href":"https:\/\/smago.de\/ws2\/wp-json\/wp\/v2\/posts"}],"about":[{"href":"https:\/\/smago.de\/ws2\/wp-json\/wp\/v2\/types\/post"}],"author":[{"embeddable":true,"href":"https:\/\/smago.de\/ws2\/wp-json\/wp\/v2\/users\/2"}],"replies":[{"embeddable":true,"href":"https:\/\/smago.de\/ws2\/wp-json\/wp\/v2\/comments?post=254949"}],"version-history":[{"count":1,"href":"https:\/\/smago.de\/ws2\/wp-json\/wp\/v2\/posts\/254949\/revisions"}],"predecessor-version":[{"id":254952,"href":"https:\/\/smago.de\/ws2\/wp-json\/wp\/v2\/posts\/254949\/revisions\/254952"}],"wp:featuredmedia":[{"embeddable":true,"href":"https:\/\/smago.de\/ws2\/wp-json\/wp\/v2\/media\/254950"}],"wp:attachment":[{"href":"https:\/\/smago.de\/ws2\/wp-json\/wp\/v2\/media?parent=254949"}],"wp:term":[{"taxonomy":"category","embeddable":true,"href":"https:\/\/smago.de\/ws2\/wp-json\/wp\/v2\/categories?post=254949"},{"taxonomy":"post_tag","embeddable":true,"href":"https:\/\/smago.de\/ws2\/wp-json\/wp\/v2\/tags?post=254949"}],"curies":[{"name":"wp","href":"https:\/\/api.w.org\/{rel}","templated":true}]}}