{"id":254945,"date":"2026-01-30T22:14:05","date_gmt":"2026-01-30T21:14:05","guid":{"rendered":"https:\/\/smago.de\/ws2\/?p=254945"},"modified":"2026-01-30T22:14:05","modified_gmt":"2026-01-30T21:14:05","slug":"wincent-weiss-wincent-weiss-feiert-mit-hast-du-kurz-zeit-sein-drittes-nr-1-album","status":"publish","type":"post","link":"https:\/\/smago.de\/ws2\/uncategorized\/wincent-weiss-wincent-weiss-feiert-mit-hast-du-kurz-zeit-sein-drittes-nr-1-album\/","title":{"rendered":"WINCENT WEISS <be>Wincent Weiss feiert mit \u201eHast du kurz Zeit\u201c sein drittes Nr. 1-Album!"},"content":{"rendered":"<p>Ein sch\u00f6nes, nachtr\u00e4gliches Geschenk zu seinem 33. Geburtstag in der vergangenen Woche!<br \/>\n<!--more--><\/p>\n<p class=\"p1\">\n<p style=\"text-align: justify;\">\n<p style=\"text-align: justify;\"><span>Vergangene Woche feierte WINCENT WEISS seinen 33. Geburtstag, nun gibt es den n\u00e4chsten Grund zur Freude: Mit seinem neuen Album \u201eHast du kurz Zeit\u201c ist Wincent heute direkt auf Platz 1 der Offiziellen Deutschen Album-Charts eingestiegen! Damit kn\u00fcpft der Ausnahmek\u00fcnstler nahtlos an seine bisherigen Erfolge an und vermeldet nach seinen Alben \u201eVielleicht irgendwann\u201c (2021) und \u201eWincents weisse Weihnachten\u201c (2023) bereits die dritte Nummer 1 seiner Karriere.<\/p>\n<p>Die 18 Songs auf \u201eHast du kurz Zeit\u201c sind ein pers\u00f6nlicher Blick auf das Erwachsenwerden, auf Liebe, Verlust, Selbstzweifel und die Suche nach Echtheit. Es geht um das Loslassen alter \u00c4ngste, um das Finden von Ruhe und Vertrauen. So ist das neue Album \u201eHast du kurz Zeit\u201c eine neue emotionale Standortbestimmung: Im zehnten Jahr seit der Ver\u00f6ffentlichung seines ersten gro\u00dfen Hits \u201eMusik sein\u201c im September 2016, der mittlerweile l\u00e4ngst mit Platin ausgezeichnet ist. Nach beeindruckenden vier Alben innerhalb von nur neun Jahren. Wincent Weiss steht zurecht ganz weit oben an der Spitze der K\u00fcnstler im deutschen Musik- und Entertainment Bereich. Mit \u00fcber 1,7 Milliarden Streams auf seinen Songs, \u00fcber 2,2 Millionen Follower:innen auf seinen Social-Media-Kan\u00e4len. Mit Millionen von Besucher:innen seiner Konzerte und Tourneen.<\/p>\n<p><i>\u201eIch freue mich riesig, und diese Nummer 1 bedeutet mir wirklich unendlich viel. Nach meinen ersten vier Studioalben hat sich das neue Album \u201eHast du kurz Zeit\u201c irgendwie nochmal wie ein Neuanfang angef\u00fchlt. Ich habe in den letzten Jahren gelernt, mehr im Moment zu leben und besondere Momente festzuhalten und auch zu genie\u00dfen. Und diesen Moment heute genie\u00dfe ich ganz besonders. Mein gr\u00f6\u00dfter Dank geht an alle meine Zuh\u00f6rer, die das m\u00f6glich gemacht haben!\u201c<\/i>\u00a0(Wincent Weiss)<\/p>\n<p>Der Chart-Erfolg ist erst der Startschuss f\u00fcr ein ereignisreiches Jahr: Im Sommer 2026 wird Wincent Weiss die neuen Songs von \u201eHast du kurz Zeit\u201c sowie seine gro\u00dfen Hits im Rahmen einer ausgiebigen Open-Air-Tour live pr\u00e4sentieren und das tun, was er am liebsten macht: Feiern mit seinen Fans!<\/p>\n<p><strong><span class=\"\">Sommertour 2026<\/span><\/strong><\/p>\n<p>26.06. ULM | Kloster Wiblingen<br \/>\n27.06. LINGEN | OpenAir-Platz EmslandArena<br \/>\n28.06. N\u00dcRNBERG | Stadionpark N\u00fcrnberg<br \/>\n03.07. RASTATT | Ehrenhof im Schloss Rastatt<br \/>\n05.07. ECKERNF\u00d6RDE | Strand Open Air<br \/>\n10.07. SAARBR\u00dcCKEN | Open Air Gel\u00e4nde am E-WERK<br \/>\n11.07. REGENSBURG | Open Air am Jahnstadion<br \/>\n17.07. BONN | Kunstrasen Bonn Gronau<br \/>\n18.07. M\u00dcNCHEN | Tollwood Sommerfestival \u2013 Musik Arena<br \/>\n19.07. LUCARNO | Moon &amp; Stars<br \/>\n24.07. BERLIN | Zitadelle Spandau<br \/>\n25.07. HALLE \/ WESTFALEN OWL ARENA<br \/>\n30.07. LUDWIGSBURG | Residenzschloss Ludwigsburg<br \/>\n31.07. VILLINGEN-SCHWENNINGEN | Druckzentrum S\u00fcdwest<br \/>\n01.08. M\u00d6NCHENGLADBACH | SparkassenPark M\u00f6nchengladbach<br \/>\n06.08. WIEN | METAstadt Open Air<br \/>\n07.08. TRAUNREUT | Franz-Haberlander-Freibad<br \/>\n08.08. SCHAFFHAUSEN | Altstadt Schaffhausen<br \/>\n14.08. WILLINGEN | Festivalgel\u00e4nde Vor den Weiden<br \/>\n19.08. SCHWERIN | Freilichtb\u00fchne Schlossgarten<br \/>\n20.08. BRAUNSCHWEIG | Volksbank BRAWO B\u00fchne<br \/>\n21.08. DRESDEN | Filmn\u00e4chte am Elbufer<br \/>\n22.08. ST. GOARSHAUSEN | Loreley Freilichtb\u00fchne<br \/>\n29.08. BAD KISSINGEN | Turnierplatz Bad Kissingen<br \/>\n30.08. GIESSEN | Kloster Schiffenberg<br \/>\n02.09. BOCHUM | Zeltfestival Ruhr<br \/>\n03.09. BOCHUM | Zeltfestival Ruhr<br \/>\n04.09. MAGDEBURG | MDCC Parkb\u00fchne im Elbauenpark<br \/>\n05.09. WILHELMSHAVEN | Festplatz am Sportforum<br \/>\n12.09. NEUBRANDENBURG | Open Air am Tollensee<br \/>\n13.09. TIMMENDORFER STRAND | Musik-Arena<\/span><\/p>\n","protected":false},"excerpt":{"rendered":"<p>Ein sch\u00f6nes, nachtr\u00e4gliches Geschenk zu seinem 33. Geburtstag in der vergangenen Woche!<\/p>\n","protected":false},"author":2,"featured_media":254947,"comment_status":"open","ping_status":"closed","sticky":false,"template":"","format":"standard","meta":{"_FSMCFIC_featured_image_caption":"","_FSMCFIC_featured_image_nocaption":"","_FSMCFIC_featured_image_hide":""},"categories":[1],"tags":[],"acf":[],"_links":{"self":[{"href":"https:\/\/smago.de\/ws2\/wp-json\/wp\/v2\/posts\/254945"}],"collection":[{"href":"https:\/\/smago.de\/ws2\/wp-json\/wp\/v2\/posts"}],"about":[{"href":"https:\/\/smago.de\/ws2\/wp-json\/wp\/v2\/types\/post"}],"author":[{"embeddable":true,"href":"https:\/\/smago.de\/ws2\/wp-json\/wp\/v2\/users\/2"}],"replies":[{"embeddable":true,"href":"https:\/\/smago.de\/ws2\/wp-json\/wp\/v2\/comments?post=254945"}],"version-history":[{"count":1,"href":"https:\/\/smago.de\/ws2\/wp-json\/wp\/v2\/posts\/254945\/revisions"}],"predecessor-version":[{"id":254948,"href":"https:\/\/smago.de\/ws2\/wp-json\/wp\/v2\/posts\/254945\/revisions\/254948"}],"wp:featuredmedia":[{"embeddable":true,"href":"https:\/\/smago.de\/ws2\/wp-json\/wp\/v2\/media\/254947"}],"wp:attachment":[{"href":"https:\/\/smago.de\/ws2\/wp-json\/wp\/v2\/media?parent=254945"}],"wp:term":[{"taxonomy":"category","embeddable":true,"href":"https:\/\/smago.de\/ws2\/wp-json\/wp\/v2\/categories?post=254945"},{"taxonomy":"post_tag","embeddable":true,"href":"https:\/\/smago.de\/ws2\/wp-json\/wp\/v2\/tags?post=254945"}],"curies":[{"name":"wp","href":"https:\/\/api.w.org\/{rel}","templated":true}]}}