{"id":254873,"date":"2026-01-29T17:29:39","date_gmt":"2026-01-29T16:29:39","guid":{"rendered":"https:\/\/smago.de\/ws2\/?p=254873"},"modified":"2026-01-29T17:29:39","modified_gmt":"2026-01-29T16:29:39","slug":"unheilig-wissenswertes-ueber-das-neue-studioalbum-liebe-glaube-monster","status":"publish","type":"post","link":"https:\/\/smago.de\/ws2\/deutsch-rock\/unheilig-wissenswertes-ueber-das-neue-studioalbum-liebe-glaube-monster\/","title":{"rendered":"UNHEILIG <br>Wissenswertes \u00fcber das neue Studioalbum &#8222;LIEBE GLAUBE MONSTER&#8220;!"},"content":{"rendered":"<p style=\"text-align: justify;\">Die Ver\u00f6ffentlichung erfolgt am 13.03.2026!<br \/>\n<!--more--><\/p>\n<p style=\"text-align: justify;\">\n<p style=\"text-align: justify;\">\n<p style=\"text-align: justify;\">Nach neun langen Jahren meldete sich <strong>Der Graf<\/strong> mit seiner Formation <strong>UNHEILIG<\/strong> im September 25 endlich mit neuer Musik zur\u00fcck und k\u00fcndigte auch das neue Studioalbum \u201e<strong>LIEBE GLAUBE MONSTER<\/strong>\u201c an, das am <strong>13.03.2026<\/strong> erscheinen wird.<\/p>\n<p style=\"text-align: justify;\">Die erste Single \u201e<a href=\"https:\/\/youtu.be\/XjJWBRZq2Vs?list=RDXjJWBRZq2Vs\"><strong>Wundersch\u00f6n<\/strong><\/a>\u201c war die viel beachtete R\u00fcckkehr in die \u00d6ffentlichkeit und der erste musikalische Vorgeschmack auf das neue Album <strong><em>LIEBE GLAUBE MONSTER<\/em><\/strong>, auf den die Fans seit der Comeback-Ank\u00fcndigung des Grafen im Februar bereits sehns\u00fcchtig gewartet haben. Und sie wurden nicht entt\u00e4uscht! \u201e<strong>Wundersch\u00f6n<\/strong>\u201c kn\u00fcpft musikalisch nahtlos an die gro\u00dfen emotionalen Songs und Live-Momente an, mit denen sich Der Graf und Unheilig in seiner beispiellosen Karriere in die Herzen von Millionen Fans gespielt hatte, bevor im Rahmen eines tief bewegenden Konzertes im Rhein-Energie-Stadion in K\u00f6ln am 10. September 2016 zun\u00e4chst der letzte Vorhang fiel. Genau auf den Tag neun Jahre sp\u00e4ter hob sich der Vorhang erneut mit der Ank\u00fcndigung des neuen Albums, der gro\u00dfen Arena-Tournee und der Ver\u00f6ffentlichung der Comeback-Single zwei Tage sp\u00e4ter.<\/p>\n<p style=\"text-align: justify;\">Es beginnt ein neues Kapitel in der bemerkenswerten Geschichte von UNHEILIG und Dem Graf, der zu den erfolgreichsten deutschsprachigen K\u00fcnstlern aller Zeiten z\u00e4hlt. Mit seinem Erfolgsalbum \u201e<strong>Grosse Freiheit<\/strong>\u201c war Der Graf insgesamt drei Jahre in den Charts und 56 Wochen in den Top 10 der offiziellen Deutschen Album Charts. Bis heute wurde es neunfach mit Platin ausgezeichnet und ist damit das erfolgreichste Album eines deutschsprachigen K\u00fcnstlers, das es je gab. Auch in \u00d6sterreich und der Schweiz erreicht das Album mehrfachen Platin-Status und pr\u00e4gt eine ganze Generation von Fans. Es folgen ausverkaufte Tourneen und Konzerte vor Millionen von Menschen und zahlreiche Auszeichnungen. Trotz seines Handicaps als Stotterer findet der Graf mit seiner weltoffenen und aufgeschlossenen Art seinen festen Platz in der \u00d6ffentlichkeit. Bis er 2016 den Entschluss fasste, sich aus dem Trubel zur\u00fcckzuziehen, um mehr Zeit f\u00fcr seine Familie zu haben.<\/p>\n<p style=\"text-align: justify;\">Aber es stellte sich heraus, dass ein tats\u00e4chlicher Abschied von der Musik nicht m\u00f6glich ist. Der Graf h\u00f6rte nie auf, Songs zu schreiben und die Sehnsucht nach seinen Fans und der B\u00fchne wurde \u00fcber die Jahre immer gr\u00f6\u00dfer. Im Februar 2025 k\u00fcndigte Der Graf sein Comeback\u00a0an.<\/p>\n<p style=\"text-align: justify;\">So beschreibt Der Graf das neue Album: \u201e<em>Wie jedes UNHEILIG-Album, so ist auch das neue Studioalbum LIEBE GLAUBE MONSTER ein Konzeptalbum. Ich hatte in den vergangenen neun Jahren viel Zeit, um meine Inspiration und die kreativen Ideen zu sammeln und in Musik zu fassen. Es sind die Themen und Facetten meines Lebens, die ich mit den Menschen teilen m\u00f6chte. Meine Gedanken, Erfahrungen, Tr\u00e4ume, Erlebnisse, \u00c4ngste und Emotionen. Musik war immer meine Sprache, und mit Musik geht das f\u00fcr mich am besten. Und der Albumtitel erschien mir passend, all das, worum es in meinen neuen Songs geht, zu vereinen. UNHEILIG hat sich schon immer durch eine sehr gro\u00dfe musikalische Bandbreite ausgezeichnet. Von Metal \u00fcber Pop, Rock und Balladen zu Schlager und Punkrock oder Alternative Musik und Electro findet sich alles in der Musikalit\u00e4t bei UNHEILIG wieder. Wir sind fr\u00fcher in Wacken und bei Carmen Nebel aufgetreten, dieser scheinbare Spagat ist Teil der UNHEILIG-DNA und dies bleibt auch LIEBE GLAUBE MONSTER so. Demnach wird es auf dem Album eine bunte Mischung aus schnellen Songs, h\u00e4rteren Songs, Balladen, Midtempo Songs oder auch schlageresken Titeln geben. Das alles ist Teil von UNHEILIG<\/em>.\u201c<\/p>\n<p style=\"text-align: justify;\">Als n\u00e4chste Single wurde im November 25 \u201e<a href=\"https:\/\/youtu.be\/W1yDsGXsOZE?list=RDW1yDsGXsOZE\"><strong>Mein L\u00f6we<\/strong><\/a>\u201c ver\u00f6ffentlicht. \u201e<strong>Mein L\u00f6we<\/strong>\u201c ist ein sehr pers\u00f6nlicher Song, den <strong>Der Graf<\/strong> seiner Mutter widmet. Mit einf\u00fchlsamen und bewegenden Worten beschreibt der Graf im Songtext wie sich die Beziehung zwischen Eltern und Kindern \u00fcber die Jahrzehnte ver\u00e4ndert und sich \u00fcber die Zeit die Rollen vertauschen. Getragen wird dieser \u2013 teils sehr schmerzhaft Prozess \u2013 von einer tiefen Liebe und Dankbarkeit, die \u00fcber das Ende hinaus bestehen bleibt. Mit \u201e<strong>Mein L\u00f6we<\/strong>\u201c will <strong>Der Graf<\/strong> seiner Mutter gegen\u00fcber eben diese Dankbarkeit ausdr\u00fccken, die in all den Jahren seines Lebens immer f\u00fcr ihn da war, ihn ermutigt hat seine Tr\u00e4ume zu verfolgen und ihn in allen schwierigen Momenten aufgefangen hat.<\/p>\n<p style=\"text-align: justify;\">Mit dem Song\u00a0\u201e<a href=\"https:\/\/youtu.be\/YSOgME4gMUU\"><strong>Spiegel<\/strong><\/a>\u201c\u00a0ver\u00f6ffentlichen <strong>Der Graf<\/strong> und <strong>Unheilig<\/strong> dann Anfang Januar 26 eine weitere Single.\u00a0Ein Song, den Der Graf f\u00fcr uns alle geschrieben hat. Ein Appell f\u00fcr mehr Aufrichtigkeit und weniger \u201eFake\u201c. Gerade auch in diesen ersten Tagen und Wochen des neuen Jahres. In denen wir alle dastehen mit unseren Zielen, Vors\u00e4tzen und Selbstoptimierungspl\u00e4nen. Ein Appell f\u00fcr mehr Demut und Bescheidenheit. Dieser Blick in den\u00a0\u201eSpiegel\u201c\u00a0von Unheilig. Auch musikalisch zeigt\u00a0\u201e<strong>Spiegel<\/strong>\u201c eine neue Facette der ganzen Bandbreite an Songs auf dem neuen Album. Dynamisch, Up-tempo, mit starken Keyboard-Sounds, die dem Song einen frischen Anstrich verleihen.<\/p>\n<p style=\"text-align: justify;\">\n<p style=\"text-align: justify;\"><strong>Das Album erscheint in folgenden Formaten:<\/strong><\/p>\n<p style=\"text-align: justify;\">\n<p style=\"text-align: justify;\">1CD im Digipack, Deluxe 2CD im Digipack mit Produktionsdemos, Ltd. Graf-Edition mit 2LP und 3CD mit Produktionsdemos und Live-Tracks der Comeback Tour, inkl. Bonusmaterial, mit pers\u00f6nlicher Widmung + signiert, Ltd. 2LP White Label, signiert + nummeriert, 2LP schwarz, Ltd. 2LP Liebe Edition (rot marmoriert),\u00a0 Ltd. 2LP Glaube Edition (wei\u00df marmoriert),\u00a0 Ltd. 2LP Monster Edition (blau marmoriert),Ltd. Fanbox und noch diverse Bundles.<\/p>\n<p style=\"text-align: justify;\">\n<p style=\"text-align: justify;\">\n<p style=\"text-align: justify;\">In den n\u00e4chsten Monaten werden UNHEILIG auf umfangreiche Tourneen gehen. Im Herbst und Winter 2025\/2026 standen zuerst die ausverkauften Comeback-Konzerte an, die im Sommer durch zahlreiche Open Air-Shows fortgesetzt werden. Im Herbst\/Winter 2026\/2027 folgt eine gro\u00dfe Arena-Tour zum neuen Album <em>LIEBE GLAUBE MONSTER<\/em> mit Stationen in Deutschland, \u00d6sterreich und in der Schweiz.<\/p>\n<p style=\"text-align: justify;\"><strong>\u00a0<\/strong><\/p>\n<p style=\"text-align: justify;\">\n<p style=\"text-align: justify;\">\n<p style=\"text-align: justify;\"><strong>WUNDERSCH\u00d6N \u2013 DIE COMEBACK KONZERTE 2026<\/strong><\/p>\n<p style=\"text-align: justify;\"><span style=\"font-weight: 400;\">\u00a0<\/span><\/p>\n<p style=\"text-align: justify;\">04.06.2026 \u00a0\u00a0\u00a0\u00a0\u00a0\u00a0\u00a0\u00a0\u00a0\u00a0 Saarbr\u00fccken \u2013 Saarlandhalle<\/p>\n<p style=\"text-align: justify;\">05.06.2026 \u00a0\u00a0\u00a0\u00a0\u00a0\u00a0\u00a0\u00a0\u00a0\u00a0 Saarbr\u00fccken \u2013 Saarlandhalle<\/p>\n<p style=\"text-align: justify;\">06.06.2026 \u00a0\u00a0\u00a0\u00a0\u00a0\u00a0\u00a0\u00a0\u00a0\u00a0 Tettnang am Bodensee \u2013 Schlossplatz<\/p>\n<p style=\"text-align: justify;\">07.06.2026 \u00a0\u00a0\u00a0\u00a0\u00a0\u00a0\u00a0\u00a0\u00a0\u00a0 CH &#8211; Bern &#8211; Festhalle (ausverkauft)<\/p>\n<p style=\"text-align: justify;\">13.06.2026 \u00a0\u00a0\u00a0\u00a0\u00a0\u00a0\u00a0\u00a0\u00a0\u00a0 Berlin \u2013 Parkb\u00fchne Wuhlheide (ausverkauft)<\/p>\n<p style=\"text-align: justify;\">20.06.2026 \u00a0\u00a0\u00a0\u00a0\u00a0\u00a0\u00a0\u00a0\u00a0\u00a0 M\u00f6nchengladbach \u2013 Sparkassenpark<\/p>\n<p style=\"text-align: justify;\">26.06.2026 \u00a0\u00a0\u00a0\u00a0\u00a0\u00a0\u00a0\u00a0\u00a0\u00a0 A &#8211; Graz \u2013 Freiluftarena<\/p>\n<p style=\"text-align: justify;\">27.06.2026 \u00a0\u00a0\u00a0\u00a0\u00a0\u00a0\u00a0\u00a0\u00a0\u00a0 A &#8211; Clam \u2013 Burg Clam (ausverkauft)<\/p>\n<p style=\"text-align: justify;\">28.08.2026 \u00a0\u00a0\u00a0\u00a0\u00a0\u00a0\u00a0\u00a0\u00a0\u00a0 Dresden \u2013 Filmn\u00e4chte am Elbufer (ausverkauft)<\/p>\n<p style=\"text-align: justify;\">29.08.2026 \u00a0\u00a0\u00a0\u00a0\u00a0\u00a0\u00a0\u00a0\u00a0\u00a0 Dresden \u2013 Filmn\u00e4chte am Elbufer (ausverkauft)<\/p>\n<p style=\"text-align: justify;\">\n<p style=\"text-align: justify;\"><span style=\"font-weight: 400;\">\u00a0<\/span><\/p>\n<p style=\"text-align: justify;\">\n<p style=\"text-align: justify;\"><strong>TOUR DATEN LIEBE GLAUBE MONSTER ARENA TOUR<\/strong><\/p>\n<p style=\"text-align: justify;\"><span style=\"font-weight: 400;\">\u00a0<\/span><\/p>\n<p style=\"text-align: justify;\">14.11.2026\u00a0\u00a0\u00a0\u00a0\u00a0\u00a0\u00a0\u00a0\u00a0\u00a0\u00a0 Bremen \u2013 \u00d6VB-Arena<\/p>\n<p style=\"text-align: justify;\">20.11.2026\u00a0\u00a0\u00a0\u00a0\u00a0\u00a0\u00a0\u00a0\u00a0\u00a0\u00a0\u00a0\u00a0 Leipzig \u2013 QUARTERBACK Immobilien\u00a0\u00a0 ARENA<\/p>\n<p style=\"text-align: justify;\">21.11.2026\u00a0\u00a0\u00a0\u00a0\u00a0\u00a0\u00a0\u00a0\u00a0\u00a0\u00a0 Bamberg \u2013 brose Arena<\/p>\n<p style=\"text-align: justify;\">27.11.2026\u00a0\u00a0\u00a0\u00a0\u00a0\u00a0\u00a0\u00a0\u00a0\u00a0\u00a0 Frankfurt \u2013 Festhalle Messe Frankfurt<\/p>\n<p style=\"text-align: justify;\">28.11.2026\u00a0\u00a0\u00a0\u00a0\u00a0\u00a0\u00a0\u00a0\u00a0\u00a0\u00a0 Erfurt \u2013 Messe \/ Halle 1<\/p>\n<p style=\"text-align: justify;\">03.12.2026\u00a0\u00a0\u00a0\u00a0\u00a0\u00a0\u00a0\u00a0\u00a0\u00a0\u00a0 Cottbus \u2013 Messe<\/p>\n<p style=\"text-align: justify;\">04.12.2026\u00a0\u00a0\u00a0\u00a0\u00a0\u00a0\u00a0\u00a0\u00a0\u00a0\u00a0 Magdeburg \u2013 GETEC-Arena<\/p>\n<p style=\"text-align: justify;\">17.12.2026\u00a0\u00a0\u00a0\u00a0\u00a0\u00a0\u00a0\u00a0\u00a0\u00a0\u00a0 K\u00f6ln \u2013 Lanxess Arena<\/p>\n<p style=\"text-align: justify;\">18.12.2026\u00a0\u00a0\u00a0\u00a0\u00a0\u00a0\u00a0\u00a0\u00a0\u00a0\u00a0 Hannover \u2013 ZAG Arena<\/p>\n<p style=\"text-align: justify;\">19.12.2026\u00a0\u00a0\u00a0\u00a0\u00a0\u00a0\u00a0\u00a0\u00a0\u00a0\u00a0 Rostock \u2013 StadtHalle<\/p>\n<p style=\"text-align: justify;\">28.12.2026\u00a0\u00a0\u00a0\u00a0\u00a0\u00a0\u00a0\u00a0\u00a0\u00a0\u00a0 Dortmund \u2013 Westfalenhalle 1<\/p>\n<p style=\"text-align: justify;\">16.01.2027\u00a0\u00a0\u00a0\u00a0\u00a0\u00a0\u00a0\u00a0\u00a0\u00a0\u00a0 M\u00fcnchen \u2013 Zenith<\/p>\n<p style=\"text-align: justify;\">21.01.2027\u00a0\u00a0\u00a0\u00a0\u00a0\u00a0\u00a0\u00a0\u00a0\u00a0\u00a0 CH-Z\u00fcrich \u2013 Hallenstadion<\/p>\n<p style=\"text-align: justify;\">22.01.2027\u00a0\u00a0\u00a0\u00a0\u00a0\u00a0\u00a0\u00a0\u00a0\u00a0\u00a0 Kempten \u2013 bigBOX ALLG\u00c4U<\/p>\n<p style=\"text-align: justify;\">29.01.2027\u00a0\u00a0\u00a0\u00a0\u00a0\u00a0\u00a0\u00a0\u00a0\u00a0\u00a0 Hamburg &#8211; Barclays Arena<\/p>\n<p style=\"text-align: justify;\">30.01.2027\u00a0\u00a0\u00a0\u00a0\u00a0\u00a0\u00a0\u00a0\u00a0\u00a0\u00a0 Kiel \u2013 Wunderino Arena<\/p>\n<p style=\"text-align: justify;\">05.02.2027\u00a0\u00a0\u00a0\u00a0\u00a0\u00a0\u00a0\u00a0\u00a0\u00a0\u00a0 Kassel \u2013 Nordhessen Arena<\/p>\n<p style=\"text-align: justify;\">06.02.2027\u00a0\u00a0\u00a0\u00a0\u00a0\u00a0\u00a0\u00a0\u00a0\u00a0\u00a0 Berlin \u2013 Uber Arena<\/p>\n<p style=\"text-align: justify;\">12.02.2027\u00a0\u00a0\u00a0\u00a0\u00a0\u00a0\u00a0\u00a0\u00a0\u00a0\u00a0 Lingen \u2013 EmslandArena<\/p>\n<p style=\"text-align: justify;\">13.02.2027\u00a0\u00a0\u00a0\u00a0\u00a0\u00a0\u00a0\u00a0\u00a0\u00a0\u00a0 Stuttgart \u2013 Hanns-Martin-Schleyer-Halle<\/p>\n<p style=\"text-align: justify;\">18.02.2027\u00a0\u00a0\u00a0\u00a0\u00a0\u00a0\u00a0\u00a0\u00a0\u00a0\u00a0 Mannheim \u2013 SAP Arena<\/p>\n<p style=\"text-align: justify;\">19.02.2027\u00a0\u00a0\u00a0\u00a0\u00a0\u00a0\u00a0\u00a0\u00a0\u00a0\u00a0 Trier \u2013 SWT Arena<\/p>\n<p style=\"text-align: justify;\">20.02.2027\u00a0\u00a0\u00a0\u00a0\u00a0\u00a0\u00a0\u00a0\u00a0\u00a0\u00a0 Freiburg \u2013 SICK-ARENA<\/p>\n<p style=\"text-align: justify;\">25.02.2027\u00a0\u00a0\u00a0\u00a0\u00a0\u00a0\u00a0\u00a0\u00a0\u00a0\u00a0 Regensburg \u2013 \u00a0das Stadtwerk.Donau-Arena<\/p>\n<p style=\"text-align: justify;\">26.02.2027\u00a0\u00a0\u00a0\u00a0\u00a0\u00a0\u00a0\u00a0\u00a0\u00a0\u00a0 A \u2013 Wien \u2013 Stadthalle<\/p>\n<p style=\"text-align: justify;\">27.02.2027\u00a0\u00a0\u00a0\u00a0\u00a0\u00a0\u00a0\u00a0\u00a0\u00a0\u00a0 A \u2013 Innsbruck \u2013 Olympiahalle<\/p>\n<p style=\"text-align: justify;\">\n<p style=\"text-align: justify;\">\n<p style=\"text-align: justify;\"><strong>Booking:<\/strong> Headline Concerts Bonn, <a href=\"https:\/\/headlineconcerts.de\/\">https:\/\/headlineconcerts.de\/<\/a><\/p>\n<p style=\"text-align: justify;\">Tickets unter: <a href=\"https:\/\/shop.unheilig.com\/Tickets\">https:\/\/shop.unheilig.com\/Tickets<\/a><\/p>\n<p style=\"text-align: justify;\">\n<p style=\"text-align: justify;\">\n","protected":false},"excerpt":{"rendered":"<p>Die Ver\u00f6ffentlichung erfolgt am 13.03.2026!<\/p>\n","protected":false},"author":2,"featured_media":254874,"comment_status":"open","ping_status":"closed","sticky":false,"template":"","format":"standard","meta":{"_FSMCFIC_featured_image_caption":"","_FSMCFIC_featured_image_nocaption":"","_FSMCFIC_featured_image_hide":""},"categories":[5],"tags":[405],"acf":[],"_links":{"self":[{"href":"https:\/\/smago.de\/ws2\/wp-json\/wp\/v2\/posts\/254873"}],"collection":[{"href":"https:\/\/smago.de\/ws2\/wp-json\/wp\/v2\/posts"}],"about":[{"href":"https:\/\/smago.de\/ws2\/wp-json\/wp\/v2\/types\/post"}],"author":[{"embeddable":true,"href":"https:\/\/smago.de\/ws2\/wp-json\/wp\/v2\/users\/2"}],"replies":[{"embeddable":true,"href":"https:\/\/smago.de\/ws2\/wp-json\/wp\/v2\/comments?post=254873"}],"version-history":[{"count":1,"href":"https:\/\/smago.de\/ws2\/wp-json\/wp\/v2\/posts\/254873\/revisions"}],"predecessor-version":[{"id":254875,"href":"https:\/\/smago.de\/ws2\/wp-json\/wp\/v2\/posts\/254873\/revisions\/254875"}],"wp:featuredmedia":[{"embeddable":true,"href":"https:\/\/smago.de\/ws2\/wp-json\/wp\/v2\/media\/254874"}],"wp:attachment":[{"href":"https:\/\/smago.de\/ws2\/wp-json\/wp\/v2\/media?parent=254873"}],"wp:term":[{"taxonomy":"category","embeddable":true,"href":"https:\/\/smago.de\/ws2\/wp-json\/wp\/v2\/categories?post=254873"},{"taxonomy":"post_tag","embeddable":true,"href":"https:\/\/smago.de\/ws2\/wp-json\/wp\/v2\/tags?post=254873"}],"curies":[{"name":"wp","href":"https:\/\/api.w.org\/{rel}","templated":true}]}}