{"id":254866,"date":"2026-01-30T00:00:37","date_gmt":"2026-01-29T23:00:37","guid":{"rendered":"https:\/\/smago.de\/ws2\/?p=254866"},"modified":"2026-01-29T16:23:51","modified_gmt":"2026-01-29T15:23:51","slug":"markus-yvonne-koenig-u-a-heute-30-01-2026-in-der-mdr-talkshow-riverboat-zu-gast","status":"publish","type":"post","link":"https:\/\/smago.de\/ws2\/ndw\/markus-yvonne-koenig-u-a-heute-30-01-2026-in-der-mdr-talkshow-riverboat-zu-gast\/","title":{"rendered":"MARKUS &#038; YVONNE K\u00d6NIG u.a. <br>Heute (30.01.2026) in der MDR-Talkshow &#8222;Riverboat&#8220; zu Gast!"},"content":{"rendered":"<p>MDR Fernsehen, 22:00 Uhr &#8211; 00:00 Uhr (Wh.: Sa.\/So., 31.01.\/01.02., 02:10 Uhr &#8211; 04:10 Uhr)! Moderation: Kim Fisher und Joachim Llambi!<br \/>\n<!--more--><\/p>\n<p class=\"einleitung \">\n<p>&nbsp;<\/p>\n<p>&nbsp;<\/p>\n<div class=\"con conBroadcastPreText\" style=\"text-align: justify;\">\n<div class=\"modCon\">\n<div class=\"mod modA\">\n<div class=\"boxCon\">\n<div class=\"box\">\n<p><strong>G\u00e4ste:<\/strong><\/p>\n<\/div>\n<p>&nbsp;<\/p>\n<div class=\"box\">\n<p>* Hinnerk Sch\u00f6nemann, Schauspieler<br \/>\n* Ralf Schmitz, Comedy-Star<br \/>\n* Dr. Carsten Lekutat &amp; Lara Lekutat, Vater und Tochter, Facharzt\/TV-Mediziner und Jurastudentin<br \/>\n* Annika Lau, Moderatorin<br \/>\n* Markus M\u00f6rl &amp; Yvonne K\u00f6nig, Neue Deutsche Welle-Star mit seiner Frau<\/p>\n<\/div>\n<\/div>\n<\/div>\n<\/div>\n<\/div>\n<div class=\"con\">\n<div class=\"modCon\">\n<div class=\"mod modA\">\n<div class=\"boxCon\">\n<div><\/div>\n<div><\/div>\n<div><\/div>\n<div><\/div>\n<div class=\"box cssBroadcastContentInfos\" style=\"text-align: justify;\"><strong>* Hinnerk Sch\u00f6nemann, Schauspieler<\/strong><\/div>\n<div style=\"text-align: justify;\"><\/div>\n<div style=\"text-align: justify;\"><\/div>\n<div class=\"box cssBroadcastContentInfos\" style=\"text-align: justify;\">\n<p>Mit der ZDF-Krimireihe &#8222;Marie Brand&#8220; wurde er bekannt, seit 2014 spielt der geb\u00fcrtige Rostocker die Hauptrolle des Polizisten Hauke Jacobs in der Krimireihe &#8222;Nord bei Nordwest&#8220;. Er meidet Smalltalk, liebt Schwarz, isst gerne \u00c4pfel &#8211; und f\u00fchrt bei &#8222;Nord bei Nordwest&#8220; l\u00e4ngst auch mal selbst Regie. Hinnerk Sch\u00f6nemann erz\u00e4hlt von seiner neuen Folge &#8222;Blindg\u00e4nger&#8220;, einem umgebauten Justizfahrzeug als Camper und warum er fr\u00fcher lieber Schildkr\u00f6ten z\u00fcchtete als Autogramme zu geben. Ein Gespr\u00e4ch \u00fcber Kontrolle, Freiheit und die Kunst, konsequent man selbst zu bleiben.<\/p>\n<\/div>\n<div style=\"text-align: justify;\"><\/div>\n<div style=\"text-align: justify;\"><\/div>\n<div style=\"text-align: justify;\"><\/div>\n<div style=\"text-align: justify;\"><\/div>\n<div class=\"box cssBroadcastContentInfos\" style=\"text-align: justify;\"><strong>* Ralf Schmitz, Comedy-Star<\/strong><\/div>\n<div style=\"text-align: justify;\"><\/div>\n<div style=\"text-align: justify;\"><\/div>\n<div class=\"box cssBroadcastContentInfos\" style=\"text-align: justify;\">\n<p>Er ist ein Meister der Improvisation und der Turbo unter den Comedians. Mit Augenzwinkern nimmt er die Marotten des Alltags auf die Schippe. Aus dem Stehgreif entlarvt er die Schrulligkeit, die uns liebenswert macht. Und mit Gespr\u00e4chen auf Augenh\u00f6he bringt er v\u00f6llig fremde Menschen dazu, sich ihm zu \u00f6ffnen und ihre Lebensgeschichte zu erz\u00e4hlen. Er ist der \u00dcberzeugung, dass alle mehr Spa\u00df im Leben h\u00e4tten, wenn sie nicht alles so ernst und so genau nehmen w\u00fcrden. Dass er auf die B\u00fchne will, wusste er schon als Kind &#8211; der &#8222;durchgeknallte Theatertyp&#8220; aus Schulzeiten f\u00fcllt heute die gro\u00dfen Arenen.<\/p>\n<\/div>\n<div style=\"text-align: justify;\"><\/div>\n<div style=\"text-align: justify;\"><\/div>\n<div style=\"text-align: justify;\"><\/div>\n<div style=\"text-align: justify;\"><\/div>\n<div class=\"box cssBroadcastContentInfos\" style=\"text-align: justify;\"><strong>* Dr. Carsten Lekutat &amp; Lara Lekutat, Vater und Tochter, Facharzt\/TV-Mediziner und Jura-Studentin<\/strong><\/div>\n<div style=\"text-align: justify;\"><\/div>\n<div style=\"text-align: justify;\"><\/div>\n<div class=\"box cssBroadcastContentInfos\" style=\"text-align: justify;\">\n<p>Jahrelang trennten sie Beruf und Privatleben strikt, doch nun gibt es f\u00fcr TV-Arzt Dr. Carsten Lekutat und seine Tochter Lara ihren ersten gemeinsamen Talkshow-Auftritt. W\u00e4hrend der beliebte Facharzt erkl\u00e4rt, warum wir oft chronisch m\u00fcde sind, zeigt die JuraStudentin Lara, wie man Pr\u00fcfungsangst besiegt. Auf dem Riverboat sprechen sie \u00fcber das &#8222;Erbe der Angst&#8220;, die Freiheit der Schokoladenschublade und warum Lara ihren Erfolg ohne Papas Hilfe wollte. Ein inspirierendes Familiengespr\u00e4ch \u00fcber Wurzeln, Fl\u00fcgel und die Kunst, auf den eigenen K\u00f6rper zu h\u00f6ren.<\/p>\n<\/div>\n<div style=\"text-align: justify;\"><\/div>\n<div style=\"text-align: justify;\"><\/div>\n<div style=\"text-align: justify;\"><\/div>\n<div style=\"text-align: justify;\"><\/div>\n<div class=\"box cssBroadcastContentInfos\" style=\"text-align: justify;\"><strong>* Annika Lau, Moderatorin<\/strong><\/div>\n<div style=\"text-align: justify;\"><\/div>\n<div style=\"text-align: justify;\"><\/div>\n<div class=\"box cssBroadcastContentInfos\" style=\"text-align: justify;\">Annika Lau kennt das Rampenlicht &#8211; jetzt geh\u00f6rt es ihr selbst. Vom Fr\u00fchst\u00fccksfernsehen \u00fcber &#8222;Gala&#8220; bis zur gro\u00dfen Eventb\u00fchne hat sie Promis befragt, ohne sich blenden zu lassen. Am 6. Februar moderiert sie den SemperOpernball in Dresden &#8211; mit Glitzer, Haltung und Humor. Bei Riverboat spricht sie \u00fcber Starall\u00fcren, echte Begegnungen und warum Tanzen f\u00fcr sie die gr\u00f6\u00dfte Herausforderung des Abends wird. Charmant, ehrlich<br \/>\nund auf Augenh\u00f6he.<\/div>\n<div style=\"text-align: justify;\"><\/div>\n<div style=\"text-align: justify;\"><\/div>\n<div style=\"text-align: justify;\"><\/div>\n<div style=\"text-align: justify;\"><\/div>\n<div class=\"box cssBroadcastContentInfos\" style=\"text-align: justify;\"><strong>* Markus M\u00f6rl &amp; Yvonne K\u00f6nig, Neue Deutsche Welle-Star mit seiner Frau<\/strong><\/div>\n<div style=\"text-align: justify;\"><\/div>\n<div style=\"text-align: justify;\"><\/div>\n<div class=\"box cssBroadcastContentInfos\" style=\"text-align: justify;\">Immer mal was Neues wagen! Das sagten sich auch NDW-Star Markus M\u00f6rl (&#8222;Ich will Spa\u00df&#8220;) und seine Frau Yvonne. 2025 kauften sie ein in die Jahre gekommenes Hotel in Assmannshausen am Rhein. Wundersch\u00f6n gelegen, aber jede Menge Arbeit f\u00fcr die frischgebackenen Hoteliers. Fast nebenbei l\u00e4uft Markus Karriere gerade sehr erfolgreich weiter. 2026 soll ein neues Album erscheinen. Der geb\u00fcrtige Hesse hat \u00fcbrigens seine Wurzeln im Erzgebirge. Sein Gro\u00dfvater betrieb an der heutigen deutsch-tschechischen Grenze ein Hotel. Deshalb singt Markus das Feieromd-Lied mindestens genauso gerne, wie die NDW-Hymne &#8222;Ich will Spa\u00df&#8220;. Wie sich die beiden in der neuen Branche schlagen, kann man in der aktuellen ARD Staffel &#8222;Raus aufs Land&#8220; miterleben.<\/div>\n<\/div>\n<\/div>\n<\/div>\n<\/div>\n","protected":false},"excerpt":{"rendered":"<p>MDR Fernsehen, 22:00 Uhr &#8211; 00:00 Uhr (Wh.: Sa.\/So., 31.01.\/01.02., 02:10 Uhr &#8211; 04:10 Uhr)! Moderation: Kim Fisher und Joachim<\/p>\n","protected":false},"author":2,"featured_media":246979,"comment_status":"open","ping_status":"closed","sticky":false,"template":"","format":"standard","meta":{"_FSMCFIC_featured_image_caption":"","_FSMCFIC_featured_image_nocaption":"","_FSMCFIC_featured_image_hide":""},"categories":[22,28,128],"tags":[131],"acf":[],"_links":{"self":[{"href":"https:\/\/smago.de\/ws2\/wp-json\/wp\/v2\/posts\/254866"}],"collection":[{"href":"https:\/\/smago.de\/ws2\/wp-json\/wp\/v2\/posts"}],"about":[{"href":"https:\/\/smago.de\/ws2\/wp-json\/wp\/v2\/types\/post"}],"author":[{"embeddable":true,"href":"https:\/\/smago.de\/ws2\/wp-json\/wp\/v2\/users\/2"}],"replies":[{"embeddable":true,"href":"https:\/\/smago.de\/ws2\/wp-json\/wp\/v2\/comments?post=254866"}],"version-history":[{"count":2,"href":"https:\/\/smago.de\/ws2\/wp-json\/wp\/v2\/posts\/254866\/revisions"}],"predecessor-version":[{"id":254868,"href":"https:\/\/smago.de\/ws2\/wp-json\/wp\/v2\/posts\/254866\/revisions\/254868"}],"wp:featuredmedia":[{"embeddable":true,"href":"https:\/\/smago.de\/ws2\/wp-json\/wp\/v2\/media\/246979"}],"wp:attachment":[{"href":"https:\/\/smago.de\/ws2\/wp-json\/wp\/v2\/media?parent=254866"}],"wp:term":[{"taxonomy":"category","embeddable":true,"href":"https:\/\/smago.de\/ws2\/wp-json\/wp\/v2\/categories?post=254866"},{"taxonomy":"post_tag","embeddable":true,"href":"https:\/\/smago.de\/ws2\/wp-json\/wp\/v2\/tags?post=254866"}],"curies":[{"name":"wp","href":"https:\/\/api.w.org\/{rel}","templated":true}]}}