{"id":254840,"date":"2026-01-30T00:00:18","date_gmt":"2026-01-29T23:00:18","guid":{"rendered":"https:\/\/smago.de\/ws2\/?p=254840"},"modified":"2026-01-29T23:04:45","modified_gmt":"2026-01-29T22:04:45","slug":"lara-zoe-i-love-schlager-ist-ein-frischer-popschlager-mit-herz-und-haltung","status":"publish","type":"post","link":"https:\/\/smago.de\/ws2\/pop-schlager\/lara-zoe-i-love-schlager-ist-ein-frischer-popschlager-mit-herz-und-haltung\/","title":{"rendered":"LARA ZOE <br>\u201eI Love Schlager\u201c ist ein frischer Popschlager mit Herz und Haltung!"},"content":{"rendered":"<p style=\"text-align: justify;\">Schlager ist f\u00fcr die junge Schweizerin ein Lebensgef\u00fchl!<!--more--><\/p>\n<p>&nbsp;<\/p>\n<p>&nbsp;<\/p>\n<p style=\"text-align: justify;\">Mit gerade einmal 15 Jahren setzt LARA ZOE ein selbstbewusstes Statement: \u201eI Love Schlager \u2013 und ich steh total dazu.\u201c Ihre neue Radio-Single \u201eI Love Schlager\u201c ist nicht nur ein der Titel der neuen Single der jungen S\u00e4ngerin, sondern ein klares Bekenntnis. Die junge Schweizerin zeigt damit eindrucksvoll, wie modern, positiv und energiegeladen Popschlager 2026 klingen kann.<\/p>\n<p style=\"text-align: justify;\">In \u201eI Love Schlager\u201c geht es um Lebensfreude, B\u00fchnenlust und Identit\u00e4t. LARA ZOE singt \u00fcber ihre Begeisterung f\u00fcr die B\u00fchne, \u00fcber das Gef\u00fchl, ganz sie selbst zu sein, und \u00fcber die verbindende Kraft der Schlagermusik. Zeilen \u00fcber Tr\u00e4ume, die wahr werden, und den \u201ereinen Wahnsinn\u201c Schlager transportieren genau das, was Fans am Genre lieben: Emotion, Optimismus und ein Hauch von Glitzer.<\/p>\n<p style=\"text-align: justify;\">Gleichzeitig spricht der Text eine junge Generation an. Die Mischung aus deutschen und englischen Phrasen (\u201eYes, I Do\u201c) verleiht dem Song einen zeitgem\u00e4\u00dfen Touch und zeigt, dass Schlager l\u00e4ngst nicht mehr nur ein kleines Publikum bedient.<\/p>\n<p style=\"text-align: justify;\">Dass LARA ZOE sich auf der B\u00fchne so woh lf\u00fchlt, kommt nicht von ungef\u00e4hr. Geboren 2010 in eine k\u00fcnstlerische Familie, stand sie praktisch von klein auf im Rampenlicht. Bereits mit vier Jahren \u00e4u\u00dferte sie den Wunsch, selbst einmal auf der B\u00fchne zu stehen. Kurz darauf folgten erste Auftritte an der Seite ihres Vaters, dem Schweizer Entertainer und Bauchredner MARCO KNITTEL.<\/p>\n<p style=\"text-align: justify;\">Ob Gala-Auftritte, Moderationen oder Shows auf dem Kreuzfahrtschiff MS Edelweiss \u2013 Teenager LARA ZOE sammelte fr\u00fch wertvolle B\u00fchnenerfahrung. Ein wichtiger Meilenstein war der Frauenfelder Weihnachtszirkus, f\u00fcr den sie nicht nur sang, sondern auch ein eigenes Album (\u201eWeihnachten mit LARA ZOE\u201c) per Crowdfunding realisierte.<\/p>\n<p style=\"text-align: justify;\">Ein Schl\u00fcsselmoment ihrer noch jungen Karriere: ALPENLAND SEPP wurde auf sie aufmerksam und f\u00f6rderte sie. Es folgten Auftritte mit bekannten Namen wie MELISSA NASCHENWENG und ANDY BORG. Sp\u00e4testens hier zeigte sich, dass LARA ZOE eine ernstzunehmende junge Interpretin mit Ausstrahlung und Stimme ist.<\/p>\n<p style=\"text-align: justify;\">Seit 2023 arbeitet sie mit Erfolgsproduzenten CHARLY BEREITER zusammen. Schon ihre Deb\u00fctsingle \u201eDas ist unser Sommer\u201c deutete an, wohin die Reise geht: moderner Popschlager mit Ohrwurm-Potenzial. \u201eI love Schlager\u201c kn\u00fcpft genau daran an und hebt ihr Profil weiter.<\/p>\n<p style=\"text-align: justify;\">Die Single wirkt wie eine Kampfansage an alle, die Schlager f\u00fcr altmodisch halten. LARA ZOE steht f\u00fcr eine Generation, die das Genre neu denkt, und zwar mit frischem Sound, mit klarer Haltung und echter Freude an der Musik. \u201eI love Schlager\u201c ist so gesehen ein Versprechen: Der Schlager lebt \u2013 und der Nachwuchs steht schon bereit.<\/p>\n<p style=\"text-align: justify;\">LARA ZOE geh\u00f6rt definitiv zu den spannendsten jungen Stimmen, die man 2026 im Auge behalten sollte.<\/p>\n","protected":false},"excerpt":{"rendered":"<p>Schlager ist f\u00fcr die junge Schweizerin ein Lebensgef\u00fchl!<\/p>\n","protected":false},"author":2,"featured_media":254653,"comment_status":"open","ping_status":"closed","sticky":false,"template":"","format":"standard","meta":{"_FSMCFIC_featured_image_caption":"","_FSMCFIC_featured_image_nocaption":"","_FSMCFIC_featured_image_hide":""},"categories":[28],"tags":[3156],"acf":[],"_links":{"self":[{"href":"https:\/\/smago.de\/ws2\/wp-json\/wp\/v2\/posts\/254840"}],"collection":[{"href":"https:\/\/smago.de\/ws2\/wp-json\/wp\/v2\/posts"}],"about":[{"href":"https:\/\/smago.de\/ws2\/wp-json\/wp\/v2\/types\/post"}],"author":[{"embeddable":true,"href":"https:\/\/smago.de\/ws2\/wp-json\/wp\/v2\/users\/2"}],"replies":[{"embeddable":true,"href":"https:\/\/smago.de\/ws2\/wp-json\/wp\/v2\/comments?post=254840"}],"version-history":[{"count":2,"href":"https:\/\/smago.de\/ws2\/wp-json\/wp\/v2\/posts\/254840\/revisions"}],"predecessor-version":[{"id":254882,"href":"https:\/\/smago.de\/ws2\/wp-json\/wp\/v2\/posts\/254840\/revisions\/254882"}],"wp:featuredmedia":[{"embeddable":true,"href":"https:\/\/smago.de\/ws2\/wp-json\/wp\/v2\/media\/254653"}],"wp:attachment":[{"href":"https:\/\/smago.de\/ws2\/wp-json\/wp\/v2\/media?parent=254840"}],"wp:term":[{"taxonomy":"category","embeddable":true,"href":"https:\/\/smago.de\/ws2\/wp-json\/wp\/v2\/categories?post=254840"},{"taxonomy":"post_tag","embeddable":true,"href":"https:\/\/smago.de\/ws2\/wp-json\/wp\/v2\/tags?post=254840"}],"curies":[{"name":"wp","href":"https:\/\/api.w.org\/{rel}","templated":true}]}}