{"id":254833,"date":"2026-01-29T23:59:13","date_gmt":"2026-01-29T22:59:13","guid":{"rendered":"https:\/\/smago.de\/ws2\/?p=254833"},"modified":"2026-01-29T12:27:04","modified_gmt":"2026-01-29T11:27:04","slug":"angelo-kelly-u-a-fr-30-01-2026-in-der-talk-show-3nach9-zu-gast","status":"publish","type":"post","link":"https:\/\/smago.de\/ws2\/schlager\/angelo-kelly-u-a-fr-30-01-2026-in-der-talk-show-3nach9-zu-gast\/","title":{"rendered":"ANGELO KELLY u.a. <br>Fr. (30.01.2026) in der Talk-Show &#8222;3nach9&#8220; zu Gast!"},"content":{"rendered":"<p style=\"text-align: justify;\">NDR Fernsehen, HR Fernsehen+ WDR Fernsehen, 22:00 Uhr &#8211; 00:00 Uhr! Moderation: Judith Rakers und Giovanni di Lorenzo!<!--more--><\/p>\n<p>&nbsp;<\/p>\n<p>&nbsp;<\/p>\n<p>&nbsp;<\/p>\n<p class=\"article-intro\" style=\"text-align: justify;\">Judith Rakers und Giovanni di Lorenzo begr\u00fc\u00dfen am 30. Januar folgende G\u00e4ste: Bundesarbeitsministerin B\u00e4rbel Bas, Musiker Angelo Kelly, Regisseur Simon Verhoeven, Schriftsteller Klaus-Peter Wolf, Bildungsexpertin Silke M\u00fcller sowie den Unternehmer Peter Bollhagen gemeinsam mit Malermeister Ammar Bilal.<\/p>\n<h2><\/h2>\n<h2><\/h2>\n<h2><\/h2>\n<h2 style=\"text-align: justify;\">B\u00e4rbel Bas<\/h2>\n<figure class=\"imagecontainer -imagecontainer-16x9 -imagecontainer-copytext -imagecontainer-medium\" style=\"text-align: justify;\">\n<div class=\"image-ref\"><\/div><figcaption class=\"imagecontainer-caption\"><\/figcaption><\/figure>\n<p style=\"text-align: justify;\">Seit Mai 2025 ist B\u00e4rbel Bas als Bundesministerin f\u00fcr Arbeit und Soziales im Kabinett von Friedrich Merz und seit Juni gemeinsam mit Lars Klingbeil Bundesvorsitzende der SPD. B\u00e4rbel Bas gilt als bodenst\u00e4ndig, pragmatisch, sachlich und b\u00fcrgernah. Die langj\u00e4hrige Sozialpolitikerin und Gewerkschafterin erlebt nicht nur eine besondere Aufstiegsgeschichte in der SPD, sie gilt mittlerweile als eine der m\u00e4chtigsten Frauen der Partei. \u00dcber ihr Privatleben ist bekannt, dass sie in ihrer Freizeit gern Motorrad f\u00e4hrt, Fu\u00dfballfan des MSV Duisburg ist und gern blutige Thriller zur Entspannung liest. Ob ihre Hobbys es schaffen, ihren Kopf von scharfen Kritiken und Anfeindungen frei zu machen? Wie sehr ist sie mit ihrer bisherigen Amtszeit in der Koalition zufrieden? Glaubt sie an sichere Renten und warum hat sich die geb\u00fcrtige Duisburgerin \u00fcberhaupt f\u00fcr den steinigen Weg in die Politik entschieden? Das erz\u00e4hlt die fr\u00fchere Pr\u00e4sidentin des Deutschen Bundestages bei 3nach9.<\/p>\n<p>&nbsp;<\/p>\n<p>&nbsp;<\/p>\n<p>&nbsp;<\/p>\n<h2 style=\"text-align: justify;\">Simon Verhoeven<\/h2>\n<figure class=\"imagecontainer -imagecontainer-16x9 -imagecontainer-copytext -imagecontainer-medium\" style=\"text-align: justify;\"><\/figure>\n<p>&nbsp;<\/p>\n<p style=\"text-align: justify;\">Sie gelten als kreatives Mutter-Sohn-Gespann der deutschsprachigen Filmindustrie: Schauspiel-Ikone Senta Berger und Regisseur und Drehbuchautor Simon Verhoeven. Die Leinwandadaption des autobiographischen Bestsellers von Joachim Meyerhoff haben beide f\u00fcr eine weitere berufliche Zusammenarbeit zum Anlass genommen. Ende Januar kommt \u201eAch, diese L\u00fccke, diese entsetzliche L\u00fccke&#8220; in die Kinos. Senta Berger spielt die Gro\u00dfmutter des Hauptdarstellers, der an der Schauspielschule M\u00fcnchen seine Ausbildung absolviert. K\u00fcrzlich hat die gro\u00dfe Charakterdarstellerin angek\u00fcndigt, sich mit diesem Film zur\u00fcckziehen zu wollen. Ihr \u00e4lterer Sohn, Simon Verhoeven, berichtet bei 3nach9 \u00fcber die Dreharbeiten mit seiner Mutter. Eigentlich wollte die geb\u00fcrtige Wienerin ihren Sohn in das Talkstudio an der Weser begleiten. Ein Sturz f\u00fchrt nun leider zu einer Absage. Wie es der Mimin aktuell geht und welche Erinnerungen der Sohn an seine Kindheit hat, berichtet Simon Verhoeven bei 3nach9.<\/p>\n<h2><\/h2>\n<h2><\/h2>\n<h2 style=\"text-align: justify;\">Angelo Kelly<\/h2>\n<p>&nbsp;<\/p>\n<p style=\"text-align: justify;\">Er kommt zur\u00fcck auf die B\u00fchne! Nach dem Aus der Familienband hat es ein wenig gedauert, bis Angelo Kelly sich als K\u00fcnstler wiedergefunden hat. Der S\u00e4nger kommt 1981 in Spanien als j\u00fcngster Kelly-Spross zur Welt und erlebt eine Kindheit, die ihn bis heute pr\u00e4gt. Fr\u00fch wird aus dem Stra\u00dfenmusiker ein gefeierter Popstar. Mit Liedern wie &#8222;An Angel&#8220; singt der heute 44-J\u00e4hrige sich in die Herzen der Menschen und wird gemeinsam mit seinem Vater und den zw\u00f6lf Geschwistern zum musikalischen Ph\u00e4nomen der 90er Jahre. Auch sp\u00e4ter steht die bekannte Familie gern zusammen auf der B\u00fchne, bis Angelo sich zur\u00fcckzieht, um seinen eigenen Stil zu finden. 2026 will der ehemalige Teeniestar durchstarten und sein Comeback feiern. Was f\u00fcr Gedanken er sich jenseits der \u00d6ffentlichkeit macht, wie seine Kinder den neuen Angelo-Stil finden und wie schwer es ihm gefallen ist, sich von seinen langen Haaren zu trennen, fragt 3nach9 den preisgekr\u00f6nten irisch-amerikanischen Musiker und Komponisten Angelo Kelly.<\/p>\n<h2><\/h2>\n<h2><\/h2>\n<h2 style=\"text-align: justify;\">Klaus-Peter Wolf<\/h2>\n<p style=\"text-align: justify;\">\nIn Norddeutschland geh\u00f6ren er und seine Ostfriesland-Krimis l\u00e4ngst zum Kulturgut. Der Bestsellerautor Klaus-Peter Wolf, der aus Gelsenkirchen stammt und Ostfriesland sein Zuhause nennt, feiert im kommenden Jahr ein Jubil\u00e4um. Er ver\u00f6ffentlicht seinen 20.\u00a0Kriminalfall, in dem Ostfrieslands ber\u00fchmteste Kommissarin Ann Kathrin Klaasen vor der gr\u00f6\u00dften Herausforderung ihrer Karriere steht. Der Schriftsteller kann es selbst kaum glauben, dass vor genau 20\u00a0Jahren alles begann: vom Regio-Krimischreiber zum Bestsellerautor. Inzwischen hat er mehr als 15\u00a0Millionen B\u00fccher verkauft und die Verfilmungen seiner Krimis laufen zur besten Sendezeit. Wie er auf die Reise der letzten zwei Jahrzehnte zur\u00fcckblickt, was ihn inspiriert und ob er schon an einer neuen Geschichte arbeitet, will 3nach9 von Klaus-Peter Wolf in der Januar-Ausgabe erfahren.<\/p>\n<h2><\/h2>\n<h2><\/h2>\n<h2><\/h2>\n<h2 style=\"text-align: justify;\">Silke M\u00fcller<\/h2>\n<p style=\"text-align: justify;\">\nDie langj\u00e4hrige und ehemalige Schulleiterin Silke M\u00fcller, aus der N\u00e4he von Oldenburg, besch\u00e4ftigt sich nicht nur damit, was massiver Handykonsum mit Kindern und Jugendlichen macht. Sie kennt sich mit Gefahren, die im Netz lauern, bestens aus und fordert die Nutzung von Social Media beispielsweise erst ab 15 oder 16\u00a0Jahren zu gestatten. Silke M\u00fcller wei\u00df aber auch, wie k\u00fcnstliche Intelligenz (KI) Kindern schaden, sie aber auch kl\u00fcger machen kann. Die erste Digitalbotschafterin Niedersachsens warnt in ihrem neuesten Buch &#8222;Schule gegen Kinder&#8220; nun auch davor, dass das deutsche Schulsystem mit Blick auf marode Geb\u00e4ude, veraltete Lehrpl\u00e4ne, ungleiche Chancen, \u00fcberforderte Kinder und ausgebrannte Lehrer, am Abgrund steht. Bei 3nach9 erkl\u00e4rt die Bildungsexpertin und Bestsellerautorin au\u00dferdem, warum das deutsche Schulsystem ungerecht ist, Kindern die Lebenschancen raubt und sie ein radikales, zukunftssicheres Umdenken fordert.<\/p>\n<h2><\/h2>\n<h2><\/h2>\n<h2><\/h2>\n<h2 style=\"text-align: justify;\">Peter\u00a0Bollhagen\u00a0und Ammar Bilal<\/h2>\n<p style=\"text-align: justify;\">\nPeter\u00a0Bollhagen\u00a0ist Chef eines bremischen Malereibetriebs und selbst mit dem Pinsel in der Hand gro\u00df geworden. Bereits seine Eltern besa\u00dfen einen Malerbetrieb, in das Handwerk ist er &#8222;quasi hineingewachsen&#8220;. Heute besteht sein Team haupts\u00e4chlich aus Menschen mit Migrationshintergrund: &#8222;Ohne Zuwanderer m\u00fcsste ich meinen Laden morgen dicht machen&#8220;, so\u00a0Bollhagen, der au\u00dferdem Mitglied der FDP und Bremer\u00a0Landesvorsitzender des Verbandes\u00a0&#8222;Die\u00a0Familienunternehmer&#8220;\u00a0ist: &#8222;Teilweise haben hier bis zu vierzehn\u00a0verschiedene Nationen gearbeitet, aktuell sind es 25\u00a0Menschen aus zw\u00f6lf Nationen in aller Welt. Wir sind ein sehr buntes Team.&#8220; Ammar Bilal ist 2015 aus Syrien nach Deutschland geflohen. Auch er stammt aus einer Malerfamilie. Heute wird der 29-J\u00e4hrige als k\u00fcnftiger Teilhaber gehandelt: &#8222;Keiner h\u00e4tte je geglaubt, dass ich das schaffen kann.&#8220; Bilal ist seit 2018 im Betrieb, hat dort seine dreij\u00e4hrige Ausbildung absolviert und den Malergesellen gemacht. Deutschland nennt er seine zweite Heimat: &#8222;Ich m\u00f6chte auf jeden Fall in Deutschland sterben.&#8220; Wie Peter\u00a0Bollhagen\u00a0und Ammar Bilal die Stimmung im Land gegen\u00fcber Zuwanderern wahrnehmen, was es braucht, um einen Handwerkerbetrieb heute erfolgreich zu f\u00fchren und weshalb Amar trotz gelungener Integration immer noch gro\u00dfe Angst hat, das Land verlassen zu m\u00fcssen, erz\u00e4hlen die Beiden bei 3nach9.<\/p>\n","protected":false},"excerpt":{"rendered":"<p>NDR Fernsehen, HR Fernsehen+ WDR Fernsehen, 22:00 Uhr &#8211; 00:00 Uhr! Moderation: Judith Rakers und Giovanni di Lorenzo!<\/p>\n","protected":false},"author":2,"featured_media":254834,"comment_status":"open","ping_status":"closed","sticky":false,"template":"","format":"standard","meta":{"_FSMCFIC_featured_image_caption":"","_FSMCFIC_featured_image_nocaption":"","_FSMCFIC_featured_image_hide":""},"categories":[29,128],"tags":[215],"acf":[],"_links":{"self":[{"href":"https:\/\/smago.de\/ws2\/wp-json\/wp\/v2\/posts\/254833"}],"collection":[{"href":"https:\/\/smago.de\/ws2\/wp-json\/wp\/v2\/posts"}],"about":[{"href":"https:\/\/smago.de\/ws2\/wp-json\/wp\/v2\/types\/post"}],"author":[{"embeddable":true,"href":"https:\/\/smago.de\/ws2\/wp-json\/wp\/v2\/users\/2"}],"replies":[{"embeddable":true,"href":"https:\/\/smago.de\/ws2\/wp-json\/wp\/v2\/comments?post=254833"}],"version-history":[{"count":2,"href":"https:\/\/smago.de\/ws2\/wp-json\/wp\/v2\/posts\/254833\/revisions"}],"predecessor-version":[{"id":254836,"href":"https:\/\/smago.de\/ws2\/wp-json\/wp\/v2\/posts\/254833\/revisions\/254836"}],"wp:featuredmedia":[{"embeddable":true,"href":"https:\/\/smago.de\/ws2\/wp-json\/wp\/v2\/media\/254834"}],"wp:attachment":[{"href":"https:\/\/smago.de\/ws2\/wp-json\/wp\/v2\/media?parent=254833"}],"wp:term":[{"taxonomy":"category","embeddable":true,"href":"https:\/\/smago.de\/ws2\/wp-json\/wp\/v2\/categories?post=254833"},{"taxonomy":"post_tag","embeddable":true,"href":"https:\/\/smago.de\/ws2\/wp-json\/wp\/v2\/tags?post=254833"}],"curies":[{"name":"wp","href":"https:\/\/api.w.org\/{rel}","templated":true}]}}