{"id":254823,"date":"2026-01-28T21:12:05","date_gmt":"2026-01-28T20:12:05","guid":{"rendered":"https:\/\/smago.de\/ws2\/?p=254823"},"modified":"2026-01-29T10:22:34","modified_gmt":"2026-01-29T09:22:34","slug":"anna-carina-woitschack-u-a-heute-28-01-2026-in-der-sendung-ich-bin-ein-star-holt-mich-hier-raus-die-stunde-danach-zu-gast","status":"publish","type":"post","link":"https:\/\/smago.de\/ws2\/pop-schlager\/anna-carina-woitschack-u-a-heute-28-01-2026-in-der-sendung-ich-bin-ein-star-holt-mich-hier-raus-die-stunde-danach-zu-gast\/","title":{"rendered":"ANNA-CARINA WOITSCHACK u.a. <br>Heute (28.01.2026) in der Sendung &#8222;Ich bin ein Star &#8211; Holt mich hier raus! Die Stunde danach&#8220; zu Gast!"},"content":{"rendered":"<p>22:30 Uhr &#8211; 23:30 Uhr (Wh. in der Nacht auf 29.01., 02:30 Uhr &#8211; 03:30 Uhr)!\u00a0Moderation: <span class=\"kurztext\">Angela Finger-Erben und Olivia Jones!<\/span><!--more--><\/p>\n<p>&nbsp;<\/p>\n<p>&nbsp;<\/p>\n<p style=\"text-align: justify;\"><span class=\"kurztext\">Im Dschungel tobt das Chaos, in K\u00f6ln wird dr\u00fcber geredet: In &#8222;Die Stunde danach&#8220; \u00fcbernehmen Angela Finger-Erben und Olivia Jones direkt nach &#8222;Ich bin ein Star &#8211; Holt mich hier raus!&#8220; das Kommando. <\/span><\/p>\n<p style=\"text-align: justify;\"><span class=\"kurztext\">Heute (28.01.2026) mit Anna-Carina Woitschack, Thorsten Legat und Antonia Hemmer. <\/span><\/p>\n<p style=\"text-align: justify;\"><span class=\"kurztext\">Wenn im Camp die Glut glimmt, lodert hier der Buschfunk.<\/span><\/p>\n<div class=\"besetzung\" style=\"text-align: justify;\"><\/div>\n<div><\/div>\n<div>\n<figure id=\"attachment_254824\" aria-describedby=\"caption-attachment-254824\" style=\"width: 800px\" class=\"wp-caption alignnone\"><img decoding=\"async\" loading=\"lazy\" class=\"size-large wp-image-254824\" src=\"https:\/\/smago.de\/ws2\/wp-content\/uploads\/2026\/01\/B1673-5-800x533.jpg\" alt=\"\" width=\"800\" height=\"533\" srcset=\"https:\/\/smago.de\/ws2\/wp-content\/uploads\/2026\/01\/B1673-5-800x533.jpg 800w, https:\/\/smago.de\/ws2\/wp-content\/uploads\/2026\/01\/B1673-5-522x348.jpg 522w, https:\/\/smago.de\/ws2\/wp-content\/uploads\/2026\/01\/B1673-5-225x150.jpg 225w, https:\/\/smago.de\/ws2\/wp-content\/uploads\/2026\/01\/B1673-5-768x512.jpg 768w, https:\/\/smago.de\/ws2\/wp-content\/uploads\/2026\/01\/B1673-5-1536x1024.jpg 1536w, https:\/\/smago.de\/ws2\/wp-content\/uploads\/2026\/01\/B1673-5-2048x1365.jpg 2048w, https:\/\/smago.de\/ws2\/wp-content\/uploads\/2026\/01\/B1673-5-392x261.jpg 392w, https:\/\/smago.de\/ws2\/wp-content\/uploads\/2026\/01\/B1673-5-130x87.jpg 130w, https:\/\/smago.de\/ws2\/wp-content\/uploads\/2026\/01\/B1673-5-668x445.jpg 668w, https:\/\/smago.de\/ws2\/wp-content\/uploads\/2026\/01\/B1673-5-783x522.jpg 783w, https:\/\/smago.de\/ws2\/wp-content\/uploads\/2026\/01\/B1673-5-285x190.jpg 285w, https:\/\/smago.de\/ws2\/wp-content\/uploads\/2026\/01\/B1673-5-435x290.jpg 435w, https:\/\/smago.de\/ws2\/wp-content\/uploads\/2026\/01\/B1673-5-150x100.jpg 150w, https:\/\/smago.de\/ws2\/wp-content\/uploads\/2026\/01\/B1673-5-370x247.jpg 370w\" sizes=\"(max-width: 800px) 100vw, 800px\" \/><figcaption id=\"caption-attachment-254824\" class=\"wp-caption-text\"><em>Olivia Jones (l.) und Angela Finger-Erben<\/em><\/p>\n<p><em>Foto-Credit: RTL<\/em><\/p>\n<p><em>Bitte beachten Sie auch <strong><a href=\"http:\/\/www.rtlplus.de\">RTLplus<\/a><\/strong>!<\/em><\/figcaption><\/figure>\n<\/div>\n","protected":false},"excerpt":{"rendered":"<p>22:30 Uhr &#8211; 23:30 Uhr (Wh. in der Nacht auf 29.01., 02:30 Uhr &#8211; 03:30 Uhr)!\u00a0Moderation: Angela Finger-Erben und Olivia<\/p>\n","protected":false},"author":2,"featured_media":254824,"comment_status":"open","ping_status":"closed","sticky":false,"template":"","format":"standard","meta":{"_FSMCFIC_featured_image_caption":"","_FSMCFIC_featured_image_nocaption":"","_FSMCFIC_featured_image_hide":""},"categories":[28,128],"tags":[758],"acf":[],"_links":{"self":[{"href":"https:\/\/smago.de\/ws2\/wp-json\/wp\/v2\/posts\/254823"}],"collection":[{"href":"https:\/\/smago.de\/ws2\/wp-json\/wp\/v2\/posts"}],"about":[{"href":"https:\/\/smago.de\/ws2\/wp-json\/wp\/v2\/types\/post"}],"author":[{"embeddable":true,"href":"https:\/\/smago.de\/ws2\/wp-json\/wp\/v2\/users\/2"}],"replies":[{"embeddable":true,"href":"https:\/\/smago.de\/ws2\/wp-json\/wp\/v2\/comments?post=254823"}],"version-history":[{"count":1,"href":"https:\/\/smago.de\/ws2\/wp-json\/wp\/v2\/posts\/254823\/revisions"}],"predecessor-version":[{"id":254825,"href":"https:\/\/smago.de\/ws2\/wp-json\/wp\/v2\/posts\/254823\/revisions\/254825"}],"wp:featuredmedia":[{"embeddable":true,"href":"https:\/\/smago.de\/ws2\/wp-json\/wp\/v2\/media\/254824"}],"wp:attachment":[{"href":"https:\/\/smago.de\/ws2\/wp-json\/wp\/v2\/media?parent=254823"}],"wp:term":[{"taxonomy":"category","embeddable":true,"href":"https:\/\/smago.de\/ws2\/wp-json\/wp\/v2\/categories?post=254823"},{"taxonomy":"post_tag","embeddable":true,"href":"https:\/\/smago.de\/ws2\/wp-json\/wp\/v2\/tags?post=254823"}],"curies":[{"name":"wp","href":"https:\/\/api.w.org\/{rel}","templated":true}]}}