{"id":254813,"date":"2026-01-29T00:00:16","date_gmt":"2026-01-28T23:00:16","guid":{"rendered":"https:\/\/smago.de\/ws2\/?p=254813"},"modified":"2026-01-28T20:41:26","modified_gmt":"2026-01-28T19:41:26","slug":"alexander-wurz-die-egerlaender-musikanten-70-jahre-egerlaender-musikanten-die-aera-geht-weiter","status":"publish","type":"post","link":"https:\/\/smago.de\/ws2\/volksmusik\/alexander-wurz-die-egerlaender-musikanten-70-jahre-egerlaender-musikanten-die-aera-geht-weiter\/","title":{"rendered":"ALEXANDER WURZ &#038; DIE EGERL\u00c4NDER MUSIKANTEN <br>70 Jahre Egerl\u00e4nder Musikanten: Die \u00c4ra geht weiter!"},"content":{"rendered":"<p style=\"text-align: justify;\">Gro\u00dfe Jubil\u00e4umstournee 2026 mit neuem musikalischen Leiter Alexander Wurz!<!--more--><\/p>\n<p style=\"text-align: justify;\">\n<p style=\"text-align: justify;\">\n<p style=\"text-align: justify;\">&#8222;Die Egerl\u00e4nder Musikanten \u2013 Das Original\u201d feiern 2026 ihr 70-j\u00e4hriges Bestehen \u2013 unter anderem auch auf mehreren Stops in ganz \u00d6sterreich. Auf ihrer gro\u00dfen Jubil\u00e4umstournee haben sie nicht nur jahrzehntelange Musikgeschichte im Gep\u00e4ck &#8211; sondern ebenfalls einen neuen musikalischen Leiter. Alexander Wurz f\u00fchrt die Egerl\u00e4nder Tradition mit frischem Klang und eigener Handschrift in die Zukunft. Und auch, wenn die \u201cOriginal Egerl\u00e4nder Musikanten\u201d sich immer wieder neu erfinden &#8211; das Orchester steht wie kaum ein anderes f\u00fcr gelebte musikalische Kontinuit\u00e4t, handwerkliche Pr\u00e4zision und Blasmusik auf allerh\u00f6chstem Niveau.<\/p>\n<p style=\"text-align: justify;\">Seit der Gr\u00fcndung durch Ernst Mosch im Jahr 1956 haben sich die \u201eOriginal Egerl\u00e4nder Musikanten\u201c weltweit einen Namen gemacht. Mosch pr\u00e4gte den typischen, emotionalen und zugleich swingenden Klang. Ernst Hutter f\u00fchrte das Orchester w\u00e4hrend der letzten 25 Jahre mit eigenen Arrangements und einer neuen Generation an Solisten ins 21. Jahrhundert und ebnete mit \u201eseinen Egerl\u00e4ndern\u201d, seiner Beharrlichkeit und seinen Visionen den Weg f\u00fcr die heute \u00fcberall sp\u00fcrbare Blasmusik-Begeisterung in allen Generationen.<\/p>\n<p class=\"default\" style=\"text-align: justify;\">Nun folgt mit Alexander Wurz der n\u00e4chste Schritt: Der 40-j\u00e4hrige Tenorhornist und Dirigent, selbst seit 15 Jahren Teil des Orchesters, wurde von Ernst Hutter als Nachfolger ausgew\u00e4hlt. Mit ihm bleibt das Ensemble seiner Linie treu \u2013 und ist gleichzeitig voll im Hier und Jetzt angekommen. Wurz macht das, was Mosch und Hutter vor ihm getan haben: Das Orchester\u00a0mit Gef\u00fchl f\u00fcr die Tradition weiterentwickeln, neue Impulse setzen &#8211; und die Musik mit Leidenschaft in die Zukunft tragen.<\/p>\n<p style=\"text-align: justify;\">\n<p style=\"text-align: justify;\">\n<p style=\"text-align: justify;\">\n<h3 id=\"isPasted\" class=\"default-heading3\" style=\"text-align: justify;\">Das Programm im Jubil\u00e4umsjahr<\/h3>\n<p style=\"text-align: justify;\">\n<p class=\"default\" style=\"text-align: justify;\">Das Publikum erwartet ein mitrei\u00dfendes Konzertprogramm in drei Teilen, das die Geschichte des Orchesters musikalisch erz\u00e4hlt:\u00a0Der erste Teil ist dem Gr\u00fcnder Ernst Mosch gewidmet \u2013 mit Klassikern wie \u201eDort tief im B\u00f6hmerwald\u201c oder der \u201eL\u00f6ffelpolka\u201c.\u00a0Anschlie\u00dfend wird die \u00c4ra von Ernst Hutter gefeiert, mit Erfolgen wie \u201eRosamunde\u201c oder \u201eDas Feuer brennt weiter\u201c.\u00a0Teil 3 zeigt die Gegenwart und Zukunft der Egerl\u00e4nder Musikanten \u2013 mit neuen Kompositionen aus den Reihen des Orchesters und Alexander Wurz\u2019 eigens geschriebener Marsch \u201eZeitenwende\u201c, der Tradition, Swing und Moderne eindrucksvoll Weise verbindet.\u00a0Besonders hervorzuheben ist das gro\u00dfe Solisten-Medley mit Musikern aller Generationen, die den Egerl\u00e4nder Klang heute pr\u00e4gen \u2013 und das Publikum mit Pr\u00e4zision, Virtuosit\u00e4t und Spielfreude begeistern. \u00dcbrigens: Der neue musikalische Leiter ist nicht nur am Tenorhorn aktiv &#8211; auch gesanglich ist Alexander Wurz pr\u00e4sent &#8211; ganz im Stil des Orchestergr\u00fcnders Ernst Mosch.<\/p>\n","protected":false},"excerpt":{"rendered":"<p>Gro\u00dfe Jubil\u00e4umstournee 2026 mit neuem musikalischen Leiter Alexander Wurz!<\/p>\n","protected":false},"author":2,"featured_media":254814,"comment_status":"open","ping_status":"closed","sticky":false,"template":"","format":"standard","meta":{"_FSMCFIC_featured_image_caption":"","_FSMCFIC_featured_image_nocaption":"","_FSMCFIC_featured_image_hide":""},"categories":[30],"tags":[4950],"acf":[],"_links":{"self":[{"href":"https:\/\/smago.de\/ws2\/wp-json\/wp\/v2\/posts\/254813"}],"collection":[{"href":"https:\/\/smago.de\/ws2\/wp-json\/wp\/v2\/posts"}],"about":[{"href":"https:\/\/smago.de\/ws2\/wp-json\/wp\/v2\/types\/post"}],"author":[{"embeddable":true,"href":"https:\/\/smago.de\/ws2\/wp-json\/wp\/v2\/users\/2"}],"replies":[{"embeddable":true,"href":"https:\/\/smago.de\/ws2\/wp-json\/wp\/v2\/comments?post=254813"}],"version-history":[{"count":1,"href":"https:\/\/smago.de\/ws2\/wp-json\/wp\/v2\/posts\/254813\/revisions"}],"predecessor-version":[{"id":254815,"href":"https:\/\/smago.de\/ws2\/wp-json\/wp\/v2\/posts\/254813\/revisions\/254815"}],"wp:featuredmedia":[{"embeddable":true,"href":"https:\/\/smago.de\/ws2\/wp-json\/wp\/v2\/media\/254814"}],"wp:attachment":[{"href":"https:\/\/smago.de\/ws2\/wp-json\/wp\/v2\/media?parent=254813"}],"wp:term":[{"taxonomy":"category","embeddable":true,"href":"https:\/\/smago.de\/ws2\/wp-json\/wp\/v2\/categories?post=254813"},{"taxonomy":"post_tag","embeddable":true,"href":"https:\/\/smago.de\/ws2\/wp-json\/wp\/v2\/tags?post=254813"}],"curies":[{"name":"wp","href":"https:\/\/api.w.org\/{rel}","templated":true}]}}