{"id":254794,"date":"2026-01-28T16:23:12","date_gmt":"2026-01-28T15:23:12","guid":{"rendered":"https:\/\/smago.de\/ws2\/?p=254794"},"modified":"2026-01-28T16:23:41","modified_gmt":"2026-01-28T15:23:41","slug":"marie-reim-am-13-02-2026-erscheint-ihre-neue-single-vitamin-du","status":"publish","type":"post","link":"https:\/\/smago.de\/ws2\/pop-schlager\/marie-reim-am-13-02-2026-erscheint-ihre-neue-single-vitamin-du\/","title":{"rendered":"MARIE REIM <br>Am 13.02.2026 erscheint ihre neue Single &#8222;Vitamin Du&#8220;!"},"content":{"rendered":"<p>Und: Marie Reim hat ihren Vertrag bei Sony Music verl\u00e4ngert!<!--more--><\/p>\n<p>&nbsp;<\/p>\n<p style=\"text-align: justify;\">\n<p style=\"text-align: justify;\"><span style=\"font-family: georgia, palatino, serif; font-size: 12pt;\"><strong>Berlin, 28. Januar 2026<\/strong> &#8211; <strong>Sony Music Entertainment<\/strong> gibt die Vertragsverl\u00e4ngerung mit <strong>MARIE REIM<\/strong> bekannt. Zeitgleich pr\u00e4sentiert die K\u00fcnstlerin heute das Snippet ihrer kommenden Single <strong>\u201eVitamin Du\u201c<\/strong>, die am 13. Februar 2026 erscheint.<\/span><\/p>\n<p style=\"text-align: justify;\"><strong>Marie Reim<\/strong>, geboren in K\u00f6ln, ist seit fr\u00fchester Kindheit von Musik gepr\u00e4g. Als Tochter von <strong>Matthias Reim<\/strong> und <strong>Michelle<\/strong> f\u00fchrt sie eine musikalische Tradition fort, entwickelt jedoch einen ganz eigenen, modernen Stil. Bereits mit 17 Jahren wurde sie von Sony Music unter Vertrag genommen \u2013 seither hat sie sich kontinuierlich als S\u00e4ngerin und Songwriterin weiterentwickelt.<\/p>\n<p style=\"text-align: justify;\">Mit <strong>\u201eVitamin Du\u201c<\/strong> schl\u00e4gt <strong>Marie Reim<\/strong> nun ein neues kreatives Kapitel auf. Der Song verbindet zeitgem\u00e4\u00dfe Pop-Klangwelten mit emotionaler Tiefe und steht sinnbildlich f\u00fcr ihre klare k\u00fcnstlerische Haltung: selbstbewusst, authentisch und absolut im Jetzt. Inhaltlich feiert der Track jene Menschen, die Kraft geben, Optimismus ausl\u00f6sen und den Alltag heller machen \u2013 ein Thema, das unmittelbar zug\u00e4nglich und zugleich pers\u00f6nlich ist.<\/p>\n<p style=\"text-align: justify;\">Mit <strong>\u201eVitamin Du\u201c <\/strong>unterstreicht <strong>Marie Reim<\/strong> eindrucksvoll ihren Anspruch, als moderne Solo-K\u00fcnstlerin ihren Weg konsequent weiterzugehen. Der Song zeigt sie frischer, offener und musikalisch pr\u00e4ziser denn je \u2013 und markiert eine neue Etappe in ihrer Karriere.<span style=\"font-family: georgia, palatino, serif; font-size: 12pt;\"><br \/>\n<\/span><\/p>\n","protected":false},"excerpt":{"rendered":"<p>Und: Marie Reim hat ihren Vertrag bei Sony Music verl\u00e4ngert!<\/p>\n","protected":false},"author":2,"featured_media":254795,"comment_status":"open","ping_status":"closed","sticky":false,"template":"","format":"standard","meta":{"_FSMCFIC_featured_image_caption":"","_FSMCFIC_featured_image_nocaption":"","_FSMCFIC_featured_image_hide":""},"categories":[28,39],"tags":[1369],"acf":[],"_links":{"self":[{"href":"https:\/\/smago.de\/ws2\/wp-json\/wp\/v2\/posts\/254794"}],"collection":[{"href":"https:\/\/smago.de\/ws2\/wp-json\/wp\/v2\/posts"}],"about":[{"href":"https:\/\/smago.de\/ws2\/wp-json\/wp\/v2\/types\/post"}],"author":[{"embeddable":true,"href":"https:\/\/smago.de\/ws2\/wp-json\/wp\/v2\/users\/2"}],"replies":[{"embeddable":true,"href":"https:\/\/smago.de\/ws2\/wp-json\/wp\/v2\/comments?post=254794"}],"version-history":[{"count":2,"href":"https:\/\/smago.de\/ws2\/wp-json\/wp\/v2\/posts\/254794\/revisions"}],"predecessor-version":[{"id":254797,"href":"https:\/\/smago.de\/ws2\/wp-json\/wp\/v2\/posts\/254794\/revisions\/254797"}],"wp:featuredmedia":[{"embeddable":true,"href":"https:\/\/smago.de\/ws2\/wp-json\/wp\/v2\/media\/254795"}],"wp:attachment":[{"href":"https:\/\/smago.de\/ws2\/wp-json\/wp\/v2\/media?parent=254794"}],"wp:term":[{"taxonomy":"category","embeddable":true,"href":"https:\/\/smago.de\/ws2\/wp-json\/wp\/v2\/categories?post=254794"},{"taxonomy":"post_tag","embeddable":true,"href":"https:\/\/smago.de\/ws2\/wp-json\/wp\/v2\/tags?post=254794"}],"curies":[{"name":"wp","href":"https:\/\/api.w.org\/{rel}","templated":true}]}}