{"id":254751,"date":"2026-01-27T09:15:19","date_gmt":"2026-01-27T08:15:19","guid":{"rendered":"https:\/\/smago.de\/ws2\/?p=254751"},"modified":"2026-01-27T13:57:12","modified_gmt":"2026-01-27T12:57:12","slug":"ich-bin-ein-star-holt-mich-hier-raus-keine-sterne-aber-satter-tagessieg","status":"publish","type":"post","link":"https:\/\/smago.de\/ws2\/smago-informiert\/ich-bin-ein-star-holt-mich-hier-raus-keine-sterne-aber-satter-tagessieg\/","title":{"rendered":"&#8222;ICH BIN EIN STAR \u2013 HOLT MICH HIER RAUS!&#8220; <br>Keine Sterne, aber satter Tagessieg!"},"content":{"rendered":"<p style=\"text-align: justify;\">RTL dominiert den Montag (26.01.2026)!<br \/>\n<!--more--><\/p>\n<p>&nbsp;<\/p>\n<p>&nbsp;<\/p>\n<p>&nbsp;<\/p>\n<p style=\"text-align: justify;\">Montagabend, Primetime, Australien ruft \u2013 und Deutschland schaut zu: Die vierte Live-Show von &#8222;Ich bin ein Star \u2013 Holt mich hier raus!&#8220; hat erneut geliefert. Mit 3,82 Millionen Zuschauern ab 3 Jahren \u2013 in der Spitze bis zu 4,06 Millionen \u2013 holt das Dschungelcamp den zweitst\u00e4rksten Staffelwert. Auch in der Zielgruppe der 14- bis 59-J\u00e4hrigen punktete das Dschungelcamp mit dem zweitbesten Staffelwert und 22,0 Prozent Marktanteil. Bei den 14- bis 49-J\u00e4hrigen liegt der Marktanteil bei 24,3 Prozent.<\/p>\n<p style=\"text-align: justify;\">&#8222;Ich bin ein Star \u2013 Holt mich hier raus! Die Stunde danach&#8220; erreichte mit der gestrigen Folge sogar beim Gesamtpublikum mit 2,35 Millionen Zuschauern einen neuen Staffelbestwert und erreichte in den jungen Zielgruppen Marktanteile von 24,1 Prozent (14-59 Jahre) und 25,1 Prozent (14-49 Jahre). Alle Werte liegen hier jeweils \u00fcber den Vorjahreswerten.<\/p>\n<p style=\"text-align: justify;\">Mit einem Tagesmarktanteil von 14,6 Prozent war RTL am Montag die klare Nummer Eins bei den 14- bis 59-J\u00e4hrigen. Auch bei den 14- bis 49-J\u00e4hrigen dominierte RTL mit einem starken Tagesmarktanteil von 17,0 Prozent alle anderen Sender.<\/p>\n<p style=\"text-align: justify;\">Heute Abend (27.01.2026) um 20:15 Uhr zeigen RTL und RTL+ die 5. Live-Show von &#8222;Ich bin ein Star \u2013 Holt mich hier raus!&#8220;.<\/p>\n<p>&nbsp;<\/p>\n<p style=\"text-align: justify;\"><em>Quelle f\u00fcr die TV-Quoten: AGF \/ GfK \/ DAP AGF SCOPE \/ RTL DATA \/ vorl. gew. \/ Stand: 27.01.2026<\/em><\/p>\n<p>&nbsp;<\/p>\n<p>&nbsp;<\/p>\n<figure id=\"attachment_254752\" aria-describedby=\"caption-attachment-254752\" style=\"width: 800px\" class=\"wp-caption alignnone\"><img decoding=\"async\" loading=\"lazy\" class=\"size-large wp-image-254752\" src=\"https:\/\/smago.de\/ws2\/wp-content\/uploads\/2026\/01\/Bild-27.01.26-um-09.13-800x450.jpg\" alt=\"\" width=\"800\" height=\"450\" srcset=\"https:\/\/smago.de\/ws2\/wp-content\/uploads\/2026\/01\/Bild-27.01.26-um-09.13-800x450.jpg 800w, https:\/\/smago.de\/ws2\/wp-content\/uploads\/2026\/01\/Bild-27.01.26-um-09.13-522x294.jpg 522w, https:\/\/smago.de\/ws2\/wp-content\/uploads\/2026\/01\/Bild-27.01.26-um-09.13-267x150.jpg 267w, https:\/\/smago.de\/ws2\/wp-content\/uploads\/2026\/01\/Bild-27.01.26-um-09.13-768x432.jpg 768w, https:\/\/smago.de\/ws2\/wp-content\/uploads\/2026\/01\/Bild-27.01.26-um-09.13-392x221.jpg 392w, https:\/\/smago.de\/ws2\/wp-content\/uploads\/2026\/01\/Bild-27.01.26-um-09.13-130x73.jpg 130w, https:\/\/smago.de\/ws2\/wp-content\/uploads\/2026\/01\/Bild-27.01.26-um-09.13-791x445.jpg 791w, https:\/\/smago.de\/ws2\/wp-content\/uploads\/2026\/01\/Bild-27.01.26-um-09.13-870x489.jpg 870w, https:\/\/smago.de\/ws2\/wp-content\/uploads\/2026\/01\/Bild-27.01.26-um-09.13-292x164.jpg 292w, https:\/\/smago.de\/ws2\/wp-content\/uploads\/2026\/01\/Bild-27.01.26-um-09.13-435x245.jpg 435w, https:\/\/smago.de\/ws2\/wp-content\/uploads\/2026\/01\/Bild-27.01.26-um-09.13-895x503.jpg 895w, https:\/\/smago.de\/ws2\/wp-content\/uploads\/2026\/01\/Bild-27.01.26-um-09.13.jpg 1150w\" sizes=\"(max-width: 800px) 100vw, 800px\" \/><figcaption id=\"caption-attachment-254752\" class=\"wp-caption-text\"><em>Sonja Zietlow und Jan K\u00f6ppen<\/em><\/p>\n<p><em>Foto:-Credit RTL<\/em><\/p>\n<p><em>Biitte beachten Sie auch <strong><a href=\"http:\/\/www.rtlplus.de\">RTL+<\/a><\/strong>!<\/em><\/figcaption><\/figure>\n","protected":false},"excerpt":{"rendered":"<p>RTL dominiert den Montag (26.01.2026)!<\/p>\n","protected":false},"author":2,"featured_media":254752,"comment_status":"open","ping_status":"closed","sticky":false,"template":"","format":"standard","meta":{"_FSMCFIC_featured_image_caption":"","_FSMCFIC_featured_image_nocaption":"","_FSMCFIC_featured_image_hide":""},"categories":[33,128],"tags":[],"acf":[],"_links":{"self":[{"href":"https:\/\/smago.de\/ws2\/wp-json\/wp\/v2\/posts\/254751"}],"collection":[{"href":"https:\/\/smago.de\/ws2\/wp-json\/wp\/v2\/posts"}],"about":[{"href":"https:\/\/smago.de\/ws2\/wp-json\/wp\/v2\/types\/post"}],"author":[{"embeddable":true,"href":"https:\/\/smago.de\/ws2\/wp-json\/wp\/v2\/users\/2"}],"replies":[{"embeddable":true,"href":"https:\/\/smago.de\/ws2\/wp-json\/wp\/v2\/comments?post=254751"}],"version-history":[{"count":2,"href":"https:\/\/smago.de\/ws2\/wp-json\/wp\/v2\/posts\/254751\/revisions"}],"predecessor-version":[{"id":254759,"href":"https:\/\/smago.de\/ws2\/wp-json\/wp\/v2\/posts\/254751\/revisions\/254759"}],"wp:featuredmedia":[{"embeddable":true,"href":"https:\/\/smago.de\/ws2\/wp-json\/wp\/v2\/media\/254752"}],"wp:attachment":[{"href":"https:\/\/smago.de\/ws2\/wp-json\/wp\/v2\/media?parent=254751"}],"wp:term":[{"taxonomy":"category","embeddable":true,"href":"https:\/\/smago.de\/ws2\/wp-json\/wp\/v2\/categories?post=254751"},{"taxonomy":"post_tag","embeddable":true,"href":"https:\/\/smago.de\/ws2\/wp-json\/wp\/v2\/tags?post=254751"}],"curies":[{"name":"wp","href":"https:\/\/api.w.org\/{rel}","templated":true}]}}