{"id":254738,"date":"2026-01-27T00:00:41","date_gmt":"2026-01-26T23:00:41","guid":{"rendered":"https:\/\/smago.de\/ws2\/?p=254738"},"modified":"2026-01-26T23:17:13","modified_gmt":"2026-01-26T22:17:13","slug":"stefan-dietl-die-aufdreher-zu-ihrem-song-in-der-u-bahn-sitzt-ne-kuh-gibt-es-auch-ein-lustiges-video","status":"publish","type":"post","link":"https:\/\/smago.de\/ws2\/schlager\/stefan-dietl-die-aufdreher-zu-ihrem-song-in-der-u-bahn-sitzt-ne-kuh-gibt-es-auch-ein-lustiges-video\/","title":{"rendered":"STEFAN DIETL &#038; DIE AUFDREHER <br>Zu ihrem Song &#8222;In der U-Bahn sitzt ne Kuh&#8220; gibt es auch ein lustiges Video!"},"content":{"rendered":"<p style=\"text-align: justify;\">Der Song spielt bewusst mit Gegens\u00e4tzen: Stadt trifft Land, Alltag trifft Heimatgef\u00fchl, Gro\u00dfstadttrubel trifft l\u00e4ndlichen Humor!<!--more--><\/p>\n<p style=\"text-align: justify;\">\n<p style=\"text-align: justify;\">\n<p style=\"text-align: justify;\">Mit ihrer neuen Single \u201eIn der U-Bahn sitzt ne Kuh\u201c, die ab Freitag (30.01.2026) auf allen g\u00e4ngigen Streaming-Portalen erh\u00e4ltlich ist, zeigen STEFAN DIETL &amp; DIE AUFDREHER einmal mehr, wie zeitgem\u00e4\u00df, humorvoll und lebendig Volksmusik klingen kann. Und weil Bilder manchmal mehr sagen als tausend Worte, erscheint zeitgleich auch das passende Musikvideo auf YouTube.<\/p>\n<p>Seit Jahren stehen Stefan Dietl &amp; Die Aufdreher f\u00fcr eine unverwechselbare Mischung aus traditioneller Volksmusik, modernem Schlager und jeder Menge guter Laune. Verwurzelt in der heimischen Musik, aber mit einem offenen Blick f\u00fcr Neues, erz\u00e4hlen sie Geschichten aus dem echten Leben \u2013 mal augenzwinkernd, mal herzhaft, immer mit einem Gesp\u00fcr f\u00fcr eing\u00e4ngige Melodien und ehrliche Unterhaltung.<\/p>\n<p>\u201eIn der U-Bahn sitzt ne Kuh\u201c spielt bewusst mit Gegens\u00e4tzen: Stadt trifft Land, Alltag trifft Heimatgef\u00fchl, Gro\u00dfstadttrubel trifft l\u00e4ndlichen Humor. Die Kuh in der U-Bahn wird dabei zum charmanten Sinnbild f\u00fcr Bodenst\u00e4ndigkeit und das Unangepasste \u2013 ein Bild, das schmunzeln l\u00e4sst und im Kopf bleibt. Musikalisch verbindet der Song schwungvolle Volksmusik mit schlagerhafter Leichtigkeit und einem Refrain, der sofort ins Ohr geht. Der Titel stammt aus der musikalischen Feder von Andre Busse und Rudolph Schambeck zeichnet f\u00fcr den Text verantwortlich.<\/p>\n<p>Mit dieser Ver\u00f6ffentlichung bleiben Stefan Dietl &amp; Die Aufdreher ihrem Erfolgsrezept treu: Musik, die Spa\u00df macht, N\u00e4he schafft und Menschen verbindet. Ob im Festzelt, im heimischen Musikhotel <strong><a href=\"https:\/\/www.singenderwirt.de\/\">&#8222;Mariandl&#8220;<\/a><\/strong>, im Radio oder unterwegs mit Kopfh\u00f6rern \u2013 diese Single sorgt f\u00fcr gute Laune und beweist, dass volkst\u00fcmliche Musik auch mitten in unserem Alltag ihren Platz hat.<\/p>\n<p style=\"text-align: justify;\">\n<p style=\"text-align: justify;\"><iframe loading=\"lazy\" src=\"\/\/www.youtube.com\/embed\/mKziSbPYRg0\" width=\"800\" height=\"449\" allowfullscreen=\"allowfullscreen\"><\/iframe><\/p>\n<p>&nbsp;<\/p>\n<p>&nbsp;<\/p>\n<p><img decoding=\"async\" loading=\"lazy\" class=\"alignnone size-large wp-image-254740\" src=\"https:\/\/smago.de\/ws2\/wp-content\/uploads\/2026\/01\/dietl_inder_back-800x800.jpeg\" alt=\"\" width=\"800\" height=\"800\" srcset=\"https:\/\/smago.de\/ws2\/wp-content\/uploads\/2026\/01\/dietl_inder_back-800x800.jpeg 800w, https:\/\/smago.de\/ws2\/wp-content\/uploads\/2026\/01\/dietl_inder_back-522x522.jpeg 522w, https:\/\/smago.de\/ws2\/wp-content\/uploads\/2026\/01\/dietl_inder_back-150x150.jpeg 150w, https:\/\/smago.de\/ws2\/wp-content\/uploads\/2026\/01\/dietl_inder_back-768x768.jpeg 768w, https:\/\/smago.de\/ws2\/wp-content\/uploads\/2026\/01\/dietl_inder_back-272x272.jpeg 272w, https:\/\/smago.de\/ws2\/wp-content\/uploads\/2026\/01\/dietl_inder_back-600x600.jpeg 600w, https:\/\/smago.de\/ws2\/wp-content\/uploads\/2026\/01\/dietl_inder_back-130x130.jpeg 130w, https:\/\/smago.de\/ws2\/wp-content\/uploads\/2026\/01\/dietl_inder_back-445x445.jpeg 445w, https:\/\/smago.de\/ws2\/wp-content\/uploads\/2026\/01\/dietl_inder_back-190x190.jpeg 190w, https:\/\/smago.de\/ws2\/wp-content\/uploads\/2026\/01\/dietl_inder_back-290x290.jpeg 290w, https:\/\/smago.de\/ws2\/wp-content\/uploads\/2026\/01\/dietl_inder_back.jpeg 1417w\" sizes=\"(max-width: 800px) 100vw, 800px\" \/><\/p>\n","protected":false},"excerpt":{"rendered":"<p>Der Song spielt bewusst mit Gegens\u00e4tzen: Stadt trifft Land, Alltag trifft Heimatgef\u00fchl, Gro\u00dfstadttrubel trifft l\u00e4ndlichen Humor!<\/p>\n","protected":false},"author":2,"featured_media":254739,"comment_status":"open","ping_status":"closed","sticky":false,"template":"","format":"standard","meta":{"_FSMCFIC_featured_image_caption":"","_FSMCFIC_featured_image_nocaption":"","_FSMCFIC_featured_image_hide":""},"categories":[29],"tags":[4093],"acf":[],"_links":{"self":[{"href":"https:\/\/smago.de\/ws2\/wp-json\/wp\/v2\/posts\/254738"}],"collection":[{"href":"https:\/\/smago.de\/ws2\/wp-json\/wp\/v2\/posts"}],"about":[{"href":"https:\/\/smago.de\/ws2\/wp-json\/wp\/v2\/types\/post"}],"author":[{"embeddable":true,"href":"https:\/\/smago.de\/ws2\/wp-json\/wp\/v2\/users\/2"}],"replies":[{"embeddable":true,"href":"https:\/\/smago.de\/ws2\/wp-json\/wp\/v2\/comments?post=254738"}],"version-history":[{"count":1,"href":"https:\/\/smago.de\/ws2\/wp-json\/wp\/v2\/posts\/254738\/revisions"}],"predecessor-version":[{"id":254741,"href":"https:\/\/smago.de\/ws2\/wp-json\/wp\/v2\/posts\/254738\/revisions\/254741"}],"wp:featuredmedia":[{"embeddable":true,"href":"https:\/\/smago.de\/ws2\/wp-json\/wp\/v2\/media\/254739"}],"wp:attachment":[{"href":"https:\/\/smago.de\/ws2\/wp-json\/wp\/v2\/media?parent=254738"}],"wp:term":[{"taxonomy":"category","embeddable":true,"href":"https:\/\/smago.de\/ws2\/wp-json\/wp\/v2\/categories?post=254738"},{"taxonomy":"post_tag","embeddable":true,"href":"https:\/\/smago.de\/ws2\/wp-json\/wp\/v2\/tags?post=254738"}],"curies":[{"name":"wp","href":"https:\/\/api.w.org\/{rel}","templated":true}]}}