{"id":254731,"date":"2026-01-27T00:00:53","date_gmt":"2026-01-26T23:00:53","guid":{"rendered":"https:\/\/smago.de\/ws2\/?p=254731"},"modified":"2026-01-26T18:43:27","modified_gmt":"2026-01-26T17:43:27","slug":"charlien-starker-auftritt-bei-der-winter-musi-und-charlien-startet-mit-neuen-projekten-durch","status":"publish","type":"post","link":"https:\/\/smago.de\/ws2\/pop-schlager\/charlien-starker-auftritt-bei-der-winter-musi-und-charlien-startet-mit-neuen-projekten-durch\/","title":{"rendered":"CHARLIEN <br>Starker Auftritt bei der &#8222;Winter-&#8218;Musi'&#8220;! Und: Charlien startet mit neuen Projekten durch!"},"content":{"rendered":"<p style=\"text-align: justify;\">Denn Charlien blickt damit auf ein ereignisreiches Jahr voraus \u2013 voller Musik, Emotionen und neuer Erfolge!<!--more--><\/p>\n<p>&nbsp;<\/p>\n<p>&nbsp;<\/p>\n<p style=\"text-align: justify;\">\n<p style=\"text-align: justify;\" data-start=\"248\" data-end=\"627\">Popschlagers\u00e4ngerin CHARLIEN begeisterte beim gro\u00dfen &#8222;Wenn die Musi spielt \u2013 Winter Open Air 2026&#8220;\u00a0mit einem \u00fcberzeugenden B\u00fchnenauftritt und bewies dabei einmal mehr ihr musikalisches K\u00f6nnen. Mit ihrem Titel\u00a0\u201eDich, Luft und Liebe\u201c\u00a0pr\u00e4sentierte sie sich stimmlich souver\u00e4n, ausdrucksstark und \u00e4u\u00dferst professionell \u2013 ein Auftritt, der beim Publikum gro\u00dfen Anklang fand und nachhaltig in Erinnerung blieb.<\/p>\n<p style=\"text-align: justify;\" data-start=\"629\" data-end=\"1054\">Die &#8222;Winter-&#8218;Musi&#8216; war f\u00fcr Charlien jedoch nur ein weiterer Meilenstein in einem Jahr, das ganz im Zeichen neuer musikalischer Highlights steht. Bereits Ende Februar\u00a0folgt die Ver\u00f6ffentlichung ihrer\u00a0n\u00e4chsten Single, die schon jetzt als echter Publikumsliebling gehandelt wird. Der neue Song vereint modernen Schlager-Sound mit Emotion und verspricht beste Chancen, sich in den Playlists und Radioprogrammen zu etablieren.<\/p>\n<p style=\"text-align: justify;\" data-start=\"1056\" data-end=\"1391\">Ein besonderes Augenmerk liegt zudem auf einem gro\u00dfen Projekt, das viele Fans bereits sehns\u00fcchtig erwarten: Noch in diesem Jahr erscheint ihr Deb\u00fctalbum. Damit pr\u00e4sentiert die K\u00fcnstlerin erstmals ein komplettes Werk, das ihre musikalische Entwicklung, ihre Pers\u00f6nlichkeit und ihre Leidenschaft f\u00fcr den Schlager widerspiegelt.<\/p>\n<p style=\"text-align: justify;\" data-start=\"1393\" data-end=\"1698\">Begleitend zur Album-Ver\u00f6ffentlichung stehen zahlreiche Auftritte und Veranstaltungen\u00a0auf dem Programm, bei denen Charlien ihre Musik live erlebbar macht. Mit Charme, Authentizit\u00e4t und viel N\u00e4he zum Publikum zeigt sie, dass sie zu den vielversprechenden Namen der deutschsprachigen Schlagerszene z\u00e4hlt.<\/p>\n<p style=\"text-align: justify;\" data-start=\"1700\" data-end=\"1802\">Charlien blickt damit auf ein ereignisreiches Jahr voraus \u2013 voller Musik, Emotionen und neuer Erfolge.<\/p>\n<p data-start=\"1700\" data-end=\"1802\">\n<p data-start=\"1700\" data-end=\"1802\">\n<figure id=\"attachment_254733\" aria-describedby=\"caption-attachment-254733\" style=\"width: 600px\" class=\"wp-caption alignnone\"><img decoding=\"async\" loading=\"lazy\" class=\"size-large wp-image-254733\" src=\"https:\/\/smago.de\/ws2\/wp-content\/uploads\/2026\/01\/charlien_WinterMusi1-600x800.jpg\" alt=\"\" width=\"600\" height=\"800\" srcset=\"https:\/\/smago.de\/ws2\/wp-content\/uploads\/2026\/01\/charlien_WinterMusi1-600x800.jpg 600w, https:\/\/smago.de\/ws2\/wp-content\/uploads\/2026\/01\/charlien_WinterMusi1-392x522.jpg 392w, https:\/\/smago.de\/ws2\/wp-content\/uploads\/2026\/01\/charlien_WinterMusi1-113x150.jpg 113w, https:\/\/smago.de\/ws2\/wp-content\/uploads\/2026\/01\/charlien_WinterMusi1-768x1024.jpg 768w, https:\/\/smago.de\/ws2\/wp-content\/uploads\/2026\/01\/charlien_WinterMusi1-1152x1536.jpg 1152w, https:\/\/smago.de\/ws2\/wp-content\/uploads\/2026\/01\/charlien_WinterMusi1-1536x2048.jpg 1536w, https:\/\/smago.de\/ws2\/wp-content\/uploads\/2026\/01\/charlien_WinterMusi1-204x272.jpg 204w, https:\/\/smago.de\/ws2\/wp-content\/uploads\/2026\/01\/charlien_WinterMusi1-450x600.jpg 450w, https:\/\/smago.de\/ws2\/wp-content\/uploads\/2026\/01\/charlien_WinterMusi1-98x130.jpg 98w, https:\/\/smago.de\/ws2\/wp-content\/uploads\/2026\/01\/charlien_WinterMusi1-334x445.jpg 334w, https:\/\/smago.de\/ws2\/wp-content\/uploads\/2026\/01\/charlien_WinterMusi1-143x190.jpg 143w, https:\/\/smago.de\/ws2\/wp-content\/uploads\/2026\/01\/charlien_WinterMusi1-218x290.jpg 218w, https:\/\/smago.de\/ws2\/wp-content\/uploads\/2026\/01\/charlien_WinterMusi1-510x680.jpg 510w, https:\/\/smago.de\/ws2\/wp-content\/uploads\/2026\/01\/charlien_WinterMusi1-scaled.jpg 1920w\" sizes=\"(max-width: 600px) 100vw, 600px\" \/><figcaption id=\"caption-attachment-254733\" class=\"wp-caption-text\"><\/em> <em>Foto-Credit: Hubert Molander<\/em><\/figcaption><\/figure>\n","protected":false},"excerpt":{"rendered":"<p>Denn Charlien blickt damit auf ein ereignisreiches Jahr voraus \u2013 voller Musik, Emotionen und neuer Erfolge!<\/p>\n","protected":false},"author":2,"featured_media":254732,"comment_status":"open","ping_status":"closed","sticky":false,"template":"","format":"standard","meta":{"_FSMCFIC_featured_image_caption":"","_FSMCFIC_featured_image_nocaption":"","_FSMCFIC_featured_image_hide":""},"categories":[28,39],"tags":[2418],"acf":[],"_links":{"self":[{"href":"https:\/\/smago.de\/ws2\/wp-json\/wp\/v2\/posts\/254731"}],"collection":[{"href":"https:\/\/smago.de\/ws2\/wp-json\/wp\/v2\/posts"}],"about":[{"href":"https:\/\/smago.de\/ws2\/wp-json\/wp\/v2\/types\/post"}],"author":[{"embeddable":true,"href":"https:\/\/smago.de\/ws2\/wp-json\/wp\/v2\/users\/2"}],"replies":[{"embeddable":true,"href":"https:\/\/smago.de\/ws2\/wp-json\/wp\/v2\/comments?post=254731"}],"version-history":[{"count":1,"href":"https:\/\/smago.de\/ws2\/wp-json\/wp\/v2\/posts\/254731\/revisions"}],"predecessor-version":[{"id":254734,"href":"https:\/\/smago.de\/ws2\/wp-json\/wp\/v2\/posts\/254731\/revisions\/254734"}],"wp:featuredmedia":[{"embeddable":true,"href":"https:\/\/smago.de\/ws2\/wp-json\/wp\/v2\/media\/254732"}],"wp:attachment":[{"href":"https:\/\/smago.de\/ws2\/wp-json\/wp\/v2\/media?parent=254731"}],"wp:term":[{"taxonomy":"category","embeddable":true,"href":"https:\/\/smago.de\/ws2\/wp-json\/wp\/v2\/categories?post=254731"},{"taxonomy":"post_tag","embeddable":true,"href":"https:\/\/smago.de\/ws2\/wp-json\/wp\/v2\/tags?post=254731"}],"curies":[{"name":"wp","href":"https:\/\/api.w.org\/{rel}","templated":true}]}}