{"id":254724,"date":"2026-01-26T13:03:19","date_gmt":"2026-01-26T12:03:19","guid":{"rendered":"https:\/\/smago.de\/ws2\/?p=254724"},"modified":"2026-01-26T14:15:12","modified_gmt":"2026-01-26T13:15:12","slug":"claudia-jung-ehemann-hans-singer-verstorben-alle-auftritte-bis-august-2026-abgesagt","status":"publish","type":"post","link":"https:\/\/smago.de\/ws2\/schlager\/claudia-jung-ehemann-hans-singer-verstorben-alle-auftritte-bis-august-2026-abgesagt\/","title":{"rendered":"CLAUDIA JUNG <br>Ehemann HANS SINGER verstorben &#8211; alle Auftritte bis August 2026 abgesagt!"},"content":{"rendered":"<p style=\"text-align: justify;\">Auf ihrer Facebook-Seite schreibt sie &#8230;:<br \/>\n<!--more--><\/p>\n<p style=\"text-align: justify;\">\n<p style=\"text-align: justify;\">\n<p style=\"text-align: justify;\">\n<p style=\"text-align: justify;\"><em>Liebe Freunde,<\/em><\/p>\n<p style=\"text-align: justify;\">\n<p style=\"text-align: justify;\"><em>ich habe mittlerweile meine Bronchitis, wegen der ich gleich zu Beginn des neuen Jahres meine Tour pausieren musste, auskuriert und bin wieder gut bei Stimme. Vielen Dank an dieser Stelle f\u00fcr Eure vielen lieben Genesungsw\u00fcnsche und guten Ratschl\u00e4ge.<\/em><br \/>\n<br class=\"html-br\" \/><em>Dennoch muss ich Euch leider mitteilen, dass ich meine Konzerte im Moment erstmal nicht fortsetzen kann.<\/em><br \/>\n<br class=\"html-br\" \/><em>Wie ein paar wenige von Euch ja bereits wissen ist mein lieber Mann Hans vor zwei Jahren an Krebs erkrankt. Lange Zeit sprach vieles daf\u00fcr, dass er sich von der schweren Operation gut erholen w\u00fcrde und er mit ein paar Einschr\u00e4nkungen weiterhin ein gutes Leben f\u00fchren kann. Wir haben bis zuletzt gehofft und alles daf\u00fcr getan, dass das auch so bleibt. Aber leider hat sich sein Zustand vergangene Woche pl\u00f6tzlich dramatisch verschlechtert und er ist am Freitag in den fr\u00fchen Morgenstunden in meinen Armen verstorben. <\/em><\/p>\n<p style=\"text-align: justify;\"><em>Es f\u00fchlt sich an, als sei mit ihm auch ein Teil von mir gestorben und ich kann seit dem keinen klaren Gedanken mehr fassen, deshalb muss ich mich mit sofortiger Wirkung f\u00fcr die n\u00e4chsten Monate komplett aus der \u00d6ffentlichkeit zur\u00fcckziehen, um meine Familie und mich in dieser schweren Zeit zu sch\u00fctzen, meinen Schmerz zu bew\u00e4ltigen und mein Leben neu aufzustellen. <\/em><\/p>\n<p style=\"text-align: justify;\"><em>Ich habe daher alle bis einschlie\u00dflich August geplanten Auftrittstermine abgesagt. Bitte habt Verst\u00e4ndnis f\u00fcr diesen Schritt und wartet auf mich. Ich werde ganz sicher, sobald ich mich wieder stark genug f\u00fchle, zu Euch und auf die B\u00fchne zur\u00fcckkehren.<\/em><br \/>\n<br class=\"html-br\" \/><em>In Dankbarkeit f\u00fcr alles was ich bisher mit und durch Euch erleben durfte, verbleibe ich<\/p>\n<p><\/em><\/p>\n<p style=\"text-align: justify;\"><em>Mit traurigen Gr\u00fc\u00dfen<\/em><\/p>\n<p style=\"text-align: justify;\"><br class=\"html-br\" \/><em>Eure Claudia<\/em><\/p>\n<p style=\"text-align: justify;\">\n<p style=\"text-align: justify;\">\n<p style=\"text-align: justify;\"><em>smago!<\/em> w\u00fcnscht Claudia Jung ganz, ganz viel Kraft und St\u00e4rke! Und \u2013 dass ihre Privatsph\u00e4re gewahrt bleibt.<\/p>\n<p>&nbsp;<\/p>\n<p>&nbsp;<\/p>\n<figure id=\"attachment_254726\" aria-describedby=\"caption-attachment-254726\" style=\"width: 550px\" class=\"wp-caption alignnone\"><img decoding=\"async\" loading=\"lazy\" class=\"size-large wp-image-254726\" src=\"https:\/\/smago.de\/ws2\/wp-content\/uploads\/2026\/01\/jung_singer_Facebook-Seite-1-550x800.jpeg\" alt=\"\" width=\"550\" height=\"800\" srcset=\"https:\/\/smago.de\/ws2\/wp-content\/uploads\/2026\/01\/jung_singer_Facebook-Seite-1-550x800.jpeg 550w, https:\/\/smago.de\/ws2\/wp-content\/uploads\/2026\/01\/jung_singer_Facebook-Seite-1-359x522.jpeg 359w, https:\/\/smago.de\/ws2\/wp-content\/uploads\/2026\/01\/jung_singer_Facebook-Seite-1-103x150.jpeg 103w, https:\/\/smago.de\/ws2\/wp-content\/uploads\/2026\/01\/jung_singer_Facebook-Seite-1-768x1116.jpeg 768w, https:\/\/smago.de\/ws2\/wp-content\/uploads\/2026\/01\/jung_singer_Facebook-Seite-1-1057x1536.jpeg 1057w, https:\/\/smago.de\/ws2\/wp-content\/uploads\/2026\/01\/jung_singer_Facebook-Seite-1-187x272.jpeg 187w, https:\/\/smago.de\/ws2\/wp-content\/uploads\/2026\/01\/jung_singer_Facebook-Seite-1-413x600.jpeg 413w, https:\/\/smago.de\/ws2\/wp-content\/uploads\/2026\/01\/jung_singer_Facebook-Seite-1-89x130.jpeg 89w, https:\/\/smago.de\/ws2\/wp-content\/uploads\/2026\/01\/jung_singer_Facebook-Seite-1-306x445.jpeg 306w, https:\/\/smago.de\/ws2\/wp-content\/uploads\/2026\/01\/jung_singer_Facebook-Seite-1-131x190.jpeg 131w, https:\/\/smago.de\/ws2\/wp-content\/uploads\/2026\/01\/jung_singer_Facebook-Seite-1-200x290.jpeg 200w, https:\/\/smago.de\/ws2\/wp-content\/uploads\/2026\/01\/jung_singer_Facebook-Seite-1.jpeg 1275w\" sizes=\"(max-width: 550px) 100vw, 550px\" \/><figcaption id=\"caption-attachment-254726\" class=\"wp-caption-text\"><em>Foto-Credit: <strong><a href=\"http:\/\/www.barile.hamburg\">Fabrizio Barile \u2013 Hamburg<\/a><\/strong><\/em><\/figcaption><\/figure>\n","protected":false},"excerpt":{"rendered":"<p>Auf ihrer Facebook-Seite schreibt sie &#8230;:<\/p>\n","protected":false},"author":2,"featured_media":254726,"comment_status":"open","ping_status":"closed","sticky":false,"template":"","format":"standard","meta":{"_FSMCFIC_featured_image_caption":"","_FSMCFIC_featured_image_nocaption":"","_FSMCFIC_featured_image_hide":""},"categories":[29,39],"tags":[77],"acf":[],"_links":{"self":[{"href":"https:\/\/smago.de\/ws2\/wp-json\/wp\/v2\/posts\/254724"}],"collection":[{"href":"https:\/\/smago.de\/ws2\/wp-json\/wp\/v2\/posts"}],"about":[{"href":"https:\/\/smago.de\/ws2\/wp-json\/wp\/v2\/types\/post"}],"author":[{"embeddable":true,"href":"https:\/\/smago.de\/ws2\/wp-json\/wp\/v2\/users\/2"}],"replies":[{"embeddable":true,"href":"https:\/\/smago.de\/ws2\/wp-json\/wp\/v2\/comments?post=254724"}],"version-history":[{"count":3,"href":"https:\/\/smago.de\/ws2\/wp-json\/wp\/v2\/posts\/254724\/revisions"}],"predecessor-version":[{"id":254729,"href":"https:\/\/smago.de\/ws2\/wp-json\/wp\/v2\/posts\/254724\/revisions\/254729"}],"wp:featuredmedia":[{"embeddable":true,"href":"https:\/\/smago.de\/ws2\/wp-json\/wp\/v2\/media\/254726"}],"wp:attachment":[{"href":"https:\/\/smago.de\/ws2\/wp-json\/wp\/v2\/media?parent=254724"}],"wp:term":[{"taxonomy":"category","embeddable":true,"href":"https:\/\/smago.de\/ws2\/wp-json\/wp\/v2\/categories?post=254724"},{"taxonomy":"post_tag","embeddable":true,"href":"https:\/\/smago.de\/ws2\/wp-json\/wp\/v2\/tags?post=254724"}],"curies":[{"name":"wp","href":"https:\/\/api.w.org\/{rel}","templated":true}]}}