{"id":254714,"date":"2026-01-26T12:07:36","date_gmt":"2026-01-26T11:07:36","guid":{"rendered":"https:\/\/smago.de\/ws2\/?p=254714"},"modified":"2026-01-26T12:08:09","modified_gmt":"2026-01-26T11:08:09","slug":"anni-perka-neues-eventformat-tanz-den-schlager-verbindet-live-popschlager-und-tanz","status":"publish","type":"post","link":"https:\/\/smago.de\/ws2\/pop-schlager\/anni-perka-neues-eventformat-tanz-den-schlager-verbindet-live-popschlager-und-tanz\/","title":{"rendered":"ANNI PERKA u.a. <br>Neues Eventformat \u201eTanz den Schlager\u201c verbindet Live-Popschlager und Tanz!"},"content":{"rendered":"<p style=\"text-align: justify;\">Der Leitgedanke lautet: Schlager live erleben. Tanzen. Genie\u00dfen.<!--more--><\/p>\n<p>&nbsp;<\/p>\n<p>&nbsp;<\/p>\n<p>&nbsp;<\/p>\n<p style=\"text-align: justify;\" data-start=\"618\" data-end=\"884\">Mit <strong data-start=\"622\" data-end=\"643\">TANZ DEN SCHLAGER<\/strong> startet ein neues Eventformat, das tanzbaren Popschlager, Live-Musik und ausgelassene Stimmung miteinander verbindet. Im Mittelpunkt steht ein gemeinsames Erlebnis: feiern, tanzen, mitsingen \u2013 nah an den K\u00fcnstlern und ohne starres Programm.<\/p>\n<p style=\"text-align: justify;\" data-start=\"886\" data-end=\"1178\">Das Konzept reagiert auf ein anhaltend gro\u00dfes Interesse an tanzbarem Schlager. Viele Fans w\u00fcnschen sich Events, bei denen Live-Auftritte nicht isoliert als klassisches Konzert stattfinden, sondern in einen Abend eingebettet sind, der Raum f\u00fcr Bewegung, Stimmung und gemeinsames Erleben l\u00e4sst.<\/p>\n<p style=\"text-align: justify;\" data-start=\"1180\" data-end=\"1382\">Der Abend ist auf rund <strong data-start=\"1203\" data-end=\"1219\">f\u00fcnf Stunden<\/strong> angelegt und verzichtet bewusst auf klassische Pausen oder lange Moderationen. Stattdessen entsteht ein flie\u00dfender Ablauf, bei dem die Musik im Mittelpunkt steht.<\/p>\n<p style=\"text-align: justify;\" data-start=\"1384\" data-end=\"1851\">Live auf der B\u00fchne stehen <strong data-start=\"1410\" data-end=\"1451\"><span class=\"hover:entity-accent entity-underline inline cursor-pointer align-baseline\"><span class=\"whitespace-normal\">Anni Perka<\/span><\/span><\/strong>, <strong data-start=\"1453\" data-end=\"1494\"><span class=\"hover:entity-accent entity-underline inline cursor-pointer align-baseline\"><span class=\"whitespace-normal\">KRiSS<\/span><\/span><\/strong> und <strong data-start=\"1499\" data-end=\"1540\"><span class=\"hover:entity-accent entity-underline inline cursor-pointer align-baseline\"><span class=\"whitespace-normal\">Martina Rauscher<\/span><\/span><\/strong>.<br \/>\n<br data-start=\"1541\" data-end=\"1544\" \/>Mit KRiSS ist einer der aktuell spannendsten Newcomer der Schlagerszene Teil des Line-ups. Anni Perka z\u00e4hlt seit Jahren zu den festen Gr\u00f6\u00dfen des Popschlagers und ist als Mitbegr\u00fcnderin des Formats und Hauptact gesetzt. Martina Rauscher erg\u00e4nzt das Line-up mit authentischem Schlager und eigener Handschrift.<\/p>\n<p style=\"text-align: justify;\" data-start=\"1853\" data-end=\"2164\">Anni Perka beschreibt den Abend bewusst als gemeinschaftliches Erlebnis: \u201eDie Fans erwartet ein Abend voller guter Laune, Livemusik und N\u00e4he zu den K\u00fcnstlern. Es geht nicht nur darum, ein Konzert zu besuchen und die Musik zu h\u00f6ren, sondern gemeinsam zu tanzen, mitzusingen und einfach den Moment zu genie\u00dfen.\u201c<\/p>\n<p style=\"text-align: justify;\" data-start=\"2166\" data-end=\"2462\">Was das Format ausmacht, erkl\u00e4rt sie so: \u201e\u201aTANZ DEN SCHLAGER\u2018 verbindet sch\u00f6ne Schlager live auf der B\u00fchne und gleichzeitig eine echte Tanzveranstaltung, so wie man es eigentlich noch von fr\u00fcher kennt. Die Atmosph\u00e4re soll locker sein, pers\u00f6nlich und ungezwungen. Jeder darf, aber niemand muss.\u201c<\/p>\n<p style=\"text-align: justify;\" data-start=\"2464\" data-end=\"2696\">Auch die Idee hinter dem Format entstand aus dem direkten Austausch mit dem Publikum:<br data-start=\"2549\" data-end=\"2552\" \/>\u201eImmer wieder kam die Frage: \u201aKann man bei euch tanzen? Gibt es eine Tanzfl\u00e4che?\u2018 Genau das wollen wir den Fans mit \u201aTANZ DEN SCHLAGER\u2018 bieten.\u201c<\/p>\n<p style=\"text-align: justify;\" data-start=\"2698\" data-end=\"3098\">KRiSS hebt den verbindenden Charakter des Abends hervor: \u201e\u201aTANZ DEN SCHLAGER\u2018 bringt Menschen zusammen, die den Schlager lieben, tanzen und feiern. Ein Abend voller Emotionen, guter Laune und unvergesslicher Live-Momente.\u201c Seine Musik versteht er dabei als Einladung an das Publikum: \u201eMeine Songs sollen ber\u00fchren, auf die Tanzfl\u00e4che ziehen und f\u00fcr ein paar Stunden den Alltag vergessen lassen.\u201c<\/p>\n<p style=\"text-align: justify;\" data-start=\"3100\" data-end=\"3270\">Auch Martina Rauscher freut sich besonders auf die N\u00e4he zum Publikum: \u201eDie Fans erwartet ein wundervoller Tanzabend und dazu K\u00fcnstler, die ganz nah sind und mitfeiern.\u201c<\/p>\n<p style=\"text-align: justify;\" data-start=\"3272\" data-end=\"3483\"><em data-start=\"3272\" data-end=\"3291\">TANZ DEN SCHLAGER<\/em> ist nicht als einmaliges Projekt gedacht. Das Format soll weiterentwickelt und perspektivisch auch in weiteren St\u00e4dten umgesetzt werden, mit wechselnden K\u00fcnstlern aus dem Popschlager-Bereich.<\/p>\n<p style=\"text-align: justify;\" data-start=\"3485\" data-end=\"3555\">Der Leitgedanke lautet: <strong data-start=\"3511\" data-end=\"3555\">Schlager live erleben. Tanzen. Genie\u00dfen.<\/strong><\/p>\n<p>&nbsp;<\/p>\n<hr data-start=\"3557\" data-end=\"3560\" \/>\n<p style=\"text-align: justify;\" data-start=\"3562\" data-end=\"3624\"><strong data-start=\"3562\" data-end=\"3573\"><br \/>\nTermin:<\/strong><br data-start=\"3573\" data-end=\"3576\" \/><strong data-start=\"3576\" data-end=\"3599\"><br \/>\nFreitag, 24.04.2026<\/strong><br data-start=\"3599\" data-end=\"3602\" \/><strong data-start=\"3602\" data-end=\"3624\"><br \/>\nZum 09er, Landshut<\/strong><\/p>\n<p style=\"text-align: justify;\" data-start=\"3626\" data-end=\"3703\">\n<p>Tickets:<\/p>\n<p>Tickets und weitere Informationen unter <strong data-start=\"3681\" data-end=\"3703\"><a href=\"http:\/\/tanzdenschlager.de\/\">tanzdenschlager.de<\/a><\/strong><\/p>\n","protected":false},"excerpt":{"rendered":"<p>Der Leitgedanke lautet: Schlager live erleben. Tanzen. Genie\u00dfen.<\/p>\n","protected":false},"author":2,"featured_media":254715,"comment_status":"open","ping_status":"closed","sticky":false,"template":"","format":"standard","meta":{"_FSMCFIC_featured_image_caption":"","_FSMCFIC_featured_image_nocaption":"","_FSMCFIC_featured_image_hide":""},"categories":[28],"tags":[287],"acf":[],"_links":{"self":[{"href":"https:\/\/smago.de\/ws2\/wp-json\/wp\/v2\/posts\/254714"}],"collection":[{"href":"https:\/\/smago.de\/ws2\/wp-json\/wp\/v2\/posts"}],"about":[{"href":"https:\/\/smago.de\/ws2\/wp-json\/wp\/v2\/types\/post"}],"author":[{"embeddable":true,"href":"https:\/\/smago.de\/ws2\/wp-json\/wp\/v2\/users\/2"}],"replies":[{"embeddable":true,"href":"https:\/\/smago.de\/ws2\/wp-json\/wp\/v2\/comments?post=254714"}],"version-history":[{"count":2,"href":"https:\/\/smago.de\/ws2\/wp-json\/wp\/v2\/posts\/254714\/revisions"}],"predecessor-version":[{"id":254717,"href":"https:\/\/smago.de\/ws2\/wp-json\/wp\/v2\/posts\/254714\/revisions\/254717"}],"wp:featuredmedia":[{"embeddable":true,"href":"https:\/\/smago.de\/ws2\/wp-json\/wp\/v2\/media\/254715"}],"wp:attachment":[{"href":"https:\/\/smago.de\/ws2\/wp-json\/wp\/v2\/media?parent=254714"}],"wp:term":[{"taxonomy":"category","embeddable":true,"href":"https:\/\/smago.de\/ws2\/wp-json\/wp\/v2\/categories?post=254714"},{"taxonomy":"post_tag","embeddable":true,"href":"https:\/\/smago.de\/ws2\/wp-json\/wp\/v2\/tags?post=254714"}],"curies":[{"name":"wp","href":"https:\/\/api.w.org\/{rel}","templated":true}]}}