{"id":254711,"date":"2026-01-26T11:54:42","date_gmt":"2026-01-26T10:54:42","guid":{"rendered":"https:\/\/smago.de\/ws2\/?p=254711"},"modified":"2026-01-26T11:54:42","modified_gmt":"2026-01-26T10:54:42","slug":"ross-antony-anna-carina-woitschack-u-a-komm-mit-traeum-mit-lets-dance-startet","status":"publish","type":"post","link":"https:\/\/smago.de\/ws2\/pop-schlager\/ross-antony-anna-carina-woitschack-u-a-komm-mit-traeum-mit-lets-dance-startet\/","title":{"rendered":"ROSS ANTONY, ANNA-CARINA WOITSCHACK u.a. <br>Komm mit, tr\u00e4um mit \u2026 &#8222;Let&#8217;s Dance&#8220; startet!"},"content":{"rendered":"<p>Glitzer, Leidenschaft und gro\u00dfe Gef\u00fchle: Die Tanzsaison beginnt am 27.02.2026 mit diesen Profis &#8230;:<!--more--><\/p>\n<p style=\"text-align: justify;\">\n<p style=\"text-align: justify;\">\n<p style=\"text-align: justify;\">Der Countdown l\u00e4uft, die Tanzschuhe stehen bereit: Am Freitag, den 27. Februar 2026, um 20:15 Uhr f\u00e4llt mit &#8222;Let&#8217;s Dance \u2013 Wer tanzt mit wem? \u2013 Die gro\u00dfe Kennenlernshow&#8220; der Startschuss f\u00fcr die 19. Staffel von Deutschlands erfolgreichster Tanzshow. Auch in diesem Jahr wird &#8222;Let&#8217;s Dance&#8220; zur B\u00fchne f\u00fcr gro\u00dfe Emotionen, beeindruckende Choreografien und pers\u00f6nliche Grenzerfahrungen. In der Auftaktshow treffen die Prominenten erstmals auf ihre Profit\u00e4nzer und erfahren, mit wem sie sich in den kommenden Wochen dem h\u00e4rtesten Tanzparkett Deutschlands stellen und um den begehrten Titel &#8222;Dancing Star 2026&#8220; k\u00e4mpfen.<\/p>\n<p>&nbsp;<\/p>\n<p>&nbsp;<\/p>\n<p style=\"text-align: justify;\">\nDie 14 Profit\u00e4nzerinnen und Profit\u00e4nzer der 19. Staffel von &#8222;Let&#8217;s Dance&#8220;:<\/p>\n<p>&nbsp;<\/p>\n<p style=\"text-align: justify;\"><strong>Anastasia Maruster (28, aus Pforzheim)\u00a0<\/strong><br \/>\n<strong>Ekaterina Leonova (38, aus M\u00fcnchen)\u00a0<\/strong><br \/>\n<strong>Kathrin Menzinger (37, aus Wien)\u00a0<\/strong><br \/>\n<strong>Malika Dzumaev (34, aus Bremen)\u00a0<\/strong><br \/>\n<strong>Mariia Maksina (28, aus Mallorca)\u00a0<\/strong><br \/>\n<strong>Marta Arndt (36, aus Karlsruhe)\u00a0<\/strong><br \/>\n<strong>Patricija Ionel (30, aus Hamburg)\u00a0<\/strong><br \/>\n<strong>Victoria Sauerwald (23, aus Frankfurt)\u00a0<\/strong><br \/>\n<strong>Evgeny Vinokurov (35, Bremen)\u00a0<\/strong><br \/>\n<strong>Massimo Sinat\u00f3 (45, aus Mannheim)<\/strong><br \/>\n<strong>Mika Tatarkin (28, Frankfurt)\u00a0<\/strong><br \/>\n<strong>Vadim Garbuzov (38, aus Wien)\u00a0<\/strong><br \/>\n<strong>Valentin Lusin (38, aus D\u00fcsseldorf)\u00a0<\/strong><br \/>\n<strong>Zsolt S\u00e1ndor Cseke (38, aus Bremen)<\/strong><\/p>\n<p>&nbsp;<\/p>\n<p>&nbsp;<\/p>\n<p style=\"text-align: justify;\">Auch der Prominenten-Cast ist nun vollst\u00e4ndig: Bianca Heinicke (32, Impact-Creatorin) ist bereit f\u00fcr ihr Tanzabenteuer: &#8222;Let&#8217;s Dance ist eine so unglaublich gro\u00dfe Chance f\u00fcr mich, da es mich k\u00f6rperlich und emotional herausfordern wird und ich so dankbar daf\u00fcr bin, diese Erfahrung machen zu d\u00fcrfen.&#8220;<\/p>\n<p>Aufgrund der \u00dcbertragung eines DFB-Testspiels zeigt RTL am Freitag, 27. M\u00e4rz, nicht die vierte regul\u00e4re Ausgabe von &#8222;Let\u2019s Dance&#8220;. Die beliebte Tanzshow wird stattdessen am Sonntag, 29. M\u00e4rz, 20:15 Uhr live gezeigt.<\/p>\n<p>Alle Folgen der 19. Staffel von &#8222;Let&#8217;s Dance&#8220; und die nachfolgenden Ausgaben von &#8222;Exclusiv Spezial \u2013 Let&#8217;s Dance&#8220; werden wieder in UHD produziert und auf RTL UHD ausgestrahlt.<\/p>\n<p><em>&#8222;Let&#8217;s Dance&#8220; wird von Seapoint Productions in Zusammenarbeit mit BBC Studios im Auftrag von RTL produziert.<\/em><\/p>\n<p>&nbsp;<\/p>\n<p>&nbsp;<\/p>\n<figure id=\"attachment_254712\" aria-describedby=\"caption-attachment-254712\" style=\"width: 800px\" class=\"wp-caption alignnone\"><img decoding=\"async\" loading=\"lazy\" class=\"size-large wp-image-254712\" src=\"https:\/\/smago.de\/ws2\/wp-content\/uploads\/2026\/01\/teaser-800x450.jpg\" alt=\"\" width=\"800\" height=\"450\" srcset=\"https:\/\/smago.de\/ws2\/wp-content\/uploads\/2026\/01\/teaser-800x450.jpg 800w, https:\/\/smago.de\/ws2\/wp-content\/uploads\/2026\/01\/teaser-522x294.jpg 522w, https:\/\/smago.de\/ws2\/wp-content\/uploads\/2026\/01\/teaser-267x150.jpg 267w, https:\/\/smago.de\/ws2\/wp-content\/uploads\/2026\/01\/teaser-768x432.jpg 768w, https:\/\/smago.de\/ws2\/wp-content\/uploads\/2026\/01\/teaser-392x221.jpg 392w, https:\/\/smago.de\/ws2\/wp-content\/uploads\/2026\/01\/teaser-130x73.jpg 130w, https:\/\/smago.de\/ws2\/wp-content\/uploads\/2026\/01\/teaser-791x445.jpg 791w, https:\/\/smago.de\/ws2\/wp-content\/uploads\/2026\/01\/teaser-870x489.jpg 870w, https:\/\/smago.de\/ws2\/wp-content\/uploads\/2026\/01\/teaser-292x164.jpg 292w, https:\/\/smago.de\/ws2\/wp-content\/uploads\/2026\/01\/teaser-435x245.jpg 435w, https:\/\/smago.de\/ws2\/wp-content\/uploads\/2026\/01\/teaser-895x503.jpg 895w, https:\/\/smago.de\/ws2\/wp-content\/uploads\/2026\/01\/teaser.jpg 1150w\" sizes=\"(max-width: 800px) 100vw, 800px\" \/><figcaption id=\"caption-attachment-254712\" class=\"wp-caption-text\"><em>Die Jury 2026 bestehend aus Jorge Gonz\u00e1lez (l.), Motsi Mabuse und Joachim Llambi.<\/em><\/p>\n<p><em>Foto-Credit: Foto: RTL \/ Robert Grischek<\/em><\/p>\n<p><em>Bitte beachten Sie auch <strong><a href=\"http:\/\/www.rtlplus.de\">RTL+<\/a><\/strong>!<\/em><\/figcaption><\/figure>\n","protected":false},"excerpt":{"rendered":"<p>Glitzer, Leidenschaft und gro\u00dfe Gef\u00fchle: Die Tanzsaison beginnt am 27.02.2026 mit diesen Profis &#8230;:<\/p>\n","protected":false},"author":2,"featured_media":254712,"comment_status":"open","ping_status":"closed","sticky":false,"template":"","format":"standard","meta":{"_FSMCFIC_featured_image_caption":"","_FSMCFIC_featured_image_nocaption":"","_FSMCFIC_featured_image_hide":""},"categories":[28,29,39,128],"tags":[43],"acf":[],"_links":{"self":[{"href":"https:\/\/smago.de\/ws2\/wp-json\/wp\/v2\/posts\/254711"}],"collection":[{"href":"https:\/\/smago.de\/ws2\/wp-json\/wp\/v2\/posts"}],"about":[{"href":"https:\/\/smago.de\/ws2\/wp-json\/wp\/v2\/types\/post"}],"author":[{"embeddable":true,"href":"https:\/\/smago.de\/ws2\/wp-json\/wp\/v2\/users\/2"}],"replies":[{"embeddable":true,"href":"https:\/\/smago.de\/ws2\/wp-json\/wp\/v2\/comments?post=254711"}],"version-history":[{"count":1,"href":"https:\/\/smago.de\/ws2\/wp-json\/wp\/v2\/posts\/254711\/revisions"}],"predecessor-version":[{"id":254713,"href":"https:\/\/smago.de\/ws2\/wp-json\/wp\/v2\/posts\/254711\/revisions\/254713"}],"wp:featuredmedia":[{"embeddable":true,"href":"https:\/\/smago.de\/ws2\/wp-json\/wp\/v2\/media\/254712"}],"wp:attachment":[{"href":"https:\/\/smago.de\/ws2\/wp-json\/wp\/v2\/media?parent=254711"}],"wp:term":[{"taxonomy":"category","embeddable":true,"href":"https:\/\/smago.de\/ws2\/wp-json\/wp\/v2\/categories?post=254711"},{"taxonomy":"post_tag","embeddable":true,"href":"https:\/\/smago.de\/ws2\/wp-json\/wp\/v2\/tags?post=254711"}],"curies":[{"name":"wp","href":"https:\/\/api.w.org\/{rel}","templated":true}]}}