{"id":254704,"date":"2026-01-26T00:45:44","date_gmt":"2026-01-25T23:45:44","guid":{"rendered":"https:\/\/smago.de\/ws2\/?p=254704"},"modified":"2026-01-26T00:45:44","modified_gmt":"2026-01-25T23:45:44","slug":"ulli-bastian-der-prinz-von-maspalomas-erzaehlt-von-der-sehnsucht-nach-dem-sueden","status":"publish","type":"post","link":"https:\/\/smago.de\/ws2\/schlager\/ulli-bastian-der-prinz-von-maspalomas-erzaehlt-von-der-sehnsucht-nach-dem-sueden\/","title":{"rendered":"ULLI BASTIAN <br>\u201eDer Prinz von Maspalomas\u201c erz\u00e4hlt von der Sehnsucht nach dem S\u00fcden!"},"content":{"rendered":"<p style=\"text-align: justify;\">Die neue Single von ULLI ist ein musikalischer Kurzurlaub zwischen Alltag und Urlaubsgef\u00fchl!<!--more--><\/p>\n<p style=\"text-align: justify;\">\n<p style=\"text-align: justify;\">\n<p style=\"text-align: justify;\">Mit seinem neuen Titel \u201eIch bin der Prinz von Maspalomas\u201c kn\u00fcpft ULLI BASTIAN nahtlos an das an, wof\u00fcr ihn Schlagerfans seit Jahrzehnten sch\u00e4tzen: Lebensfreude, Emotionen und ein unverwechselbares Gesp\u00fcr f\u00fcr eing\u00e4ngige Melodien, wobei er diesmal einen Schuss Selbstironie und Humor mit einbringt. Der Song ist eine musikalische Einladung in den S\u00fcden \u2013 dorthin, wo Sonne, Freiheit und Leichtigkeit regieren.<\/p>\n<p style=\"text-align: justify;\">In Anlehnung an die Schlagerlegende J\u00dcRGEN DREWS, den \u201eK\u00f6nig von Mallorca\u201c, inszeniert sich ULLI BASTIAN charmant als \u201ePrinz von Maspalomas\u201c. Dabei geht es weniger um Titel und Krone als um ein Lebensgef\u00fchl. Der Song beschreibt eine unbeschwerte Urlaubsfantasie in Maspalomas. ULLI stilisiert sich selbst und seine Begleiterin als \u201ePrinz\u201c und \u201eK\u00f6nigin\u201c eines Ortes, an dem Alltagssorgen keine Rolle spielen. Jedes Jahr flieht er in den S\u00fcden, genie\u00dft Sonne, Freiheit und ein ausgelassenes Nachtleben. Tags\u00fcber stehen Strand, D\u00fcnen und Sonne f\u00fcr Lebensfreude, nachts f\u00fcr Feiern und Gemeinschaft. Insgesamt geht es um Eskapismus, Lebenslust und das Gef\u00fchl, an diesem Ort vollkommen frei und gl\u00fccklich zu sein.<\/p>\n<p style=\"text-align: justify;\">Musikalisch \u00fcberzeugt die neue Single von ULLI BASTIAN mit klassischem Schlagerhandwerk und modernem Ohrwurmcharakter. Die warme, ehrliche Stimme von ULLI tr\u00e4gt die Bilder von Sonne, D\u00fcnen und ausgelassenen Partyn\u00e4chten direkt ins Kopfkino der H\u00f6rer. Genau hier liegt die St\u00e4rke des Songs: Er verbindet Fernweh mit Romantik und l\u00e4sst gen\u00fcgend Raum f\u00fcr eigene Urlaubstr\u00e4ume.<\/p>\n<p style=\"text-align: justify;\">Dass ULLI BASTIAN diesen Titel so authentisch interpretiert, ist kein Zufall. Seine Karriere begann bereits fr\u00fch. Schon als Kind erhielt er Gesangsunterricht und erlernte neben der Gitarre auch die Querfl\u00f6te. Anfang der 1980er-Jahre fiel er erstmals durch seine markante Stimme und seine sympathische B\u00fchnenpr\u00e4senz auf. Der Durchbruch folgte Mitte der 1980er mit der Single \u201eSanta Malena\u201c, produziert von PETER COLUMBUS. Weitere Erfolge lie\u00dfen nicht lange auf sich warten.<\/p>\n<p style=\"text-align: justify;\">In den folgenden Jahren arbeitete ULLI BASTIAN mit namhaften Produzenten wie dem FLIPPERS-Produzententeam RUPPRICH\/BUSSE zusammen. Titel wie \u201eTr\u00e4ume unterm Regenbogen\u201c, \u201eWaikiki Moonlight\u201c oder \u201eUnd ich schenk dir einen Regenbogen\u201c festigten seinen Platz in der deutschen Schlagerlandschaft. Zahlreiche Fernsehauftritte in Formaten wie der ARD Wunschbox, dem SAT.1 Musikantentreffen oder den Melodien der Berge machten ihn einem breiten Publikum bekannt.<\/p>\n<p style=\"text-align: justify;\">Bis heute gilt ULLI BASTIAN als \u201eS\u00e4nger mit dem L\u00e4cheln in der Stimme\u201c \u2013 ein K\u00fcnstler, der Gef\u00fchle zeigt, ohne kitschig zu wirken. Ein tr\u00e4umender Realist, der es versteht, Emotionen glaubw\u00fcrdig zu transportieren. Sein aktueller Titel \u201eIch bin der Prinz von Maspalomas\u201c steht sinnbildlich f\u00fcr diese Haltung: lebensbejahend, herzlich und voller positiver Energie.<\/p>\n<p style=\"text-align: justify;\">F\u00fcr Schlagerfans ist der Song nicht nur ein weiterer Beweis f\u00fcr Bastians Best\u00e4ndigkeit, sondern auch ein musikalischer Kurzurlaub. Der Schlager ist ein Lied, das zum Mitsingen einl\u00e4dt, Fernweh weckt und einmal mehr zeigt, warum ULLI BASTIAN seit Jahrzehnten eine feste Gr\u00f6\u00dfe im deutschen Schlager ist.<\/p>\n","protected":false},"excerpt":{"rendered":"<p>Die neue Single von ULLI ist ein musikalischer Kurzurlaub zwischen Alltag und Urlaubsgef\u00fchl!<\/p>\n","protected":false},"author":2,"featured_media":254542,"comment_status":"open","ping_status":"closed","sticky":false,"template":"","format":"standard","meta":{"_FSMCFIC_featured_image_caption":"","_FSMCFIC_featured_image_nocaption":"","_FSMCFIC_featured_image_hide":""},"categories":[29],"tags":[151],"acf":[],"_links":{"self":[{"href":"https:\/\/smago.de\/ws2\/wp-json\/wp\/v2\/posts\/254704"}],"collection":[{"href":"https:\/\/smago.de\/ws2\/wp-json\/wp\/v2\/posts"}],"about":[{"href":"https:\/\/smago.de\/ws2\/wp-json\/wp\/v2\/types\/post"}],"author":[{"embeddable":true,"href":"https:\/\/smago.de\/ws2\/wp-json\/wp\/v2\/users\/2"}],"replies":[{"embeddable":true,"href":"https:\/\/smago.de\/ws2\/wp-json\/wp\/v2\/comments?post=254704"}],"version-history":[{"count":1,"href":"https:\/\/smago.de\/ws2\/wp-json\/wp\/v2\/posts\/254704\/revisions"}],"predecessor-version":[{"id":254705,"href":"https:\/\/smago.de\/ws2\/wp-json\/wp\/v2\/posts\/254704\/revisions\/254705"}],"wp:featuredmedia":[{"embeddable":true,"href":"https:\/\/smago.de\/ws2\/wp-json\/wp\/v2\/media\/254542"}],"wp:attachment":[{"href":"https:\/\/smago.de\/ws2\/wp-json\/wp\/v2\/media?parent=254704"}],"wp:term":[{"taxonomy":"category","embeddable":true,"href":"https:\/\/smago.de\/ws2\/wp-json\/wp\/v2\/categories?post=254704"},{"taxonomy":"post_tag","embeddable":true,"href":"https:\/\/smago.de\/ws2\/wp-json\/wp\/v2\/tags?post=254704"}],"curies":[{"name":"wp","href":"https:\/\/api.w.org\/{rel}","templated":true}]}}