{"id":254696,"date":"2026-01-26T00:00:35","date_gmt":"2026-01-25T23:00:35","guid":{"rendered":"https:\/\/smago.de\/ws2\/?p=254696"},"modified":"2026-01-25T21:28:16","modified_gmt":"2026-01-25T20:28:16","slug":"wenn-die-musi-spielt-starker-quoten-erfolg-fuer-wenn-die-musi-spielt-winter-open-air-2026-zumindest-in-oesterreich","status":"publish","type":"post","link":"https:\/\/smago.de\/ws2\/party-schlager\/wenn-die-musi-spielt-starker-quoten-erfolg-fuer-wenn-die-musi-spielt-winter-open-air-2026-zumindest-in-oesterreich\/","title":{"rendered":"&#8222;WENN DIE MUSI SPIELT&#8220; <br>Starker Quoten-Erfolg f\u00fcr \u201eWenn die Musi spielt \u2013 Winter Open Air 2026\u201c \u2013 zumindest in \u00d6sterreich!"},"content":{"rendered":"<p style=\"text-align: justify;\"><strong data-start=\"966\" data-end=\"1010\">Erfolgreicher Ausklang mit dem \u00fcber 60-min\u00fctigen TV-Special \u201eDie Edlseer\u201c!<\/strong><\/p>\n<p style=\"text-align: justify;\"><!--more--><\/p>\n<p>&nbsp;<\/p>\n<p>&nbsp;<\/p>\n<p>&nbsp;<\/p>\n<p style=\"text-align: justify;\" data-start=\"235\" data-end=\"660\">Das <strong data-start=\"239\" data-end=\"288\">\u201eWenn die Musi spielt \u2013 Winter Open Air 2026\u201c<\/strong> hat einmal mehr eindrucksvoll bewiesen, welchen Stellenwert die Sendung beim Publikum genie\u00dft. Die beliebte Musikshow erreichte am Ausstrahlungsabend <strong data-start=\"439\" data-end=\"493\">510.000 Zuschauerinnen und Zuschauer in \u00d6sterreich<\/strong> und erzielte damit einen <strong data-start=\"519\" data-end=\"557\">starken Marktanteil von 22 Prozent<\/strong>. Damit z\u00e4hlt das Winter Open Air erneut zu den erfolgreichsten Unterhaltungssendungen im ORF-Programm.<\/p>\n<p style=\"text-align: justify;\" data-start=\"662\" data-end=\"964\">Auch \u00fcber die \u00f6sterreichischen Grenzen hinaus zeigte sich das gro\u00dfe Interesse: <strong data-start=\"741\" data-end=\"778\">Im Sendegebiet des MDR Fernsehens<\/strong>verfolgten <strong data-start=\"790\" data-end=\"830\">230.000 Zuschauerinnen und Zuschauer<\/strong> die Live-Show. Der <strong data-start=\"850\" data-end=\"881\">Marktanteil von 7,9 Prozent<\/strong> unterstreicht die anhaltende Beliebtheit des Formats auch beim deutschen Publikum.<\/p>\n<p data-start=\"662\" data-end=\"964\">\n<p data-start=\"662\" data-end=\"964\">\n<p style=\"text-align: justify;\" data-start=\"966\" data-end=\"1010\"><strong data-start=\"966\" data-end=\"1010\">Erfolgreicher &#8222;Musi&#8220; Ausklang mit dem TV-Special \u201eDie Edlseer\u201c<\/strong><\/p>\n<p data-start=\"966\" data-end=\"1010\">\n<p style=\"text-align: justify;\" data-start=\"1012\" data-end=\"1260\">Nahtlos an den Erfolg der Musikshow kn\u00fcpfte das im Anschluss ausgestrahlte, \u00fcber <strong data-start=\"1093\" data-end=\"1133\">60-min\u00fctige TV-Special \u201eDie Edlseer\u201c<\/strong> an. In <strong data-start=\"1141\" data-end=\"1150\">ORF 2<\/strong> schalteten <strong data-start=\"1162\" data-end=\"1202\">237.000 Zuschauerinnen und Zuschauer<\/strong> ein, was einem <strong data-start=\"1218\" data-end=\"1248\">Marktanteil von 17 Prozent<\/strong> entsprach.<\/p>\n<p style=\"text-align: justify;\" data-start=\"1262\" data-end=\"1430\">Auch hier zeigte sich im MDR-Sendegebiet ein solides Interesse: <strong data-start=\"1326\" data-end=\"1365\">89.000 Zuschauerinnen und Zuschauer<\/strong> verfolgten das Special, der <strong data-start=\"1394\" data-end=\"1429\">Marktanteil lag bei 4,6 Prozent<\/strong>.<\/p>\n<p data-start=\"1262\" data-end=\"1430\">\n<p data-start=\"1262\" data-end=\"1430\">\n<p style=\"text-align: justify;\" data-start=\"1432\" data-end=\"1441\"><strong data-start=\"1432\" data-end=\"1441\">Fazit<\/strong><\/p>\n<p data-start=\"1443\" data-end=\"1782\">\n<p style=\"text-align: justify;\" data-start=\"1443\" data-end=\"1782\">Mit starken Quoten sowohl in \u00d6sterreich als auch in Deutschland best\u00e4tigt der Abend einmal mehr die <strong data-start=\"1543\" data-end=\"1588\">gro\u00dfe Zugkraft von \u201eWenn die Musi spielt\u201c<\/strong> sowie die ungebrochene Beliebtheit hochwertiger Volksmusik- und Schlagerformate. Ein rundum gelungener TV-Abend.<\/p>\n","protected":false},"excerpt":{"rendered":"<p>Erfolgreicher Ausklang mit dem \u00fcber 60-min\u00fctigen TV-Special \u201eDie Edlseer\u201c!<\/p>\n","protected":false},"author":2,"featured_media":254697,"comment_status":"open","ping_status":"closed","sticky":false,"template":"","format":"standard","meta":{"_FSMCFIC_featured_image_caption":"","_FSMCFIC_featured_image_nocaption":"","_FSMCFIC_featured_image_hide":""},"categories":[26,28,29,128,30],"tags":[123],"acf":[],"_links":{"self":[{"href":"https:\/\/smago.de\/ws2\/wp-json\/wp\/v2\/posts\/254696"}],"collection":[{"href":"https:\/\/smago.de\/ws2\/wp-json\/wp\/v2\/posts"}],"about":[{"href":"https:\/\/smago.de\/ws2\/wp-json\/wp\/v2\/types\/post"}],"author":[{"embeddable":true,"href":"https:\/\/smago.de\/ws2\/wp-json\/wp\/v2\/users\/2"}],"replies":[{"embeddable":true,"href":"https:\/\/smago.de\/ws2\/wp-json\/wp\/v2\/comments?post=254696"}],"version-history":[{"count":3,"href":"https:\/\/smago.de\/ws2\/wp-json\/wp\/v2\/posts\/254696\/revisions"}],"predecessor-version":[{"id":254700,"href":"https:\/\/smago.de\/ws2\/wp-json\/wp\/v2\/posts\/254696\/revisions\/254700"}],"wp:featuredmedia":[{"embeddable":true,"href":"https:\/\/smago.de\/ws2\/wp-json\/wp\/v2\/media\/254697"}],"wp:attachment":[{"href":"https:\/\/smago.de\/ws2\/wp-json\/wp\/v2\/media?parent=254696"}],"wp:term":[{"taxonomy":"category","embeddable":true,"href":"https:\/\/smago.de\/ws2\/wp-json\/wp\/v2\/categories?post=254696"},{"taxonomy":"post_tag","embeddable":true,"href":"https:\/\/smago.de\/ws2\/wp-json\/wp\/v2\/tags?post=254696"}],"curies":[{"name":"wp","href":"https:\/\/api.w.org\/{rel}","templated":true}]}}