{"id":254690,"date":"2026-01-26T00:00:35","date_gmt":"2026-01-25T23:00:35","guid":{"rendered":"https:\/\/smago.de\/ws2\/?p=254690"},"modified":"2026-01-25T21:09:14","modified_gmt":"2026-01-25T20:09:14","slug":"michelle-michelle-erobert-mit-richtig-oder-falsch-platz-1-der-airplay-charts-deutschland-konservativ-pop","status":"publish","type":"post","link":"https:\/\/smago.de\/ws2\/schlager\/michelle-michelle-erobert-mit-richtig-oder-falsch-platz-1-der-airplay-charts-deutschland-konservativ-pop\/","title":{"rendered":"MICHELLE <br>Michelle erobert mit &#8222;Richtig oder falsch&#8220; Platz 1 der Airplay Charts \u201eDeutschland Konservativ Pop\u201c!"},"content":{"rendered":"<p data-start=\"177\" data-end=\"242\">Erfolgreicher Chart-Gipfel w\u00e4hrend der gro\u00dfen Abschieds-Tournee!<!--more--><\/p>\n<p data-start=\"177\" data-end=\"242\">\n<p data-start=\"177\" data-end=\"242\">\n<p data-start=\"177\" data-end=\"242\">\n<p style=\"text-align: justify;\" data-start=\"131\" data-end=\"458\">W\u00e4hrend ihrer gro\u00dfen Abschieds-Tournee setzt <strong data-start=\"176\" data-end=\"188\">MICHELLE<\/strong> gleich mehrfach eindrucksvolle Ausrufezeichen: Mit der <strong data-start=\"244\" data-end=\"280\">\u201eFlutlicht \u2013 Wahnsinnig Edition\u201c<\/strong> feiert sie ein starkes Chart-Comeback und kehrt triumphal auf <strong data-start=\"343\" data-end=\"394\">Platz 10 der Offiziellen Deutschen Album Charts<\/strong> zur\u00fcck \u2013 ein weiterer Beweis f\u00fcr ihre ungebrochene Strahlkraft.<\/p>\n<p style=\"text-align: justify;\" data-start=\"460\" data-end=\"666\">Zus\u00e4tzlich erreicht die Ausnahmek\u00fcnstlerin in der <strong data-start=\"510\" data-end=\"533\">4. Chart-Woche 2026<\/strong> (Erhebungszeitraum <strong data-start=\"553\" data-end=\"572\">16.01. \u2013 22.01.<\/strong>) <strong data-start=\"574\" data-end=\"585\">Platz 1<\/strong> der von MusicTrace ermittelten <strong data-start=\"617\" data-end=\"665\">Airplay Charts \u201eDeutschland Konservativ Pop\u201c<\/strong>.<\/p>\n<p style=\"text-align: justify;\" data-start=\"668\" data-end=\"897\">Mit diesem Erfolg gelingt es MICHELLE, <strong data-start=\"707\" data-end=\"722\">Maite Kelly<\/strong> von der Chart-Spitze zu verdr\u00e4ngen, die sich zuvor beeindruckende <strong data-start=\"789\" data-end=\"812\">elf Wochen in Folge<\/strong> auf Platz 1 behaupten konnte und damit einen neuen Allzeit-Rekord aufgestellt hatte.<\/p>\n<p style=\"text-align: justify;\" data-start=\"899\" data-end=\"1298\">Der Spitzenplatz kommt zu einem symboltr\u00e4chtigen Zeitpunkt: Parallel zu ihrer Abschieds-Tournee erlebt Michelle eine au\u00dfergew\u00f6hnlich starke Radio-Pr\u00e4senz, die einmal mehr ihre anhaltende Relevanz und Popularit\u00e4t unterstreicht. Radiosender im gesamten Bundesgebiet setzen verst\u00e4rkt auf ihre Musik und w\u00fcrdigen damit eine Karriere, die den deutschen Pop- und Schlagermarkt \u00fcber Jahrzehnte gepr\u00e4gt hat.<\/p>\n<p style=\"text-align: justify;\" data-start=\"1300\" data-end=\"1594\">Der aktuelle Chart-Erfolg zeigt deutlich, dass Michelle auch auf den letzten Metern ihrer B\u00fchnenlaufbahn nichts von ihrer Anziehungskraft verloren hat. Im Gegenteil: Sie beweist eindrucksvoll, dass ihre Songs nach wie vor den Nerv des Publikums treffen \u2013 <strong data-start=\"1555\" data-end=\"1593\">emotional, authentisch und zeitlos<\/strong>.<\/p>\n","protected":false},"excerpt":{"rendered":"<p>Erfolgreicher Chart-Gipfel w\u00e4hrend der gro\u00dfen Abschieds-Tournee!<\/p>\n","protected":false},"author":2,"featured_media":252394,"comment_status":"open","ping_status":"closed","sticky":false,"template":"","format":"standard","meta":{"_FSMCFIC_featured_image_caption":"","_FSMCFIC_featured_image_nocaption":"","_FSMCFIC_featured_image_hide":""},"categories":[29,39],"tags":[157],"acf":[],"_links":{"self":[{"href":"https:\/\/smago.de\/ws2\/wp-json\/wp\/v2\/posts\/254690"}],"collection":[{"href":"https:\/\/smago.de\/ws2\/wp-json\/wp\/v2\/posts"}],"about":[{"href":"https:\/\/smago.de\/ws2\/wp-json\/wp\/v2\/types\/post"}],"author":[{"embeddable":true,"href":"https:\/\/smago.de\/ws2\/wp-json\/wp\/v2\/users\/2"}],"replies":[{"embeddable":true,"href":"https:\/\/smago.de\/ws2\/wp-json\/wp\/v2\/comments?post=254690"}],"version-history":[{"count":3,"href":"https:\/\/smago.de\/ws2\/wp-json\/wp\/v2\/posts\/254690\/revisions"}],"predecessor-version":[{"id":254695,"href":"https:\/\/smago.de\/ws2\/wp-json\/wp\/v2\/posts\/254690\/revisions\/254695"}],"wp:featuredmedia":[{"embeddable":true,"href":"https:\/\/smago.de\/ws2\/wp-json\/wp\/v2\/media\/252394"}],"wp:attachment":[{"href":"https:\/\/smago.de\/ws2\/wp-json\/wp\/v2\/media?parent=254690"}],"wp:term":[{"taxonomy":"category","embeddable":true,"href":"https:\/\/smago.de\/ws2\/wp-json\/wp\/v2\/categories?post=254690"},{"taxonomy":"post_tag","embeddable":true,"href":"https:\/\/smago.de\/ws2\/wp-json\/wp\/v2\/tags?post=254690"}],"curies":[{"name":"wp","href":"https:\/\/api.w.org\/{rel}","templated":true}]}}