{"id":254680,"date":"2026-01-25T10:27:36","date_gmt":"2026-01-25T09:27:36","guid":{"rendered":"https:\/\/smago.de\/ws2\/?p=254680"},"modified":"2026-01-26T01:03:44","modified_gmt":"2026-01-26T00:03:44","slug":"ich-bin-ein-star-holt-mich-hier-raus-ich-bin-ein-star-holt-mich-hier-raus-ueberzeugt-auch-mit-folge-zwei","status":"publish","type":"post","link":"https:\/\/smago.de\/ws2\/smago-informiert\/ich-bin-ein-star-holt-mich-hier-raus-ich-bin-ein-star-holt-mich-hier-raus-ueberzeugt-auch-mit-folge-zwei\/","title":{"rendered":"&#8222;ICH BIN EIN STAR \u2013 HOLT MICH HIER RAUS!&#8220; <br>&#8222;Ich bin ein Star \u2013 Holt mich hier raus!&#8220; \u00fcberzeugt auch mit Folge zwei!"},"content":{"rendered":"<p style=\"text-align: justify;\">RTL dominiert den Samstag (24.01.2026)!<br \/>\n<!--more--><\/p>\n<p>&nbsp;<\/p>\n<p>&nbsp;<\/p>\n<p style=\"text-align: justify;\">Der Dschungel liefert und das Publikum schaltet ein: Die zweite Folge von &#8222;Ich bin ein Star \u2013 Holt mich hier raus!&#8220; sorgte am Samstagabend ab 20:15 Uhr erneut f\u00fcr starke Quoten. Mit einem Marktanteil von 21,3 Prozent bei den 14- bis 59-J\u00e4hrigen und 24,9 Prozent bei den 14- bis 49-J\u00e4hrigen erreichte RTL starke Werte in der Primetime. Insgesamt verfolgten 3,29 Millionen Zuschauer:innen ab 3 Jahren das Live-Spektakel im australischen Busch \u2013 das entspricht einem Gesamtmarktanteil von 13,7 Prozent.<\/p>\n<p style=\"text-align: justify;\">Auch danach blieb das Publikum dran: &#8222;Die Stunde danach&#8220; konnte sich beim Gesamtpublikum im Vergleich zum Vortag steigern \u2013 durchschnittlich sahen 1,71 Millionen Zuschauer:innen den Dschungeltalk aus K\u00f6ln. Der Marktanteil lag bei 16,3 Prozent in der Zielgruppe der 14- bis 59-J\u00e4hrigen und bei 19,1 Prozent bei den 14- bis 49-J\u00e4hrigen. RTL war damit in beiden Zielgruppen Marktf\u00fchrer.<\/p>\n<p style=\"text-align: justify;\">Mit einem gesamten Tagesmarktanteil von 12,3 Prozent bei den 14- bis 59-J\u00e4hrigen und 14,2 Prozent bei den 14- bis 49-J\u00e4hrigen sichert sich RTL deutlich die Tagesf\u00fchrung vor allen anderen Sendern.<\/p>\n<p style=\"text-align: justify;\">Heute Abend um 20:15 Uhr steht die n\u00e4chste Live-Folge von &#8222;Ich bin ein Star \u2013 Holt mich hier raus!&#8220; an \u2013 bei RTL und im Livestream auf RTL+.<\/p>\n<p style=\"text-align: justify;\"><em>Quelle f\u00fcr die TV-Quoten: AGF \/ GfK \/ DAP AGF SCOPE \/ RTL DATA \/ vorl. gew. \/ Stand: 25.01.2026<\/em><\/p>\n<figure id=\"attachment_254681\" aria-describedby=\"caption-attachment-254681\" style=\"width: 800px\" class=\"wp-caption alignnone\"><img decoding=\"async\" loading=\"lazy\" class=\"size-large wp-image-254681\" src=\"https:\/\/smago.de\/ws2\/wp-content\/uploads\/2026\/01\/Bild-25.01.26-um-10.25-800x450.jpg\" alt=\"\" width=\"800\" height=\"450\" srcset=\"https:\/\/smago.de\/ws2\/wp-content\/uploads\/2026\/01\/Bild-25.01.26-um-10.25-800x450.jpg 800w, https:\/\/smago.de\/ws2\/wp-content\/uploads\/2026\/01\/Bild-25.01.26-um-10.25-522x294.jpg 522w, https:\/\/smago.de\/ws2\/wp-content\/uploads\/2026\/01\/Bild-25.01.26-um-10.25-267x150.jpg 267w, https:\/\/smago.de\/ws2\/wp-content\/uploads\/2026\/01\/Bild-25.01.26-um-10.25-768x432.jpg 768w, https:\/\/smago.de\/ws2\/wp-content\/uploads\/2026\/01\/Bild-25.01.26-um-10.25-392x221.jpg 392w, https:\/\/smago.de\/ws2\/wp-content\/uploads\/2026\/01\/Bild-25.01.26-um-10.25-130x73.jpg 130w, https:\/\/smago.de\/ws2\/wp-content\/uploads\/2026\/01\/Bild-25.01.26-um-10.25-791x445.jpg 791w, https:\/\/smago.de\/ws2\/wp-content\/uploads\/2026\/01\/Bild-25.01.26-um-10.25-870x489.jpg 870w, https:\/\/smago.de\/ws2\/wp-content\/uploads\/2026\/01\/Bild-25.01.26-um-10.25-292x164.jpg 292w, https:\/\/smago.de\/ws2\/wp-content\/uploads\/2026\/01\/Bild-25.01.26-um-10.25-435x245.jpg 435w, https:\/\/smago.de\/ws2\/wp-content\/uploads\/2026\/01\/Bild-25.01.26-um-10.25-895x503.jpg 895w, https:\/\/smago.de\/ws2\/wp-content\/uploads\/2026\/01\/Bild-25.01.26-um-10.25.jpg 1150w\" sizes=\"(max-width: 800px) 100vw, 800px\" \/><figcaption id=\"caption-attachment-254681\" class=\"wp-caption-text\"><em>Dr. Bob (l.), Sonja Zietlow und Jan K\u00f6ppen<\/em><\/p>\n<p><em>Foto-Credit: RTL<\/em><\/p>\n<p><em>Bitte beachten Sie auch <strong><a href=\"http:\/\/www.rtlplus.de\">RTL+<\/a><\/strong>!<\/em><\/figcaption><\/figure>\n","protected":false},"excerpt":{"rendered":"<p>RTL dominiert den Samstag (24.01.2026)!<\/p>\n","protected":false},"author":2,"featured_media":254681,"comment_status":"open","ping_status":"closed","sticky":false,"template":"","format":"standard","meta":{"_FSMCFIC_featured_image_caption":"","_FSMCFIC_featured_image_nocaption":"","_FSMCFIC_featured_image_hide":""},"categories":[33],"tags":[758],"acf":[],"_links":{"self":[{"href":"https:\/\/smago.de\/ws2\/wp-json\/wp\/v2\/posts\/254680"}],"collection":[{"href":"https:\/\/smago.de\/ws2\/wp-json\/wp\/v2\/posts"}],"about":[{"href":"https:\/\/smago.de\/ws2\/wp-json\/wp\/v2\/types\/post"}],"author":[{"embeddable":true,"href":"https:\/\/smago.de\/ws2\/wp-json\/wp\/v2\/users\/2"}],"replies":[{"embeddable":true,"href":"https:\/\/smago.de\/ws2\/wp-json\/wp\/v2\/comments?post=254680"}],"version-history":[{"count":2,"href":"https:\/\/smago.de\/ws2\/wp-json\/wp\/v2\/posts\/254680\/revisions"}],"predecessor-version":[{"id":254709,"href":"https:\/\/smago.de\/ws2\/wp-json\/wp\/v2\/posts\/254680\/revisions\/254709"}],"wp:featuredmedia":[{"embeddable":true,"href":"https:\/\/smago.de\/ws2\/wp-json\/wp\/v2\/media\/254681"}],"wp:attachment":[{"href":"https:\/\/smago.de\/ws2\/wp-json\/wp\/v2\/media?parent=254680"}],"wp:term":[{"taxonomy":"category","embeddable":true,"href":"https:\/\/smago.de\/ws2\/wp-json\/wp\/v2\/categories?post=254680"},{"taxonomy":"post_tag","embeddable":true,"href":"https:\/\/smago.de\/ws2\/wp-json\/wp\/v2\/tags?post=254680"}],"curies":[{"name":"wp","href":"https:\/\/api.w.org\/{rel}","templated":true}]}}