{"id":254670,"date":"2026-01-25T00:00:59","date_gmt":"2026-01-24T23:00:59","guid":{"rendered":"https:\/\/smago.de\/ws2\/?p=254670"},"modified":"2026-01-24T19:23:58","modified_gmt":"2026-01-24T18:23:58","slug":"lyane-hegemann-der-gluecksritter-ist-wahrlich-ein-gluecksritter","status":"publish","type":"post","link":"https:\/\/smago.de\/ws2\/pop-schlager\/lyane-hegemann-der-gluecksritter-ist-wahrlich-ein-gluecksritter\/","title":{"rendered":"LYANE HEGEMANN <br>Der \u201eGl\u00fccksritter\u201c ist wahrlich ein Gl\u00fccksritter!"},"content":{"rendered":"<p>Lyane Hegemann freut sich sehr \u00fcber ihren Erfolg in den Airplay Charts &#8222;Deutschland Konservativ Pop&#8220;!<br \/>\n<!--more--><\/p>\n<p>&nbsp;<\/p>\n<p>&nbsp;<\/p>\n<div class=\"xdj266r x14z9mp xat24cr x1lziwak x1vvkbs x126k92a\" style=\"text-align: justify;\">\n<div dir=\"auto\">\n<div class=\"xdj266r x14z9mp xat24cr x1lziwak x1vvkbs x126k92a\">\n<div dir=\"auto\"><em>&#8222;Der &#8218;Gl\u00fccksritter&#8216; ist wahrlich ein Gl\u00fccksritter&#8220;<\/em>, freut sich LYANE HEGEMANN auf ihrer Facebook-Seite &#8230;:<\/div>\n<div dir=\"auto\"><\/div>\n<\/div>\n<div class=\"x14z9mp xat24cr x1lziwak x1vvkbs xtlvy1s x126k92a\">\n<div dir=\"auto\"><\/div>\n<div dir=\"auto\"><em>&#8222;Diese Woche ist er in die Charts gest\u00fcrmt \u2013 und zwar mit einer gro\u00dfartigen Platzierung in den Top 50 der offiziellen deutschen Airplay Charts ((= Airplay Charts &#8222;Deutschland Konservativ Pop&#8220;)) auf Platz 38.<\/em><\/div>\n<\/div>\n<\/div>\n<\/div>\n<div class=\"x14z9mp xat24cr x1lziwak x1vvkbs xtlvy1s x126k92a\" style=\"text-align: justify;\">\n<div dir=\"auto\">\n<p><em>Ich bin unglaublich dankbar und gl\u00fccklich, denn es ist mein erster Solo Top-50-Song \u00fcberhaupt. Deshalb ist dieser Moment f\u00fcr mich etwas ganz Besonderes. Eine H\u00fcrde, die ich schon seit sehr langer Zeit versucht habe zu nehmen \u2013 und die nun endlich geschafft ist.<\/em><\/p>\n<\/div>\n<\/div>\n<div class=\"x14z9mp xat24cr x1lziwak x1vvkbs xtlvy1s x126k92a\" style=\"text-align: justify;\">\n<div dir=\"auto\">\n<p><em>Geduld, Zuversicht und Durchhalteverm\u00f6gen, gepaart mit einem Song, der aus der Seele spricht, zahlen sich am Ende doch aus.<\/em><\/p>\n<\/div>\n<\/div>\n<div class=\"x14z9mp xat24cr x1lziwak x1vvkbs xtlvy1s x126k92a\" style=\"text-align: justify;\">\n<div dir=\"auto\"><em>Mein herzlicher Dank geht zuerst an die Redakteurinnen und Redakteure im Funk, die diesem Song ihr Vertrauen geschenkt und ihn m\u00f6glich gemacht haben.<\/em><\/div>\n<div dir=\"auto\"><em>Ebenso danke ich allen Unterst\u00fctzerinnen und Unterst\u00fctzern.<\/em><\/div>\n<\/div>\n<div class=\"x14z9mp xat24cr x1lziwak x1vvkbs xtlvy1s x126k92a\" style=\"text-align: justify;\">\n<div dir=\"auto\"><em>Ein gro\u00dfes Dankesch\u00f6n geht au\u00dferdem an mein Team \u2013 und hier ganz besonders an Thomas Bleicher f\u00fcr seine hochwertigen Musikproduktionen und seine Freundschaft, jemand der immer ein offenes Ohr f\u00fcr mich hat.<\/em><\/div>\n<div dir=\"auto\"><\/div>\n<\/div>\n<div class=\"x14z9mp xat24cr x1lziwak x1vvkbs xtlvy1s x126k92a\" style=\"text-align: justify;\">\n<div dir=\"auto\"><em>Mein Dank gilt auch allen kleinen Radiosendern und Webradios \u2013 vielen Dank f\u00fcr eure wertvolle Unterst\u00fctzung.<\/em><\/div>\n<\/div>\n<div class=\"x14z9mp xat24cr x1lziwak x1vvkbs xtlvy1s x126k92a\" style=\"text-align: justify;\">\n<div dir=\"auto\"><\/div>\n<div dir=\"auto\"><\/div>\n<div dir=\"auto\"><em>Vielen lieben Dank.<\/em><\/div>\n<\/div>\n<div class=\"x14z9mp xat24cr x1lziwak x1vvkbs xtlvy1s x126k92a\">\n<div dir=\"auto\" style=\"text-align: justify;\"><\/div>\n<div dir=\"auto\" style=\"text-align: justify;\"><\/div>\n<div dir=\"auto\" style=\"text-align: justify;\"><em>Eure<\/em><\/div>\n<div dir=\"auto\" style=\"text-align: justify;\"><\/div>\n<div dir=\"auto\" style=\"text-align: justify;\"><\/div>\n<div dir=\"auto\" style=\"text-align: justify;\"><em>Lyane&#8220;<\/em><\/div>\n<\/div>\n<div dir=\"auto\"><\/div>\n<div dir=\"auto\"><\/div>\n<div dir=\"auto\"><\/div>\n<div dir=\"auto\"><\/div>\n<div dir=\"auto\"><strong><a href=\"https:\/\/www.facebook.com\/lyane.leigh\">ZUR FACEBOOK-SEITE VON LYANE LEIGH HEGEMANN &#8230;:<\/a><\/strong><\/div>\n","protected":false},"excerpt":{"rendered":"<p>Lyane Hegemann freut sich sehr \u00fcber ihren Erfolg in den Airplay Charts &#8222;Deutschland Konservativ Pop&#8220;!<\/p>\n","protected":false},"author":2,"featured_media":254671,"comment_status":"open","ping_status":"closed","sticky":false,"template":"","format":"standard","meta":{"_FSMCFIC_featured_image_caption":"","_FSMCFIC_featured_image_nocaption":"","_FSMCFIC_featured_image_hide":""},"categories":[28],"tags":[1065],"acf":[],"_links":{"self":[{"href":"https:\/\/smago.de\/ws2\/wp-json\/wp\/v2\/posts\/254670"}],"collection":[{"href":"https:\/\/smago.de\/ws2\/wp-json\/wp\/v2\/posts"}],"about":[{"href":"https:\/\/smago.de\/ws2\/wp-json\/wp\/v2\/types\/post"}],"author":[{"embeddable":true,"href":"https:\/\/smago.de\/ws2\/wp-json\/wp\/v2\/users\/2"}],"replies":[{"embeddable":true,"href":"https:\/\/smago.de\/ws2\/wp-json\/wp\/v2\/comments?post=254670"}],"version-history":[{"count":3,"href":"https:\/\/smago.de\/ws2\/wp-json\/wp\/v2\/posts\/254670\/revisions"}],"predecessor-version":[{"id":254674,"href":"https:\/\/smago.de\/ws2\/wp-json\/wp\/v2\/posts\/254670\/revisions\/254674"}],"wp:featuredmedia":[{"embeddable":true,"href":"https:\/\/smago.de\/ws2\/wp-json\/wp\/v2\/media\/254671"}],"wp:attachment":[{"href":"https:\/\/smago.de\/ws2\/wp-json\/wp\/v2\/media?parent=254670"}],"wp:term":[{"taxonomy":"category","embeddable":true,"href":"https:\/\/smago.de\/ws2\/wp-json\/wp\/v2\/categories?post=254670"},{"taxonomy":"post_tag","embeddable":true,"href":"https:\/\/smago.de\/ws2\/wp-json\/wp\/v2\/tags?post=254670"}],"curies":[{"name":"wp","href":"https:\/\/api.w.org\/{rel}","templated":true}]}}