{"id":254662,"date":"2026-01-25T23:59:25","date_gmt":"2026-01-25T22:59:25","guid":{"rendered":"https:\/\/smago.de\/ws2\/?p=254662"},"modified":"2026-01-24T18:53:23","modified_gmt":"2026-01-24T17:53:23","slug":"patrick-heidenreich-niemals-vergessen-ein-song-ueber-abschied-dankbarkeit-und-die-kraft-von-erinnerungen","status":"publish","type":"post","link":"https:\/\/smago.de\/ws2\/pop-schlager\/patrick-heidenreich-niemals-vergessen-ein-song-ueber-abschied-dankbarkeit-und-die-kraft-von-erinnerungen\/","title":{"rendered":"PATRICK HEIDENREICH <br>&#8222;Niemals vergessen&#8220; \u2013 ein Song \u00fcber Abschied, Dankbarkeit und die Kraft von Erinnerungen!"},"content":{"rendered":"<p style=\"text-align: justify;\">Der Titel ist seiner Oma gewidmet \u2013 einer pr\u00e4genden Bezugsperson und lebenslangen Begleiterin!<!--more--><\/p>\n<p style=\"text-align: justify;\">\n<p style=\"text-align: justify;\">\n<p style=\"text-align: justify;\">Mit \u201eNiemals vergessen\u201c ver\u00f6ffentlicht PATRICK HEIDENREICH einen zutiefst pers\u00f6nlichen Song \u00fcber Abschied, Dankbarkeit und die Kraft von Erinnerungen.<\/p>\n<p style=\"text-align: justify;\">Der Titel ist seiner Oma gewidmet \u2013 einer pr\u00e4genden Bezugsperson und lebenslangen Begleiterin.<\/p>\n<p>Der Song erz\u00e4hlt von einer tiefen, innigen Verbindung, von N\u00e4he in allen Lebensphasen und von Worten, die bleiben, auch wenn ein Mensch geht. Trauer und Hoffnung verbinden sich zu dem tr\u00f6stlichen Gedanken, dass Liebe in Erinnerungen weiterlebt.<\/p>\n<p>Textlich verbindet \u201eNiemals vergessen\u201c Trauer mit Hoffnung und dem tr\u00f6stlichen Gedanken an ein Wiedersehen und dass man in Erinnerungen weiterlebt. H\u00f6rt man dieses Lied, ziehen Bilder vor dem inneren Auge auf, schaffen eine emotionale N\u00e4he, die viele H\u00f6rerinnen und H\u00f6rer aus eigenen Erfahrungen kennen.<\/p>\n<p>Musikalisch getragen wird der Song von einer ruhigen, warmen Produktion, die dem Text Raum l\u00e4sst. Die Stimme steht klar im Mittelpunkt und transportiert Verletzlichkeit, Dankbarkeit und Liebe \u2013 ohne Pathos, aber mit sp\u00fcrbarer Tiefe.<\/p>\n<p>\u201eNiemals vergessen\u201c ist kein Song \u00fcber das Ende, sondern \u00fcber das Weitertragen: von Geschichten, Worten und Erinnerungen. Es ist eine Hommage an einen geliebten Menschen \u2013 und an die Gewissheit, dass Liebe \u00fcber den Abschied hinaus bleibt.<\/p>\n<p>Mit &#8222;Niemals vergessen&#8220; zeigt Patrick erneut, wie ehrlich und pers\u00f6nlich ein Lied sein kann, wenn es aus dem echten Leben entsteht.<\/p>\n<p>Die Ver\u00f6ffentlichung erfolgt am 30.01.2026 via Fiesta Records (Andreas Rosmiarek).<\/p>\n","protected":false},"excerpt":{"rendered":"<p>Der Titel ist seiner Oma gewidmet \u2013 einer pr\u00e4genden Bezugsperson und lebenslangen Begleiterin!<\/p>\n","protected":false},"author":2,"featured_media":254663,"comment_status":"open","ping_status":"closed","sticky":false,"template":"","format":"standard","meta":{"_FSMCFIC_featured_image_caption":"","_FSMCFIC_featured_image_nocaption":"","_FSMCFIC_featured_image_hide":""},"categories":[28],"tags":[1223],"acf":[],"_links":{"self":[{"href":"https:\/\/smago.de\/ws2\/wp-json\/wp\/v2\/posts\/254662"}],"collection":[{"href":"https:\/\/smago.de\/ws2\/wp-json\/wp\/v2\/posts"}],"about":[{"href":"https:\/\/smago.de\/ws2\/wp-json\/wp\/v2\/types\/post"}],"author":[{"embeddable":true,"href":"https:\/\/smago.de\/ws2\/wp-json\/wp\/v2\/users\/2"}],"replies":[{"embeddable":true,"href":"https:\/\/smago.de\/ws2\/wp-json\/wp\/v2\/comments?post=254662"}],"version-history":[{"count":1,"href":"https:\/\/smago.de\/ws2\/wp-json\/wp\/v2\/posts\/254662\/revisions"}],"predecessor-version":[{"id":254664,"href":"https:\/\/smago.de\/ws2\/wp-json\/wp\/v2\/posts\/254662\/revisions\/254664"}],"wp:featuredmedia":[{"embeddable":true,"href":"https:\/\/smago.de\/ws2\/wp-json\/wp\/v2\/media\/254663"}],"wp:attachment":[{"href":"https:\/\/smago.de\/ws2\/wp-json\/wp\/v2\/media?parent=254662"}],"wp:term":[{"taxonomy":"category","embeddable":true,"href":"https:\/\/smago.de\/ws2\/wp-json\/wp\/v2\/categories?post=254662"},{"taxonomy":"post_tag","embeddable":true,"href":"https:\/\/smago.de\/ws2\/wp-json\/wp\/v2\/tags?post=254662"}],"curies":[{"name":"wp","href":"https:\/\/api.w.org\/{rel}","templated":true}]}}