{"id":254655,"date":"2026-01-24T23:59:29","date_gmt":"2026-01-24T22:59:29","guid":{"rendered":"https:\/\/smago.de\/ws2\/?p=254655"},"modified":"2026-01-24T18:33:23","modified_gmt":"2026-01-24T17:33:23","slug":"martina-westermann-ihren-song-komm-halt-mich-fest-hat-sie-komplett-geschrieben","status":"publish","type":"post","link":"https:\/\/smago.de\/ws2\/pop-schlager\/martina-westermann-ihren-song-komm-halt-mich-fest-hat-sie-komplett-geschrieben\/","title":{"rendered":"MARTINA WESTERMANN <br>Ihren Song &#8222;Komm halt mich fest&#8220; hat sie komplett geschrieben!"},"content":{"rendered":"<p>Im Mittelpunkt steht eine Frau, die sich heimlich in ihren Arbeitskollegen verliebt hat \u2013 w\u00e4hrend er davon nichts ahnt &#8230;!<!--more--><\/p>\n<p>&nbsp;<\/p>\n<p style=\"text-align: justify;\">\n<p style=\"text-align: justify;\">Mit \u201eKomm halt mich fest\u201c pr\u00e4sentiert MARTINA WESTERMANN einen Song, den sie selbst komponiert und getextet hat. Im Mittelpunkt steht eine Frau, die sich heimlich in ihren Arbeitskollegen verliebt hat \u2013 w\u00e4hrend er davon nichts ahnt. Eine Situation, die vielen vertraut sein d\u00fcrfte und dem Titel eine besondere N\u00e4he zum Alltag verleiht.<\/p>\n<p>Produziert wurde der Song von Christian Zikeli und Andreas Schweighofer, die ihn mit einem schwungvollen, tanzbaren Discofox-Beat ausgestattet haben. Der eing\u00e4ngige Refrain bleibt im Ohr und l\u00e4dt sofort zum Mitsingen ein.<\/p>\n<p style=\"text-align: justify;\">Die Ver\u00f6ffentlichung erfolgt am 30.01.2026 via Fiesta Records (Andreas Rosmiarek).<\/p>\n","protected":false},"excerpt":{"rendered":"<p>Im Mittelpunkt steht eine Frau, die sich heimlich in ihren Arbeitskollegen verliebt hat \u2013 w\u00e4hrend er davon nichts ahnt &#8230;!<\/p>\n","protected":false},"author":2,"featured_media":254656,"comment_status":"open","ping_status":"closed","sticky":false,"template":"","format":"standard","meta":{"_FSMCFIC_featured_image_caption":"","_FSMCFIC_featured_image_nocaption":"","_FSMCFIC_featured_image_hide":""},"categories":[28],"tags":[4943],"acf":[],"_links":{"self":[{"href":"https:\/\/smago.de\/ws2\/wp-json\/wp\/v2\/posts\/254655"}],"collection":[{"href":"https:\/\/smago.de\/ws2\/wp-json\/wp\/v2\/posts"}],"about":[{"href":"https:\/\/smago.de\/ws2\/wp-json\/wp\/v2\/types\/post"}],"author":[{"embeddable":true,"href":"https:\/\/smago.de\/ws2\/wp-json\/wp\/v2\/users\/2"}],"replies":[{"embeddable":true,"href":"https:\/\/smago.de\/ws2\/wp-json\/wp\/v2\/comments?post=254655"}],"version-history":[{"count":1,"href":"https:\/\/smago.de\/ws2\/wp-json\/wp\/v2\/posts\/254655\/revisions"}],"predecessor-version":[{"id":254657,"href":"https:\/\/smago.de\/ws2\/wp-json\/wp\/v2\/posts\/254655\/revisions\/254657"}],"wp:featuredmedia":[{"embeddable":true,"href":"https:\/\/smago.de\/ws2\/wp-json\/wp\/v2\/media\/254656"}],"wp:attachment":[{"href":"https:\/\/smago.de\/ws2\/wp-json\/wp\/v2\/media?parent=254655"}],"wp:term":[{"taxonomy":"category","embeddable":true,"href":"https:\/\/smago.de\/ws2\/wp-json\/wp\/v2\/categories?post=254655"},{"taxonomy":"post_tag","embeddable":true,"href":"https:\/\/smago.de\/ws2\/wp-json\/wp\/v2\/tags?post=254655"}],"curies":[{"name":"wp","href":"https:\/\/api.w.org\/{rel}","templated":true}]}}