{"id":254651,"date":"2026-01-25T00:00:29","date_gmt":"2026-01-24T23:00:29","guid":{"rendered":"https:\/\/smago.de\/ws2\/?p=254651"},"modified":"2026-01-24T18:28:05","modified_gmt":"2026-01-24T17:28:05","slug":"lara-zoe-i-love-schlager-beschwoert-die-15-jaehrige-lara-zoe","status":"publish","type":"post","link":"https:\/\/smago.de\/ws2\/pop-schlager\/lara-zoe-i-love-schlager-beschwoert-die-15-jaehrige-lara-zoe\/","title":{"rendered":"LARA ZOE <br>&#8222;I Love Schlager&#8220;, beschw\u00f6rt die 15-j\u00e4hrige Lara Zoe!"},"content":{"rendered":"<p>Sie hat Power, sie liebt das Leben, und man sp\u00fcrt das Schlager-Feuer, das in ihr brennt!<!--more--><\/p>\n<p>&nbsp;<\/p>\n<p>&nbsp;<\/p>\n<p style=\"text-align: justify;\">LARA ZOE liebt und lebt den Schlager. Bereits mit 4 Jahren \u00e4usserte die sympathische Schweizerin schon den Wunsch, einmal auf der B\u00fchne zu stehen. Heute ist sie 15 und singt sich auf der \u00dcberholspur in die Schlagerszene.<\/p>\n<p>Lara Zoe ist ein Multitalent. Sie hat Power, sie liebt das Leben und man sp\u00fcrt das Schlager-Feuer, das in ihr brennt.<\/p>\n<p>Die brandneue Radio-Single \u00abI Love Schlager\u201d ist eine starke Message von Lara Zoe, den mit ihren 15 Jahren zeigt sie, wie frisch, modern und zeitgem\u00e4ss der Popschlager heute klingt. Auch stimmlich hat Lara Zoe m\u00e4chtig was draufgelegt.<\/p>\n<p>\u00abI Love Schlager\u00bb ist bereits am Anfang des neuen Jahres mit Sicherheit ein Schlagerhighlight 2026.<\/p>\n","protected":false},"excerpt":{"rendered":"<p>Sie hat Power, sie liebt das Leben, und man sp\u00fcrt das Schlager-Feuer, das in ihr brennt!<\/p>\n","protected":false},"author":2,"featured_media":254653,"comment_status":"open","ping_status":"closed","sticky":false,"template":"","format":"standard","meta":{"_FSMCFIC_featured_image_caption":"","_FSMCFIC_featured_image_nocaption":"","_FSMCFIC_featured_image_hide":""},"categories":[28],"tags":[3156],"acf":[],"_links":{"self":[{"href":"https:\/\/smago.de\/ws2\/wp-json\/wp\/v2\/posts\/254651"}],"collection":[{"href":"https:\/\/smago.de\/ws2\/wp-json\/wp\/v2\/posts"}],"about":[{"href":"https:\/\/smago.de\/ws2\/wp-json\/wp\/v2\/types\/post"}],"author":[{"embeddable":true,"href":"https:\/\/smago.de\/ws2\/wp-json\/wp\/v2\/users\/2"}],"replies":[{"embeddable":true,"href":"https:\/\/smago.de\/ws2\/wp-json\/wp\/v2\/comments?post=254651"}],"version-history":[{"count":1,"href":"https:\/\/smago.de\/ws2\/wp-json\/wp\/v2\/posts\/254651\/revisions"}],"predecessor-version":[{"id":254654,"href":"https:\/\/smago.de\/ws2\/wp-json\/wp\/v2\/posts\/254651\/revisions\/254654"}],"wp:featuredmedia":[{"embeddable":true,"href":"https:\/\/smago.de\/ws2\/wp-json\/wp\/v2\/media\/254653"}],"wp:attachment":[{"href":"https:\/\/smago.de\/ws2\/wp-json\/wp\/v2\/media?parent=254651"}],"wp:term":[{"taxonomy":"category","embeddable":true,"href":"https:\/\/smago.de\/ws2\/wp-json\/wp\/v2\/categories?post=254651"},{"taxonomy":"post_tag","embeddable":true,"href":"https:\/\/smago.de\/ws2\/wp-json\/wp\/v2\/tags?post=254651"}],"curies":[{"name":"wp","href":"https:\/\/api.w.org\/{rel}","templated":true}]}}