{"id":254616,"date":"2026-01-24T14:00:11","date_gmt":"2026-01-24T13:00:11","guid":{"rendered":"https:\/\/smago.de\/ws2\/?p=254616"},"modified":"2026-01-24T14:00:11","modified_gmt":"2026-01-24T13:00:11","slug":"stefan-raab-die-stefan-raab-show-die-halbe-stunde-nach-der-stunde-danach-mischt-ab-dem-27-01-2026-live-beim-dschungel-mit","status":"publish","type":"post","link":"https:\/\/smago.de\/ws2\/nonsens\/stefan-raab-die-stefan-raab-show-die-halbe-stunde-nach-der-stunde-danach-mischt-ab-dem-27-01-2026-live-beim-dschungel-mit\/","title":{"rendered":"STEFAN RAAB <br> \u201cDie Stefan Raab Show \u2013 Die halbe Stunde nach der Stunde danach\u201c mischt ab dem 27.01.2026 live beim Dschungel mit!"},"content":{"rendered":"<p>Sendetermine: 27.01. &#8211; 29.01. + 03.02. &#8211; 05.02.2026!<!--more--><\/p>\n<p>&nbsp;<\/p>\n<p style=\"text-align: justify;\">Der Dschungel hat ein neues Raubtier \u2013 STEFAN RAAB hat bei \u201cIBES\u201d ab Dienstag, 27. Januar ein kr\u00e4ftiges W\u00f6rtchen mitzureden! Seine Spr\u00fcche sind scharf wie australische Pfefferschoten, sein Auge f\u00fcr witzige TV-Ausschnitte ist so unerbittlich wie die Sonne \u00fcber dem Outback \u2013 was liegt da n\u00e4her, als dass Deutschlands kreativster Entertainer mit einer 30-min\u00fctigen Spezial-Ausgabe seiner \u201cStefan Raab Show\u201c in den legend\u00e4ren Dschungel-Kosmos eintaucht. Stefan Raab zieht in sechs Live-Ausgaben von &#8222;Die Stefan Raab Show &#8211; Die halbe Stunde nach der Stunde danach\u201c um 23.30 Uhr sein satirisches Res\u00fcmee und rundet so einen perfekten Dschungelabend ab.<\/p>\n<p style=\"text-align: justify;\">Ausstrahlungstermine \u201cDie Stefan Raab Show \u2013 Die halbe Stunde nach der Stunde danach\u201c, LIVE bei RTL und auf RTL+: Dienstag, 27.01., Mittwoch, 28.01., Donnerstag, 29.01., Dienstag, 03.02., Mittwoch, 04.02. und Donnerstag, 05.02., jeweils um 23:30 Uhr.<\/p>\n<p style=\"text-align: justify;\">\n<p style=\"text-align: justify;\"><em>Produziert wird &#8222;Die Stefan Raab Show &#8211; Die halbe Stunde nach der Stunde danach\u201c von Raab Entertainment im Auftrag von RTL.<\/em><\/p>\n<p>&nbsp;<\/p>\n<p style=\"text-align: justify;\">Tickets unter <a href=\"http:\/\/www.raab-tickets.de\/\">www.raab-tickets.de<\/a><\/p>\n<p>&nbsp;<\/p>\n<p>&nbsp;<\/p>\n<figure id=\"attachment_254617\" aria-describedby=\"caption-attachment-254617\" style=\"width: 800px\" class=\"wp-caption alignnone\"><img decoding=\"async\" loading=\"lazy\" class=\"size-large wp-image-254617\" src=\"https:\/\/smago.de\/ws2\/wp-content\/uploads\/2026\/01\/Bild-24.01.26-um-13.57-800x450.jpg\" alt=\"\" width=\"800\" height=\"450\" srcset=\"https:\/\/smago.de\/ws2\/wp-content\/uploads\/2026\/01\/Bild-24.01.26-um-13.57-800x450.jpg 800w, https:\/\/smago.de\/ws2\/wp-content\/uploads\/2026\/01\/Bild-24.01.26-um-13.57-522x294.jpg 522w, https:\/\/smago.de\/ws2\/wp-content\/uploads\/2026\/01\/Bild-24.01.26-um-13.57-267x150.jpg 267w, https:\/\/smago.de\/ws2\/wp-content\/uploads\/2026\/01\/Bild-24.01.26-um-13.57-768x432.jpg 768w, https:\/\/smago.de\/ws2\/wp-content\/uploads\/2026\/01\/Bild-24.01.26-um-13.57-392x221.jpg 392w, https:\/\/smago.de\/ws2\/wp-content\/uploads\/2026\/01\/Bild-24.01.26-um-13.57-130x73.jpg 130w, https:\/\/smago.de\/ws2\/wp-content\/uploads\/2026\/01\/Bild-24.01.26-um-13.57-791x445.jpg 791w, https:\/\/smago.de\/ws2\/wp-content\/uploads\/2026\/01\/Bild-24.01.26-um-13.57-870x489.jpg 870w, https:\/\/smago.de\/ws2\/wp-content\/uploads\/2026\/01\/Bild-24.01.26-um-13.57-292x164.jpg 292w, https:\/\/smago.de\/ws2\/wp-content\/uploads\/2026\/01\/Bild-24.01.26-um-13.57-435x245.jpg 435w, https:\/\/smago.de\/ws2\/wp-content\/uploads\/2026\/01\/Bild-24.01.26-um-13.57-895x503.jpg 895w, https:\/\/smago.de\/ws2\/wp-content\/uploads\/2026\/01\/Bild-24.01.26-um-13.57.jpg 1150w\" sizes=\"(max-width: 800px) 100vw, 800px\" \/><figcaption id=\"caption-attachment-254617\" class=\"wp-caption-text\"><em>Foto-Credit: RTL &#8211; Raab Entertainment \/ Willi Weber (Hintergrund KI-generiert)<\/em><\/p>\n<p><em>Bitte beachten Sie auch <strong><a href=\"http:\/\/www.rtlplus.de\">RTL+<\/a><\/strong>!<\/em><\/figcaption><\/figure>\n","protected":false},"excerpt":{"rendered":"<p>Sendetermine: 27.01. &#8211; 29.01. + 03.02. &#8211; 05.02.2026!<\/p>\n","protected":false},"author":2,"featured_media":254617,"comment_status":"open","ping_status":"closed","sticky":false,"template":"","format":"standard","meta":{"_FSMCFIC_featured_image_caption":"","_FSMCFIC_featured_image_nocaption":"","_FSMCFIC_featured_image_hide":""},"categories":[23,128],"tags":[507],"acf":[],"_links":{"self":[{"href":"https:\/\/smago.de\/ws2\/wp-json\/wp\/v2\/posts\/254616"}],"collection":[{"href":"https:\/\/smago.de\/ws2\/wp-json\/wp\/v2\/posts"}],"about":[{"href":"https:\/\/smago.de\/ws2\/wp-json\/wp\/v2\/types\/post"}],"author":[{"embeddable":true,"href":"https:\/\/smago.de\/ws2\/wp-json\/wp\/v2\/users\/2"}],"replies":[{"embeddable":true,"href":"https:\/\/smago.de\/ws2\/wp-json\/wp\/v2\/comments?post=254616"}],"version-history":[{"count":1,"href":"https:\/\/smago.de\/ws2\/wp-json\/wp\/v2\/posts\/254616\/revisions"}],"predecessor-version":[{"id":254618,"href":"https:\/\/smago.de\/ws2\/wp-json\/wp\/v2\/posts\/254616\/revisions\/254618"}],"wp:featuredmedia":[{"embeddable":true,"href":"https:\/\/smago.de\/ws2\/wp-json\/wp\/v2\/media\/254617"}],"wp:attachment":[{"href":"https:\/\/smago.de\/ws2\/wp-json\/wp\/v2\/media?parent=254616"}],"wp:term":[{"taxonomy":"category","embeddable":true,"href":"https:\/\/smago.de\/ws2\/wp-json\/wp\/v2\/categories?post=254616"},{"taxonomy":"post_tag","embeddable":true,"href":"https:\/\/smago.de\/ws2\/wp-json\/wp\/v2\/tags?post=254616"}],"curies":[{"name":"wp","href":"https:\/\/api.w.org\/{rel}","templated":true}]}}