{"id":254600,"date":"2026-01-25T00:00:27","date_gmt":"2026-01-24T23:00:27","guid":{"rendered":"https:\/\/smago.de\/ws2\/?p=254600"},"modified":"2026-01-24T13:15:45","modified_gmt":"2026-01-24T12:15:45","slug":"jens-seidler-neu-die-jens-seidler-radio-show-so-25-01-2026-1400-uhr-radio-saalewelle","status":"publish","type":"post","link":"https:\/\/smago.de\/ws2\/schlager\/jens-seidler-neu-die-jens-seidler-radio-show-so-25-01-2026-1400-uhr-radio-saalewelle\/","title":{"rendered":"JENS SEIDLER <br>Neu: &#8222;Die Jens Seidler Radio Show&#8220; \u2013 So., 25.01.2026, 14:00 Uhr, Radio Saalewelle!"},"content":{"rendered":"<p>Insgesamt sind 4 Ausgaben geplant!<br \/>\n<!--more--><\/p>\n<p>&nbsp;<\/p>\n<p>&nbsp;<\/p>\n<div style=\"text-align: justify;\">JENS SEIDLER feiert 2026 ein ganz besonderes Jubil\u00e4um: &#8222;40 Jahre im Musik und Showgesch\u00e4ft&#8220;.<\/div>\n<div style=\"text-align: justify;\">\nIn diesen 40 Jahren hat er\u00a0 mit \u00fcber 500 K\u00fcnstlern gearbeitet (von Helene Fischer, Andrea Berg, Roland Kaiser bis hin zu Dr. Alban und Haddaway). Jeden letzten Samstag im Monat pr\u00e4sentiert er zudem die TV Sendung &#8220; Die Schlager Hits des Monats &#8220; auf Melodie TV und steht als Moderator bei Live-Veranstaltungen auf der B\u00fchne. Auch vom smago! Award am 08.04.2026 in der Hohenhaus Tenne in Schladming wird Jens Seidler wieder im Rahmen einer TV-Sendung berichten.<\/p>\n<\/div>\n<div style=\"text-align: justify;\">Im Jubil\u00e4umsjahr wird es zus\u00e4tzlich\u00a0 viermal auf Radio Saalewelle die &#8222;Jens Seidler Radio Show&#8220; geben.<\/p>\n<\/div>\n<div style=\"text-align: justify;\">Die erste Live Sendung wird es am Sonntag, den 25.01.2026 von 14:00 Uhr &#8211; 16:00 Uhr Uhr auf Radio Saalewelle geben.<\/p>\n<\/div>\n<div style=\"text-align: justify;\">Jens Seidler wird mit u .a. mit Daniela Alfinito, Andre Busse, Laura Wilde, Stefan Peters, Cora und Eighties Fox live telefonieren, es werden einige H\u00f6reraktionen durchgef\u00fchrt, und es gibt 2 Stunden tolle Musik.<\/p>\n<\/div>\n<div style=\"text-align: justify;\">Jens Seidler zu <strong><a href=\"http:\/\/www.smago.de\">www.smago.de<\/a><\/strong>:\u00a0 <em>&#8222;Ich freue mich auf 4 wundersch\u00f6ne Radiosendungen zu meinem Jubil\u00e4um auf Radio Saalewelle. Zudem sage ich Dankesch\u00f6n an Andy Tichler und smago! f\u00fcr die tolle Zusammenarbeit seit so vielen Jahren.&#8220;<\/em><\/div>\n<div style=\"text-align: justify;\">\n<\/div>\n<div><strong><a href=\"https:\/\/saalewelle.com\/seite\/empfang-10\">Infos zum Empfang von Radio Saalewelle &#8230;:<\/a><\/strong><\/div>\n<p>&nbsp;<\/p>\n<p>&nbsp;<\/p>\n<p><img decoding=\"async\" loading=\"lazy\" class=\"alignnone size-large wp-image-254602\" src=\"https:\/\/smago.de\/ws2\/wp-content\/uploads\/2026\/01\/Bild-1-800x640.jpg\" alt=\"\" width=\"800\" height=\"640\" srcset=\"https:\/\/smago.de\/ws2\/wp-content\/uploads\/2026\/01\/Bild-1-800x640.jpg 800w, https:\/\/smago.de\/ws2\/wp-content\/uploads\/2026\/01\/Bild-1-522x417.jpg 522w, https:\/\/smago.de\/ws2\/wp-content\/uploads\/2026\/01\/Bild-1-188x150.jpg 188w, https:\/\/smago.de\/ws2\/wp-content\/uploads\/2026\/01\/Bild-1-768x614.jpg 768w, https:\/\/smago.de\/ws2\/wp-content\/uploads\/2026\/01\/Bild-1-1536x1228.jpg 1536w, https:\/\/smago.de\/ws2\/wp-content\/uploads\/2026\/01\/Bild-1-340x272.jpg 340w, https:\/\/smago.de\/ws2\/wp-content\/uploads\/2026\/01\/Bild-1-751x600.jpg 751w, https:\/\/smago.de\/ws2\/wp-content\/uploads\/2026\/01\/Bild-1-130x104.jpg 130w, https:\/\/smago.de\/ws2\/wp-content\/uploads\/2026\/01\/Bild-1-557x445.jpg 557w, https:\/\/smago.de\/ws2\/wp-content\/uploads\/2026\/01\/Bild-1-653x522.jpg 653w, https:\/\/smago.de\/ws2\/wp-content\/uploads\/2026\/01\/Bild-1-238x190.jpg 238w, https:\/\/smago.de\/ws2\/wp-content\/uploads\/2026\/01\/Bild-1-363x290.jpg 363w, https:\/\/smago.de\/ws2\/wp-content\/uploads\/2026\/01\/Bild-1-124x100.jpg 124w, https:\/\/smago.de\/ws2\/wp-content\/uploads\/2026\/01\/Bild-1.jpg 1600w\" sizes=\"(max-width: 800px) 100vw, 800px\" \/><\/p>\n","protected":false},"excerpt":{"rendered":"<p>Insgesamt sind 4 Ausgaben geplant!<\/p>\n","protected":false},"author":2,"featured_media":254601,"comment_status":"open","ping_status":"closed","sticky":false,"template":"","format":"standard","meta":{"_FSMCFIC_featured_image_caption":"","_FSMCFIC_featured_image_nocaption":"","_FSMCFIC_featured_image_hide":""},"categories":[29,39],"tags":[3548],"acf":[],"_links":{"self":[{"href":"https:\/\/smago.de\/ws2\/wp-json\/wp\/v2\/posts\/254600"}],"collection":[{"href":"https:\/\/smago.de\/ws2\/wp-json\/wp\/v2\/posts"}],"about":[{"href":"https:\/\/smago.de\/ws2\/wp-json\/wp\/v2\/types\/post"}],"author":[{"embeddable":true,"href":"https:\/\/smago.de\/ws2\/wp-json\/wp\/v2\/users\/2"}],"replies":[{"embeddable":true,"href":"https:\/\/smago.de\/ws2\/wp-json\/wp\/v2\/comments?post=254600"}],"version-history":[{"count":1,"href":"https:\/\/smago.de\/ws2\/wp-json\/wp\/v2\/posts\/254600\/revisions"}],"predecessor-version":[{"id":254603,"href":"https:\/\/smago.de\/ws2\/wp-json\/wp\/v2\/posts\/254600\/revisions\/254603"}],"wp:featuredmedia":[{"embeddable":true,"href":"https:\/\/smago.de\/ws2\/wp-json\/wp\/v2\/media\/254601"}],"wp:attachment":[{"href":"https:\/\/smago.de\/ws2\/wp-json\/wp\/v2\/media?parent=254600"}],"wp:term":[{"taxonomy":"category","embeddable":true,"href":"https:\/\/smago.de\/ws2\/wp-json\/wp\/v2\/categories?post=254600"},{"taxonomy":"post_tag","embeddable":true,"href":"https:\/\/smago.de\/ws2\/wp-json\/wp\/v2\/tags?post=254600"}],"curies":[{"name":"wp","href":"https:\/\/api.w.org\/{rel}","templated":true}]}}