{"id":254593,"date":"2026-01-24T09:00:50","date_gmt":"2026-01-24T08:00:50","guid":{"rendered":"https:\/\/smago.de\/ws2\/?p=254593"},"modified":"2026-01-24T09:01:08","modified_gmt":"2026-01-24T08:01:08","slug":"ich-bin-ein-star-holt-mich-hier-raus-der-dschungel-ruft-und-millionen-folgen","status":"publish","type":"post","link":"https:\/\/smago.de\/ws2\/smago-informiert\/ich-bin-ein-star-holt-mich-hier-raus-der-dschungel-ruft-und-millionen-folgen\/","title":{"rendered":"&#8222;ICH BIN EIN STAR \u2013 HOLT MICH HIER RAUS!&#8220; <br> Der Dschungel ruft \u2013 und Millionen folgen!"},"content":{"rendered":"<p>&#8222;Ich bin ein Star \u2013 Holt mich hier raus!&#8220; startet stark in die neue Staffel und erreicht bis zu 4,76 Mio. Zuschauer!<!--more--><\/p>\n<p>&nbsp;<\/p>\n<p>&nbsp;<\/p>\n<p style=\"text-align: justify;\">Mit dem Staffelstart von &#8222;Ich bin ein Star \u2013 Holt mich hier raus!&#8220; setzt RTL ein klares Ausrufezeichen: Folge 1 schalteten am Freitagabend zur besten Sendezeit 4,27 Millionen Zuschauer ein. Das entsprach einem Marktanteil von 20,6 Prozent. In der Spitze verfolgten sogar bis zu 4,76 Millionen Zuschauer ab 3 Jahren das Geschehen aus Australien.<\/p>\n<p style=\"text-align: justify;\">In der Zielgruppe der 14- bis 59-J\u00e4hrigen \u00fcberzeugte die erste Live-Show mit 2,71 Millionen Zuschauern und starken 31,6 Prozent Marktanteil; das entspricht einem Plus von 1,2 Prozentpunkten gegen\u00fcber dem Vorjahr. Auch bei den 14- bis 49-J\u00e4hrigen zeigte sich der Dschungel in Topform: 1,66 Millionen Zuschauer sorgten hier f\u00fcr hervorragende 37,5 Prozent Marktanteil. Damit sicherte sich &#8222;Ich bin ein Star \u2013 Holt mich hier raus!&#8220; am Freitagabend sowohl bei den 14- bis 49-J\u00e4hrigen als auch bei den 14- bis 59-J\u00e4hrigen mit gro\u00dfem Abstand klar die Marktf\u00fchrerschaft.<\/p>\n<p style=\"text-align: justify;\">Im Anschluss punktete auch &#8222;Ich bin ein Star \u2013 Holt mich hier raus! Die Stunde danach&#8220;: Die Sendung schalteten 1,66 Millionen Dschungelfans ein \u2013 damit erzielte die Show 24,1 Prozent Marktanteil bei den 14- bis 59-J\u00e4hrigen und sorgte sowohl beim Gesamtpublikum, als auch bei der Zielgruppe f\u00fcr st\u00e4rkere Werte als 2025.<\/p>\n<p style=\"text-align: justify;\">Mit hervorragenden Tagesmarktanteilen von 17,6 Prozent in der Zielgruppe der 14- bis 59-J\u00e4hrigen und 21,6 Prozent bei den 14- bis 49-J\u00e4hrigen war RTL am Freitag mit deutlichem Abstand Marktf\u00fchrer vor allen anderen Sendern und auch hier erfolgreicher als im Vorjahr.<\/p>\n<p style=\"text-align: justify;\">Heute Abend geht das Abenteuer mit der zweiten Live-Show von &#8222;Ich bin ein Star \u2013 Holt mich hier raus!&#8220; um 20:15 Uhr bei RTL oder im Live-Stream auf RTL+ weiter.<\/p>\n<p>&nbsp;<\/p>\n<p>&nbsp;<\/p>\n<p style=\"text-align: justify;\"><em>Quelle f\u00fcr die TV-Quoten: AGF \/ GfK \/ DAP AGF SCOPE \/ RTL DATA \/ vorl. gew. \/ Stand: 24.01.2026<\/em><\/p>\n<p>&nbsp;<\/p>\n<p>&nbsp;<\/p>\n<figure id=\"attachment_254594\" aria-describedby=\"caption-attachment-254594\" style=\"width: 800px\" class=\"wp-caption alignnone\"><img decoding=\"async\" loading=\"lazy\" class=\"size-large wp-image-254594\" src=\"https:\/\/smago.de\/ws2\/wp-content\/uploads\/2026\/01\/Bild-24.01.26-um-08.59-1-800x450.jpg\" alt=\"\" width=\"800\" height=\"450\" srcset=\"https:\/\/smago.de\/ws2\/wp-content\/uploads\/2026\/01\/Bild-24.01.26-um-08.59-1-800x450.jpg 800w, https:\/\/smago.de\/ws2\/wp-content\/uploads\/2026\/01\/Bild-24.01.26-um-08.59-1-522x294.jpg 522w, https:\/\/smago.de\/ws2\/wp-content\/uploads\/2026\/01\/Bild-24.01.26-um-08.59-1-267x150.jpg 267w, https:\/\/smago.de\/ws2\/wp-content\/uploads\/2026\/01\/Bild-24.01.26-um-08.59-1-768x432.jpg 768w, https:\/\/smago.de\/ws2\/wp-content\/uploads\/2026\/01\/Bild-24.01.26-um-08.59-1-392x221.jpg 392w, https:\/\/smago.de\/ws2\/wp-content\/uploads\/2026\/01\/Bild-24.01.26-um-08.59-1-130x73.jpg 130w, https:\/\/smago.de\/ws2\/wp-content\/uploads\/2026\/01\/Bild-24.01.26-um-08.59-1-791x445.jpg 791w, https:\/\/smago.de\/ws2\/wp-content\/uploads\/2026\/01\/Bild-24.01.26-um-08.59-1-870x489.jpg 870w, https:\/\/smago.de\/ws2\/wp-content\/uploads\/2026\/01\/Bild-24.01.26-um-08.59-1-292x164.jpg 292w, https:\/\/smago.de\/ws2\/wp-content\/uploads\/2026\/01\/Bild-24.01.26-um-08.59-1-435x245.jpg 435w, https:\/\/smago.de\/ws2\/wp-content\/uploads\/2026\/01\/Bild-24.01.26-um-08.59-1-895x503.jpg 895w, https:\/\/smago.de\/ws2\/wp-content\/uploads\/2026\/01\/Bild-24.01.26-um-08.59-1.jpg 1150w\" sizes=\"(max-width: 800px) 100vw, 800px\" \/><figcaption id=\"caption-attachment-254594\" class=\"wp-caption-text\"><em>Die Campbewohner<\/em><\/p>\n<p><em>Foto-Credit: RTL<\/em><\/p>\n<p><em>Bitte beachten Sie auch <strong><a href=\"http:\/\/www.rtlplus.de\">RTL+<\/a><\/strong>!<\/em><\/figcaption><\/figure>\n","protected":false},"excerpt":{"rendered":"<p>&#8222;Ich bin ein Star \u2013 Holt mich hier raus!&#8220; startet stark in die neue Staffel und erreicht bis zu 4,76<\/p>\n","protected":false},"author":2,"featured_media":254594,"comment_status":"open","ping_status":"closed","sticky":false,"template":"","format":"standard","meta":{"_FSMCFIC_featured_image_caption":"","_FSMCFIC_featured_image_nocaption":"","_FSMCFIC_featured_image_hide":""},"categories":[33],"tags":[758],"acf":[],"_links":{"self":[{"href":"https:\/\/smago.de\/ws2\/wp-json\/wp\/v2\/posts\/254593"}],"collection":[{"href":"https:\/\/smago.de\/ws2\/wp-json\/wp\/v2\/posts"}],"about":[{"href":"https:\/\/smago.de\/ws2\/wp-json\/wp\/v2\/types\/post"}],"author":[{"embeddable":true,"href":"https:\/\/smago.de\/ws2\/wp-json\/wp\/v2\/users\/2"}],"replies":[{"embeddable":true,"href":"https:\/\/smago.de\/ws2\/wp-json\/wp\/v2\/comments?post=254593"}],"version-history":[{"count":2,"href":"https:\/\/smago.de\/ws2\/wp-json\/wp\/v2\/posts\/254593\/revisions"}],"predecessor-version":[{"id":254596,"href":"https:\/\/smago.de\/ws2\/wp-json\/wp\/v2\/posts\/254593\/revisions\/254596"}],"wp:featuredmedia":[{"embeddable":true,"href":"https:\/\/smago.de\/ws2\/wp-json\/wp\/v2\/media\/254594"}],"wp:attachment":[{"href":"https:\/\/smago.de\/ws2\/wp-json\/wp\/v2\/media?parent=254593"}],"wp:term":[{"taxonomy":"category","embeddable":true,"href":"https:\/\/smago.de\/ws2\/wp-json\/wp\/v2\/categories?post=254593"},{"taxonomy":"post_tag","embeddable":true,"href":"https:\/\/smago.de\/ws2\/wp-json\/wp\/v2\/tags?post=254593"}],"curies":[{"name":"wp","href":"https:\/\/api.w.org\/{rel}","templated":true}]}}