{"id":254585,"date":"2026-01-24T00:00:13","date_gmt":"2026-01-23T23:00:13","guid":{"rendered":"https:\/\/smago.de\/ws2\/?p=254585"},"modified":"2026-01-23T23:05:14","modified_gmt":"2026-01-23T22:05:14","slug":"die-edlseer-heute-24-01-2026-mdr-fernsehen-orf-2-30-jahre-edlseer-a-musikant-im-trachtengwand","status":"publish","type":"post","link":"https:\/\/smago.de\/ws2\/volksmusik\/die-edlseer-heute-24-01-2026-mdr-fernsehen-orf-2-30-jahre-edlseer-a-musikant-im-trachtengwand\/","title":{"rendered":"DIE EDLSEER <br>Heute, 24.01.2026, MDR Fernsehen + ORF 2: &#8222;30 Jahre Edlseer \u2013 A Musikant im Trachteng\u2019wand&#8220;!"},"content":{"rendered":"<p style=\"text-align: justify;\">ca. 22:30 Uhr &#8211; 23:35 Uhr!<br \/>\n<!--more--><\/p>\n<p style=\"text-align: justify;\">\n<p style=\"text-align: justify;\">\n<p style=\"text-align: justify;\">Seit \u00fcber 30 Jahren stehen DIE EDLSEER auf der B\u00fchne. Die drei Musiker Fritz Kristoferitsch, Manfred Maier und Andreas Doppelhofer aus dem oststeirischen Birkfeld kennen sich seit ihrer Schulzeit, erf\u00fcllten sich mit einer gemeinsamen Band einen Kindheitstraum.<\/p>\n<p>F\u00fcr die Musikdokumentation geht es mit ihrem Bulli &#8211; dem alten Tourbus &#8211; quer durch die Steiermark. Sie erinnern sich an den Beginn ihrer musikalischen Karriere, an ihren Durchbruch, erz\u00e4hlen \u00fcber ihre Freundschaft, \u00fcber ihre Wurzeln, \u00fcber Tradition und die &#8222;next generation&#8220;.<\/p>\n<p>Zu Wort kommen auch zahlreiche prominente Freunde und Wegbegleiter wie u.a. Arnold Schwarzenegger, Florian Silbereisen, Andy Borg, FANTASY, Stefan Mross, Franz Klammer. Musikerkollegen wie Gottfried W\u00fcrcher (S\u00e4nger der Nockis), Norbert Rier (S\u00e4nger der Kastelruther Spatzen) oder Andreas Gabalier geben Einblicke in Begegnungen und Zusammenarbeiten mit den Edlseern.<\/p>\n<p>Neben besonderen Duetten wie &#8222;A Musikant im Trachteng&#8217;wand&#8220; und &#8222;Edlziller Party-Kn\u00fcller&#8220;, &#8222;Herzschlag f\u00fcr Herzschlag&#8220; und &#8222;Schwarzer Sand von Santa Cruz&#8220; erwartet das Publikum nat\u00fcrlich die gro\u00dfen Edlseer-Hits wie &#8222;Madonna Mia&#8220;, &#8222;Mariazeller Lied&#8220;, &#8222;Vota&#8220; und &#8222;Stoss ma an&#8220;.<\/p>\n<p>&nbsp;<\/p>\n<p>&nbsp;<\/p>\n<figure id=\"attachment_254586\" aria-describedby=\"caption-attachment-254586\" style=\"width: 603px\" class=\"wp-caption alignnone\"><img decoding=\"async\" loading=\"lazy\" class=\"size-large wp-image-254586\" src=\"https:\/\/smago.de\/ws2\/wp-content\/uploads\/2026\/01\/30jahreedl154-603x800.jpg\" alt=\"\" width=\"603\" height=\"800\" srcset=\"https:\/\/smago.de\/ws2\/wp-content\/uploads\/2026\/01\/30jahreedl154-603x800.jpg 603w, https:\/\/smago.de\/ws2\/wp-content\/uploads\/2026\/01\/30jahreedl154-394x522.jpg 394w, https:\/\/smago.de\/ws2\/wp-content\/uploads\/2026\/01\/30jahreedl154-113x150.jpg 113w, https:\/\/smago.de\/ws2\/wp-content\/uploads\/2026\/01\/30jahreedl154-768x1018.jpg 768w, https:\/\/smago.de\/ws2\/wp-content\/uploads\/2026\/01\/30jahreedl154-1158x1536.jpg 1158w, https:\/\/smago.de\/ws2\/wp-content\/uploads\/2026\/01\/30jahreedl154-205x272.jpg 205w, https:\/\/smago.de\/ws2\/wp-content\/uploads\/2026\/01\/30jahreedl154-453x600.jpg 453w, https:\/\/smago.de\/ws2\/wp-content\/uploads\/2026\/01\/30jahreedl154-98x130.jpg 98w, https:\/\/smago.de\/ws2\/wp-content\/uploads\/2026\/01\/30jahreedl154-336x445.jpg 336w, https:\/\/smago.de\/ws2\/wp-content\/uploads\/2026\/01\/30jahreedl154-143x190.jpg 143w, https:\/\/smago.de\/ws2\/wp-content\/uploads\/2026\/01\/30jahreedl154-219x290.jpg 219w, https:\/\/smago.de\/ws2\/wp-content\/uploads\/2026\/01\/30jahreedl154.jpg 1448w\" sizes=\"(max-width: 603px) 100vw, 603px\" \/><figcaption id=\"caption-attachment-254586\" class=\"wp-caption-text\"><em>Das erste \u201eEdlseer\u201c-Pressefoto<\/em><\/p>\n<p><em>Foto-Credit: ORF &#8211; Die Edlseer<\/em><\/figcaption><\/figure>\n","protected":false},"excerpt":{"rendered":"<p>ca. 22:30 Uhr &#8211; 23:35 Uhr!<\/p>\n","protected":false},"author":2,"featured_media":254587,"comment_status":"open","ping_status":"closed","sticky":false,"template":"","format":"standard","meta":{"_FSMCFIC_featured_image_caption":"","_FSMCFIC_featured_image_nocaption":"","_FSMCFIC_featured_image_hide":""},"categories":[128,30],"tags":[3138],"acf":[],"_links":{"self":[{"href":"https:\/\/smago.de\/ws2\/wp-json\/wp\/v2\/posts\/254585"}],"collection":[{"href":"https:\/\/smago.de\/ws2\/wp-json\/wp\/v2\/posts"}],"about":[{"href":"https:\/\/smago.de\/ws2\/wp-json\/wp\/v2\/types\/post"}],"author":[{"embeddable":true,"href":"https:\/\/smago.de\/ws2\/wp-json\/wp\/v2\/users\/2"}],"replies":[{"embeddable":true,"href":"https:\/\/smago.de\/ws2\/wp-json\/wp\/v2\/comments?post=254585"}],"version-history":[{"count":1,"href":"https:\/\/smago.de\/ws2\/wp-json\/wp\/v2\/posts\/254585\/revisions"}],"predecessor-version":[{"id":254588,"href":"https:\/\/smago.de\/ws2\/wp-json\/wp\/v2\/posts\/254585\/revisions\/254588"}],"wp:featuredmedia":[{"embeddable":true,"href":"https:\/\/smago.de\/ws2\/wp-json\/wp\/v2\/media\/254587"}],"wp:attachment":[{"href":"https:\/\/smago.de\/ws2\/wp-json\/wp\/v2\/media?parent=254585"}],"wp:term":[{"taxonomy":"category","embeddable":true,"href":"https:\/\/smago.de\/ws2\/wp-json\/wp\/v2\/categories?post=254585"},{"taxonomy":"post_tag","embeddable":true,"href":"https:\/\/smago.de\/ws2\/wp-json\/wp\/v2\/tags?post=254585"}],"curies":[{"name":"wp","href":"https:\/\/api.w.org\/{rel}","templated":true}]}}