{"id":254572,"date":"2026-01-24T00:00:44","date_gmt":"2026-01-23T23:00:44","guid":{"rendered":"https:\/\/smago.de\/ws2\/?p=254572"},"modified":"2026-01-23T14:28:41","modified_gmt":"2026-01-23T13:28:41","slug":"wenn-die-musi-spielt-heute-24-01-mdr-fernsehen-orf-2-wenn-die-musi-spielt-winter-open-air-2026","status":"publish","type":"post","link":"https:\/\/smago.de\/ws2\/party-schlager\/wenn-die-musi-spielt-heute-24-01-mdr-fernsehen-orf-2-wenn-die-musi-spielt-winter-open-air-2026\/","title":{"rendered":"&#8222;WENN DIE MUSI SPIELT&#8220; <br>Heute, 24.01., MDR Fernsehen + ORF 2: &#8222;Wenn die Musi spielt \u2013 Winter Open Air 2026&#8220;!"},"content":{"rendered":"<div class=\"subtitle\" style=\"text-align: justify;\" data-v-5829050e=\"\">20:15 Uhr &#8211; ca. 22:30 Uhr! Live aus Bad Kleinkirchheim mit vielen Stars der volkst\u00fcmlichen Musik und des Schlagers! Moderation: Stefanie Hertel und Marco Ventre!<br \/>\n<!--more--><\/div>\n<div style=\"text-align: justify;\" data-v-5829050e=\"\"><\/div>\n<div style=\"text-align: justify;\" data-v-5829050e=\"\"><\/div>\n<div style=\"text-align: justify;\" data-v-5829050e=\"\"><\/div>\n<div class=\"copytext max-w-full\" data-v-d954116f=\"\" data-v-5829050e=\"\">\n<div class=\"paragraph default flex flex-col gap-4\" style=\"text-align: justify;\" data-v-3113abd1=\"\" data-v-d954116f=\"\">\n<p data-v-3113abd1=\"\">Stefanie Hertel und Marco Ventre hei\u00dfen heute Abend (24.01.) um 20:15 Uhr in ORF 2, auf ORF ON sowie im MDR Fermsejem zum \u201eWenn die Musi spielt \u2013 Winter Open Air 2026\u201c live aus Bad Kleinkirchheim willkommen. Gemeinsam mit den Stars der volkst\u00fcmlichen Musik und des Schlagers wird die winterliche Bergkulisse der Nockberge zur stimmungsvollen Apr\u00e8s-Ski-Partyzone mit den Nockis, Ross Antony, den Edlseern, voXXclub, Chris Steger und vielen mehr auf der Musi-B\u00fchne.<\/p>\n<\/div>\n<div class=\"paragraph default flex flex-col gap-4\" style=\"text-align: justify;\" data-v-3113abd1=\"\" data-v-d954116f=\"\">\n<p data-v-3113abd1=\"\">F\u00fcr besondere Momente sorgen die Nockis, die zwei Titel pr\u00e4sentieren, die eng mit der Geschichte von \u201eWenn die Musi spielt\u201c verbunden sind. Die Edlseer geben einen Vorgeschmack auf ein besonderes Jubil\u00e4umsjahr: S\u00e4nger Fritz Kristoferitsch feiert 2026 seinen 50. Geburtstag. F\u00fcr ausgelassene Stimmung sorgen au\u00dferdem die Mountain Crew, voXXclub, DIE COMBO und Ross Antony, der mit zwei absoluten Kultliedern in die Berge kommt.<\/p>\n<\/div>\n<div class=\"paragraph default flex flex-col gap-4\" style=\"text-align: justify;\" data-v-3113abd1=\"\" data-v-d954116f=\"\">\n<p data-v-3113abd1=\"\">Premiere auf der \u201eMusi\u201c-B\u00fchne feiern heuer Sonia Liebing, Chris Steger und Tiroler Schm\u00e4h. Dar\u00fcber hinaus stehen Olaf Berger, die AlpenRebellen, die Fetzig\u2019n aus dem Zillertal, die Lauser, die Lungauer gemeinsam mit Monika Avsenik, Francine Jordi, Charlien, Fantasy, Natalie Holzner und Markus Wolfahrt auf der B\u00fchne.<\/p>\n<\/div>\n<div class=\"paragraph default flex flex-col gap-4\" style=\"text-align: justify;\" data-v-3113abd1=\"\" data-v-d954116f=\"\">\n<p data-v-3113abd1=\"\">Erg\u00e4nzt wird das Programm durch Einblicke und Geschichten rund um Wintersport und Kulinarik in den Bergen. Den stimmungsvollen Schlusspunkt setzt traditionell das gro\u00dfe Finale mit allen K\u00fcnstlerinnen und K\u00fcnstlern auf der B\u00fchne.<\/p>\n<\/div>\n<div class=\"paragraph default flex flex-col gap-4\" style=\"text-align: justify;\" data-v-3113abd1=\"\" data-v-d954116f=\"\"><\/div>\n<\/div>\n","protected":false},"excerpt":{"rendered":"<p>20:15 Uhr &#8211; ca. 22:30 Uhr! Live aus Bad Kleinkirchheim mit vielen Stars der volkst\u00fcmlichen Musik und des Schlagers! Moderation:<\/p>\n","protected":false},"author":2,"featured_media":254574,"comment_status":"open","ping_status":"closed","sticky":false,"template":"","format":"standard","meta":{"_FSMCFIC_featured_image_caption":"","_FSMCFIC_featured_image_nocaption":"","_FSMCFIC_featured_image_hide":""},"categories":[26,28,29,39,128,30],"tags":[123],"acf":[],"_links":{"self":[{"href":"https:\/\/smago.de\/ws2\/wp-json\/wp\/v2\/posts\/254572"}],"collection":[{"href":"https:\/\/smago.de\/ws2\/wp-json\/wp\/v2\/posts"}],"about":[{"href":"https:\/\/smago.de\/ws2\/wp-json\/wp\/v2\/types\/post"}],"author":[{"embeddable":true,"href":"https:\/\/smago.de\/ws2\/wp-json\/wp\/v2\/users\/2"}],"replies":[{"embeddable":true,"href":"https:\/\/smago.de\/ws2\/wp-json\/wp\/v2\/comments?post=254572"}],"version-history":[{"count":1,"href":"https:\/\/smago.de\/ws2\/wp-json\/wp\/v2\/posts\/254572\/revisions"}],"predecessor-version":[{"id":254575,"href":"https:\/\/smago.de\/ws2\/wp-json\/wp\/v2\/posts\/254572\/revisions\/254575"}],"wp:featuredmedia":[{"embeddable":true,"href":"https:\/\/smago.de\/ws2\/wp-json\/wp\/v2\/media\/254574"}],"wp:attachment":[{"href":"https:\/\/smago.de\/ws2\/wp-json\/wp\/v2\/media?parent=254572"}],"wp:term":[{"taxonomy":"category","embeddable":true,"href":"https:\/\/smago.de\/ws2\/wp-json\/wp\/v2\/categories?post=254572"},{"taxonomy":"post_tag","embeddable":true,"href":"https:\/\/smago.de\/ws2\/wp-json\/wp\/v2\/tags?post=254572"}],"curies":[{"name":"wp","href":"https:\/\/api.w.org\/{rel}","templated":true}]}}