{"id":254569,"date":"2026-01-23T14:23:31","date_gmt":"2026-01-23T13:23:31","guid":{"rendered":"https:\/\/smago.de\/ws2\/?p=254569"},"modified":"2026-01-23T14:23:31","modified_gmt":"2026-01-23T13:23:31","slug":"wenn-die-musi-spielt-das-grosse-wenn-die-musi-spielt-winter-open-air-2026-kann-kommen","status":"publish","type":"post","link":"https:\/\/smago.de\/ws2\/party-schlager\/wenn-die-musi-spielt-das-grosse-wenn-die-musi-spielt-winter-open-air-2026-kann-kommen\/","title":{"rendered":"&#8222;WENN DIE MUSI SPIELT&#8220; <br>Das gro\u00dfe &#8222;Wenn die Musi spielt \u2013 Winter Open Air 2026&#8220; kann kommen!"},"content":{"rendered":"<p style=\"text-align: justify;\">Der offizielle Startschuss fiel bereits heute Mittag (23.01.2026) beim &#8222;Musitreff&#8220;!<!--more--><\/p>\n<p style=\"text-align: justify;\">\n<p style=\"text-align: justify;\">\n<p style=\"text-align: justify;\">Heute Mittag (23.01.2026) gab es zum Auftakt vom &#8222;Wenn die Musi spielt&#8220; Winter Open Air, wie \u00fcblich, eine Pressekonferenz. Der sogenannte &#8222;Musitreff&#8220; ist nicht nur bei der Presse sehr beliebt, sondern darf auch von Fans kostenfrei besucht werden. Immer wieder ein gro\u00dfes Highlight die Stars der Musi so nah zu treffen und auch selbst Fotos von und mit den K\u00fcnstlern zu ergattern.<\/p>\n<p style=\"text-align: justify;\">Auch dieses Jahr war der &#8222;Musitreff&#8220; ein Erfolg. Wir durften viele Medienvertreter und langj\u00e4hrige Wegbegleiter begr\u00fc\u00dfen. Ebenso zahlreiche Besucher, die sich an der winterlichen Kulisse am Konzertgel\u00e4nde einfanden und der Pressekonferenz beiwohnten.<\/p>\n<p style=\"text-align: justify;\">Durch die Pressekonferenz f\u00fchrte <strong>Daniel D\u00fcsenflitz<\/strong>. Wie jedes Jahr entlockte man den Veranstaltern und Organisatoren, sowie tatkr\u00e4ftigen Unterst\u00fctzern der Musi Interessantes zum Winter Open Air. So standen zum Beispiel <strong>ORF-Redaktionsleiter Florian Illich, TVB Bad Kleinkirchheim Jakob Forstnig, B\u00fcrgermeister Matthias Krenn, MDR-Redaktion Ines Keilholz, K\u00e4rnten Werbung Martina Plamenig, GF Region Millst\u00e4tter See &#8211; Bad Kleinkirchheim &#8211; Nockberge Christian Stattmann, Technischer Leiter Klaus Wachsch\u00fctz (In Vertretung von ORF Landesdirektorin Karin Bernhard)\u00a0<\/strong>und<strong>\u00a0der Veranstalter Sepp Adlmann<\/strong> Rede und Antwort.<\/p>\n<p style=\"text-align: justify;\">Auch zahlreiche K\u00fcnstler, die heute Abend bei der Generalprobe und morgen in der Livesendung um 20:15 Uhr auf ORF2 und im MDR ihre neuesten und\/oder ihre gr\u00f6\u00dften Hits zum Besten geben werden, waren zu Gast bei dem heutigen &#8222;Musitreff&#8220;. So wurden u.a.<span id=\"isPasted\">\u00a0die Edlseer, die Mountain Crew, Francine Jordi, Olaf Berger, voXXclub, die Lauser, Ross Antony, Chris Steger, Natalie Holzer, die Alpenrebellen, Markus Wolfahrt und viele mehr<\/span> nach und nach auf der B\u00fchne vorgestellt. Im Anschluss an den offiziellen Teil der Pressekonferenz ging es f\u00fcr K\u00fcnstler, Presse und Fans gemeinsam zum gem\u00fctlichen Ausklang in das Backstage Zelt, wo zahlreiche Interviews gef\u00fchrt und Fotos f\u00fcr Presse und Fans gemacht wurden. F\u00fcr das leibliche Wohl war mit g\u2019schmackigen Kostproben von Slow Food K\u00e4rnten sowie Erfrischungen von K\u00e4rtnermilch und Villacher gesorgt.<\/p>\n<p style=\"text-align: justify;\">Es war eine gelungene Pressekonferenz mit zahlreichen zufriedenen Medienpartnern, K\u00fcnstlern und Besuchern. Somit freuen wir uns auf die heutige Generalprobe und die morgige Livesendung und m\u00f6chten uns nochmals herzlichst bei allen Medienpartnern und Kollegen, sowie allen langj\u00e4hrigen Wegbegleitern f\u00fcr die Unterst\u00fctzung bedanken!<\/p>\n<p style=\"text-align: justify;\"><em>So verbleiben wir mit dem altbekannten &#8222;Musi- Sager&#8220; &#8211; WIR GFREIN UNS AUF EICH!<\/em><br \/>\n<em>\u00a0<\/em><br \/>\n<em>Das Team von adlmann promotion<\/em><\/p>\n","protected":false},"excerpt":{"rendered":"<p>Der offizielle Startschuss fiel bereits heute Mittag (23.01.2026) beim &#8222;Musitreff&#8220;!<\/p>\n","protected":false},"author":2,"featured_media":254570,"comment_status":"open","ping_status":"closed","sticky":false,"template":"","format":"standard","meta":{"_FSMCFIC_featured_image_caption":"","_FSMCFIC_featured_image_nocaption":"","_FSMCFIC_featured_image_hide":""},"categories":[26,28,29,128,30],"tags":[123],"acf":[],"_links":{"self":[{"href":"https:\/\/smago.de\/ws2\/wp-json\/wp\/v2\/posts\/254569"}],"collection":[{"href":"https:\/\/smago.de\/ws2\/wp-json\/wp\/v2\/posts"}],"about":[{"href":"https:\/\/smago.de\/ws2\/wp-json\/wp\/v2\/types\/post"}],"author":[{"embeddable":true,"href":"https:\/\/smago.de\/ws2\/wp-json\/wp\/v2\/users\/2"}],"replies":[{"embeddable":true,"href":"https:\/\/smago.de\/ws2\/wp-json\/wp\/v2\/comments?post=254569"}],"version-history":[{"count":1,"href":"https:\/\/smago.de\/ws2\/wp-json\/wp\/v2\/posts\/254569\/revisions"}],"predecessor-version":[{"id":254571,"href":"https:\/\/smago.de\/ws2\/wp-json\/wp\/v2\/posts\/254569\/revisions\/254571"}],"wp:featuredmedia":[{"embeddable":true,"href":"https:\/\/smago.de\/ws2\/wp-json\/wp\/v2\/media\/254570"}],"wp:attachment":[{"href":"https:\/\/smago.de\/ws2\/wp-json\/wp\/v2\/media?parent=254569"}],"wp:term":[{"taxonomy":"category","embeddable":true,"href":"https:\/\/smago.de\/ws2\/wp-json\/wp\/v2\/categories?post=254569"},{"taxonomy":"post_tag","embeddable":true,"href":"https:\/\/smago.de\/ws2\/wp-json\/wp\/v2\/tags?post=254569"}],"curies":[{"name":"wp","href":"https:\/\/api.w.org\/{rel}","templated":true}]}}