{"id":254549,"date":"2026-01-23T13:58:03","date_gmt":"2026-01-23T12:58:03","guid":{"rendered":"https:\/\/smago.de\/ws2\/?p=254549"},"modified":"2026-01-23T13:59:04","modified_gmt":"2026-01-23T12:59:04","slug":"peter-schilling-der-titel-antistar-kuendigt-das-gleichnamige-album-voe-04-09-2026-an","status":"publish","type":"post","link":"https:\/\/smago.de\/ws2\/ndw\/peter-schilling-der-titel-antistar-kuendigt-das-gleichnamige-album-voe-04-09-2026-an\/","title":{"rendered":"PETER SCHILLING <br>Der Titel &#8222;Antistar&#8220; k\u00fcndigt das gleichnamige Album (V\u00d6: 04.09.2026) an!"},"content":{"rendered":"<p style=\"font-weight: 400; text-align: justify;\">Videopremiere heute (23.01.2026) um 17:00 Uhr +++ 70. Geburtstag am 28. Januar +++<!--more--><\/p>\n<p>&nbsp;<\/p>\n<p>&nbsp;<\/p>\n<p style=\"font-weight: 400; text-align: justify;\">PETER SCHILLING startet mit neuer Musik in ein besonderes Jahr.<\/p>\n<p style=\"font-weight: 400; text-align: justify;\">P\u00fcnktlich zu seinem 70. Geburtstag am 28. Januar meldet sich der K\u00fcnstler mit der Single \u201eAntistar\u201c musikalisch zur\u00fcck und gibt damit den Startschuss f\u00fcr sein gleichnamiges Studioalbum.<\/p>\n<p style=\"font-weight: 400; text-align: justify;\"><strong>Peter Schilling<\/strong> blickt auf sehr ereignisreiche Jahre zur\u00fcck:<\/p>\n<p style=\"font-weight: 400; text-align: justify;\">Sein Klassiker <strong>\u201eMajor Tom (v\u00f6llig losgel\u00f6st)\u201c<\/strong> erlebte im Rahmen der EM 2024 als offizielle Torhymne aller DFB-Teams eine Renaissance und erreichte rekordtr\u00e4chtig erneut die Top 10 der deutschen Single-Charts auf Platz 6.<\/p>\n<p style=\"font-weight: 400; text-align: justify;\">Doch statt sich auf diesen Erfolgen auszuruhen, setzt <strong>Schilling<\/strong> p\u00fcnktlich zu seinem 70. Geburtstag am 28. Januar 2026 auf neue musikalische Impulse.<\/p>\n<p style=\"font-weight: 400; text-align: justify;\">Tradition trifft Gegenwart: Die neue Single <strong>\u201eAntistar\u201c <\/strong>pr\u00e4sentiert einen frischen, groovigen Sound, der Elemente der 80er Jahre zitiert, diese aber konsequent in ein modernes Gewand \u00fcbersetzt.<\/p>\n<p style=\"font-weight: 400; text-align: justify;\"><strong>Schilling <\/strong>kopiert sich dabei nicht selbst. Der Fokus liegt klar auf der Gegenwart: Es ist ein Blick durch die Frontscheibe, nicht in den R\u00fcckspiegel.<\/p>\n<p style=\"font-weight: 400; text-align: justify;\">Inhaltlich bleibt er sich selbst treu und liefert Texte mit Tiefgang, die bewusst Raum f\u00fcr Interpretation lassen.<\/p>\n<p style=\"font-weight: 400; text-align: justify;\"><strong>Peter Schilling<\/strong> erkl\u00e4rt dazu: <em>\u201eIch werfe meinem Publikum den inhaltlichen Ball zu, den letzten gedanklichen Schritt \u00fcberlasse ich jedem Menschen selbst. <\/em><\/p>\n<p style=\"font-weight: 400; text-align: justify;\"><em>Dieser Song hat weder ein Happy End noch ein Bad End. <strong>\u201aAntistar\u2018<\/strong> d\u00fcrfte bei n\u00e4herer Betrachtung selbsterkl\u00e4rend sein.\u201c<\/em><\/p>\n<p style=\"font-weight: 400; text-align: justify;\"><em>\u00a0<\/em><\/p>\n<p style=\"font-weight: 400; text-align: justify;\"><iframe loading=\"lazy\" src=\"\/\/www.youtube.com\/embed\/2tscxqUo-Hg?feature=youtu\" width=\"800\" height=\"449\" allowfullscreen=\"allowfullscreen\"><\/iframe><\/p>\n<p style=\"font-weight: 400; text-align: justify;\">Der geb\u00fcrtige Stuttgarter <strong>Peter Schilling<\/strong> feierte ab 1983 internationale Erfolge in Europa, in den USA, S\u00fcdamerika und Kanada.<\/p>\n<p style=\"font-weight: 400; text-align: justify;\">Neben seiner Arbeit als Singer\/Songwriter ist er als Verleger und Inhaber eines eigenen Musiklabels t\u00e4tig.<\/p>\n<p style=\"font-weight: 400; text-align: justify;\">Diese Personalunion erm\u00f6glicht ihm die volle kreative und unternehmerische Freiheit \u00fcber seine Projekte.<\/p>\n<p style=\"font-weight: 400; text-align: justify;\">Zudem engagiert er sich als Ideengeber der Kinderbuchreihe \u201eDer kleine Major Tom\u201c erfolgreich in der Wissensvermittlung f\u00fcr Kinder und hebt sein Repertoire aktuell mit der multimedialen 360\u00b0-Experience \u201eMajor Tom: V\u00f6llig losgel\u00f6st\u201c im Berliner Zeiss-Gro\u00dfplanetarium in neue, innovative Live-Dimensionen.<\/p>\n<p>&nbsp;<\/p>\n<p>&nbsp;<\/p>\n<p>&nbsp;<\/p>\n<p style=\"font-weight: 400; text-align: justify;\"><strong><a href=\"https:\/\/www.peterschilling.com\/\">HOMEPAGE<\/a><\/strong><\/p>\n<p style=\"font-weight: 400; text-align: justify;\"><em>\u00a0<\/em><\/p>\n<p style=\"font-weight: 400; text-align: justify;\">Das gleichnamige Album <strong>\u201eAntistar\u201c<\/strong> wird am <strong>04. September 2026<\/strong> ver\u00f6ffentlicht werden.<\/p>\n<p style=\"font-weight: 400; text-align: justify;\"><strong>\u00a0<\/strong><\/p>\n<figure id=\"attachment_254551\" aria-describedby=\"caption-attachment-254551\" style=\"width: 534px\" class=\"wp-caption alignnone\"><img decoding=\"async\" loading=\"lazy\" class=\"size-large wp-image-254551\" src=\"https:\/\/smago.de\/ws2\/wp-content\/uploads\/2026\/01\/Peter-Schilling_2026_Press_Credit_Thomas-Von-Aagh_3-534x800.jpg\" alt=\"\" width=\"534\" height=\"800\" srcset=\"https:\/\/smago.de\/ws2\/wp-content\/uploads\/2026\/01\/Peter-Schilling_2026_Press_Credit_Thomas-Von-Aagh_3-534x800.jpg 534w, https:\/\/smago.de\/ws2\/wp-content\/uploads\/2026\/01\/Peter-Schilling_2026_Press_Credit_Thomas-Von-Aagh_3-348x522.jpg 348w, https:\/\/smago.de\/ws2\/wp-content\/uploads\/2026\/01\/Peter-Schilling_2026_Press_Credit_Thomas-Von-Aagh_3-100x150.jpg 100w, https:\/\/smago.de\/ws2\/wp-content\/uploads\/2026\/01\/Peter-Schilling_2026_Press_Credit_Thomas-Von-Aagh_3-768x1151.jpg 768w, https:\/\/smago.de\/ws2\/wp-content\/uploads\/2026\/01\/Peter-Schilling_2026_Press_Credit_Thomas-Von-Aagh_3-1025x1536.jpg 1025w, https:\/\/smago.de\/ws2\/wp-content\/uploads\/2026\/01\/Peter-Schilling_2026_Press_Credit_Thomas-Von-Aagh_3-181x272.jpg 181w, https:\/\/smago.de\/ws2\/wp-content\/uploads\/2026\/01\/Peter-Schilling_2026_Press_Credit_Thomas-Von-Aagh_3-400x600.jpg 400w, https:\/\/smago.de\/ws2\/wp-content\/uploads\/2026\/01\/Peter-Schilling_2026_Press_Credit_Thomas-Von-Aagh_3-87x130.jpg 87w, https:\/\/smago.de\/ws2\/wp-content\/uploads\/2026\/01\/Peter-Schilling_2026_Press_Credit_Thomas-Von-Aagh_3-297x445.jpg 297w, https:\/\/smago.de\/ws2\/wp-content\/uploads\/2026\/01\/Peter-Schilling_2026_Press_Credit_Thomas-Von-Aagh_3-127x190.jpg 127w, https:\/\/smago.de\/ws2\/wp-content\/uploads\/2026\/01\/Peter-Schilling_2026_Press_Credit_Thomas-Von-Aagh_3-193x290.jpg 193w\" sizes=\"(max-width: 534px) 100vw, 534px\" \/><figcaption id=\"caption-attachment-254551\" class=\"wp-caption-text\"><em>Foto-Credit: Thomas Von Aagh<\/em><\/figcaption><\/figure>\n","protected":false},"excerpt":{"rendered":"<p>Videopremiere heute (23.01.2026) um 17:00 Uhr +++ 70. Geburtstag am 28. Januar +++<\/p>\n","protected":false},"author":2,"featured_media":254550,"comment_status":"open","ping_status":"closed","sticky":false,"template":"","format":"standard","meta":{"_FSMCFIC_featured_image_caption":"","_FSMCFIC_featured_image_nocaption":"","_FSMCFIC_featured_image_hide":""},"categories":[22,27,39],"tags":[682],"acf":[],"_links":{"self":[{"href":"https:\/\/smago.de\/ws2\/wp-json\/wp\/v2\/posts\/254549"}],"collection":[{"href":"https:\/\/smago.de\/ws2\/wp-json\/wp\/v2\/posts"}],"about":[{"href":"https:\/\/smago.de\/ws2\/wp-json\/wp\/v2\/types\/post"}],"author":[{"embeddable":true,"href":"https:\/\/smago.de\/ws2\/wp-json\/wp\/v2\/users\/2"}],"replies":[{"embeddable":true,"href":"https:\/\/smago.de\/ws2\/wp-json\/wp\/v2\/comments?post=254549"}],"version-history":[{"count":2,"href":"https:\/\/smago.de\/ws2\/wp-json\/wp\/v2\/posts\/254549\/revisions"}],"predecessor-version":[{"id":254553,"href":"https:\/\/smago.de\/ws2\/wp-json\/wp\/v2\/posts\/254549\/revisions\/254553"}],"wp:featuredmedia":[{"embeddable":true,"href":"https:\/\/smago.de\/ws2\/wp-json\/wp\/v2\/media\/254550"}],"wp:attachment":[{"href":"https:\/\/smago.de\/ws2\/wp-json\/wp\/v2\/media?parent=254549"}],"wp:term":[{"taxonomy":"category","embeddable":true,"href":"https:\/\/smago.de\/ws2\/wp-json\/wp\/v2\/categories?post=254549"},{"taxonomy":"post_tag","embeddable":true,"href":"https:\/\/smago.de\/ws2\/wp-json\/wp\/v2\/tags?post=254549"}],"curies":[{"name":"wp","href":"https:\/\/api.w.org\/{rel}","templated":true}]}}