{"id":254514,"date":"2026-01-23T00:00:30","date_gmt":"2026-01-22T23:00:30","guid":{"rendered":"https:\/\/smago.de\/ws2\/?p=254514"},"modified":"2026-02-20T20:49:30","modified_gmt":"2026-02-20T19:49:30","slug":"andy-borg-wissenswertes-ueber-die-cd-andy-borg-singt-seine-lieblingslieder-von-peter-alexander-folge-2-wenn-auch-die-jahre-vergehen","status":"publish","type":"post","link":"https:\/\/smago.de\/ws2\/schlager\/andy-borg-wissenswertes-ueber-die-cd-andy-borg-singt-seine-lieblingslieder-von-peter-alexander-folge-2-wenn-auch-die-jahre-vergehen\/","title":{"rendered":"ANDY BORG <br>Wissenswertes \u00fcber die CD &#8222;Andy Borg singt seine Lieblingslieder von Peter Alexander &#8211; Folge 2 &#8211; Wenn auch die Jahre vergehen&#8220;!"},"content":{"rendered":"<p style=\"text-align: justify;\">&#8222;Melodie TV&#8220; wiederholt die gleichnamige Sendung \u2013 kurz nach dem 100. Gedenk-Geburtstag von Peter Alexander \u2013 noch einmal!<!--more--><\/p>\n<p>&nbsp;<\/p>\n<p>&nbsp;<\/p>\n<p>&nbsp;<\/p>\n<p style=\"text-align: justify;\">So einen wie Peter Alexander gibt es nicht mehr, doch seine Lieder, die haben wir noch. Vor 25 Jahren hat ANDY BORG schon einmal ein Album als Verbeugung vor Peter Alexander aufgenommen. <em>\u201eUnd es gab noch so viele sch\u00f6ne Lieder, die ich auch noch singen wollte. Im Juni 2026 w\u00e4re Peter Alexander hundert Jahre alt geworden. Und das habe ich zum Anlass genommen, mir diese Freude zu schenken und die Erinnerung an diesen gro\u00dfen Entertainer und seine unsterblichen Hits noch einmal aufleben zu lassen. Bei diesen Liedern, die ich mir als musikalischen Geburtstagsgru\u00df aufgehoben habe, sp\u00fcrt man, warum ihn die Menschen so gern hatten \u2013 und wie sch\u00f6n die Welt sein kann, wenn Menschen sich zusammensetzen, singen und lachen.\u201c<\/em><\/p>\n<p style=\"text-align: justify;\">Diese Musik, die viele Schlagerfreunde schon aus der Jukebox kennen, ist f\u00fcr Andy Borg <em>\u201ea St\u00fcckerl daheim\u201c<\/em>. Und wer schon das Vergn\u00fcgen hatte, den vergn\u00fcgten wie schlagfertigen Wiener pers\u00f6nlich kennenzulernen und seine Musikprogramme aufmerksam verfolgt, der entdeckt in dieser pers\u00f6nlichen Titelauswahl den Andy und seine Lebenseinstellung, als ob sie auf ihn selbst zugeschnitten worden w\u00e4ren. Peter-Alexander-Evergreens wie \u201eSteck dir deine Sorgen an den Hut\u201c und \u201eImmer auf die Kleinen\u201c zergehen Andy Borg mit einer Prise Selbstironie und Humor auf der Wiener Zunge.<\/p>\n<p style=\"text-align: justify;\">Ernsthafter wird\u2019s mit \u201eBist du einsam heut Nacht\u201c und \u201eLiebesleid\u201c \u2013 nein, das ist kein Buchstabendreher. Liebeslieder gibt es auf diesem Album nat\u00fcrlich auch \u2013 wundersch\u00f6ne. \u201eWas Frauen tr\u00e4umen\u201c wird wohl ein ewiges R\u00e4tsel bleiben. \u201eVerbotene Tr\u00e4ume\u201c und \u201eDie s\u00fc\u00dfesten Fr\u00fcchte\u201c k\u00f6nnten ein Schl\u00fcssel f\u00fcr dieses Geheimnis sein. Und zu \u201eOh Lady Mary\u201c, \u201eDie Zeit der Rosen\u201c und \u201eHoney\u201c haben schon so einige Herzen schneller geschlagen.<\/p>\n<p style=\"text-align: justify;\">\u201eSag beim Abschied leise Servus\u201c h\u00f6ren wir gerne auf diesem Album, doch sollte Andy Borg auch nur entfernt einen Gedanken an den eigenen B\u00fchnenabschied in sich tragen, singen wir ihm vielstimmig entgegen: \u201eLass das sein.\u201c Denn \u201eWenn auch die Jahre vergeh\u2019n\u201c, sind sich alle Schlager- und Schlager-Spa\u00df-Freunde einig: \u201eWir sind eine gro\u00dfe Familie.\u201c Und bei allen, die ab dem 23. Januar 2026 dieses Album in H\u00e4nden halten, wird \u201eDer letzte Walzer\u201c mit den weiteren legend\u00e4ren Neuaufnahmen \u2013 insgesamt 15 von Andy Borg neu interpretierte Lieblingshits \u2013 im Jubil\u00e4umsjahr des unvergessenen Grandseigneurs der Fernsehunterhaltung in Dauerschleife laufen.<\/p>\n<p style=\"text-align: justify;\">Peter Alexander ist eine Legende. Wie Millionen Menschen, die gerne deutschen Schlager h\u00f6ren, ist Andy Borg seit vielen Jahren ein Fan seiner Musik und seiner Shows. <em>\u201eMit sieben Jahren habe ich schon seine Lieder gespielt, damals noch im Akkordeon-Unterricht \u2013 und heute singe ich mit noch immer wachsender Begeisterung seine Hits. Ich finde es einfach bewundernswert, mit welcher Leichtigkeit er singt. Und da ich ja auch Wiener bin und noch dazu ein Romantiker, sprechen mir diese Texte und Melodien nat\u00fcrlich aus der Seele. Haben Sie schon ein Lieblingslied? Ich bin ganz verliebt in alle.\u201c<\/em><\/p>\n<p style=\"text-align: justify;\">Dass es auch Andy Borg nun schon seit fast 45 Jahren als S\u00e4nger gibt, verdankt er einem Mann, der auch f\u00fcr Peter Alexander viele seiner ganz gro\u00dfen Hits geschrieben hat. \u201eDie Fischer von San Juan\u201c, \u201eDie ber\u00fchmten drei Worte\u201c, \u201eArrivederci Claire\u201c, \u201eAdios Amor\u201c und viele andere sch\u00f6ne Lieder hat Kurt Feltz f\u00fcr den beliebten Entertainer und Moderator geschrieben, der mit einer Casting-Show im ORF-Fernsehen (\u201eDie gro\u00dfe Chance\u201c) bekannt wurde, die Live-Show \u201eSchlagerparade der Volksmusik\u201c (ARD) moderierte, die Erinnerung an die Eurovisionsshow \u201eMusikantenstadl\u201c noch immer im Herzen tr\u00e4gt und mit dem \u201eSchlager-Spa\u00df\u201c (SWR) die sch\u00f6nste Zugabe seiner B\u00fchnenkarriere genie\u00dft. Heute z\u00e4hlt er mit 65 Lenzen zu den ganz Gro\u00dfen der Schlagerszene \u2013 auch wenn er das in aller Bescheidenheit an dieser Stelle sicher nicht so gern lesen mag.<\/p>\n<p>&nbsp;<\/p>\n<p>&nbsp;<\/p>\n<p>&#8222;Melodie TV&#8220; zeigt die gleichnamige Sendung am Donnerstag, den 06.07.2026 um 20:15 Uhr noch einmal.<\/p>\n<p>Peter Alexander w\u00e4re am 30.06.2026 100 Jahre alt geworden.<\/p>\n<p>&nbsp;<\/p>\n<p style=\"text-align: justify;\"><img decoding=\"async\" loading=\"lazy\" class=\"alignnone size-large wp-image-254515\" src=\"https:\/\/smago.de\/ws2\/wp-content\/uploads\/2026\/01\/Andy-Borg-Rueckseite-800x702.jpg\" alt=\"\" width=\"800\" height=\"702\" srcset=\"https:\/\/smago.de\/ws2\/wp-content\/uploads\/2026\/01\/Andy-Borg-Rueckseite-800x702.jpg 800w, https:\/\/smago.de\/ws2\/wp-content\/uploads\/2026\/01\/Andy-Borg-Rueckseite-522x458.jpg 522w, https:\/\/smago.de\/ws2\/wp-content\/uploads\/2026\/01\/Andy-Borg-Rueckseite-171x150.jpg 171w, https:\/\/smago.de\/ws2\/wp-content\/uploads\/2026\/01\/Andy-Borg-Rueckseite-768x674.jpg 768w, https:\/\/smago.de\/ws2\/wp-content\/uploads\/2026\/01\/Andy-Borg-Rueckseite-310x272.jpg 310w, https:\/\/smago.de\/ws2\/wp-content\/uploads\/2026\/01\/Andy-Borg-Rueckseite-683x600.jpg 683w, https:\/\/smago.de\/ws2\/wp-content\/uploads\/2026\/01\/Andy-Borg-Rueckseite-130x114.jpg 130w, https:\/\/smago.de\/ws2\/wp-content\/uploads\/2026\/01\/Andy-Borg-Rueckseite-507x445.jpg 507w, https:\/\/smago.de\/ws2\/wp-content\/uploads\/2026\/01\/Andy-Borg-Rueckseite-595x522.jpg 595w, https:\/\/smago.de\/ws2\/wp-content\/uploads\/2026\/01\/Andy-Borg-Rueckseite-216x190.jpg 216w, https:\/\/smago.de\/ws2\/wp-content\/uploads\/2026\/01\/Andy-Borg-Rueckseite-330x290.jpg 330w, https:\/\/smago.de\/ws2\/wp-content\/uploads\/2026\/01\/Andy-Borg-Rueckseite.jpg 984w\" sizes=\"(max-width: 800px) 100vw, 800px\" \/><\/p>\n","protected":false},"excerpt":{"rendered":"<p>&#8222;Melodie TV&#8220; wiederholt die gleichnamige Sendung \u2013 kurz nach dem 100. Gedenk-Geburtstag von Peter Alexander \u2013 noch einmal!<\/p>\n","protected":false},"author":2,"featured_media":254516,"comment_status":"open","ping_status":"closed","sticky":false,"template":"","format":"standard","meta":{"_FSMCFIC_featured_image_caption":"","_FSMCFIC_featured_image_nocaption":"","_FSMCFIC_featured_image_hide":""},"categories":[29,39],"tags":[1280],"acf":[],"_links":{"self":[{"href":"https:\/\/smago.de\/ws2\/wp-json\/wp\/v2\/posts\/254514"}],"collection":[{"href":"https:\/\/smago.de\/ws2\/wp-json\/wp\/v2\/posts"}],"about":[{"href":"https:\/\/smago.de\/ws2\/wp-json\/wp\/v2\/types\/post"}],"author":[{"embeddable":true,"href":"https:\/\/smago.de\/ws2\/wp-json\/wp\/v2\/users\/2"}],"replies":[{"embeddable":true,"href":"https:\/\/smago.de\/ws2\/wp-json\/wp\/v2\/comments?post=254514"}],"version-history":[{"count":2,"href":"https:\/\/smago.de\/ws2\/wp-json\/wp\/v2\/posts\/254514\/revisions"}],"predecessor-version":[{"id":254518,"href":"https:\/\/smago.de\/ws2\/wp-json\/wp\/v2\/posts\/254514\/revisions\/254518"}],"wp:featuredmedia":[{"embeddable":true,"href":"https:\/\/smago.de\/ws2\/wp-json\/wp\/v2\/media\/254516"}],"wp:attachment":[{"href":"https:\/\/smago.de\/ws2\/wp-json\/wp\/v2\/media?parent=254514"}],"wp:term":[{"taxonomy":"category","embeddable":true,"href":"https:\/\/smago.de\/ws2\/wp-json\/wp\/v2\/categories?post=254514"},{"taxonomy":"post_tag","embeddable":true,"href":"https:\/\/smago.de\/ws2\/wp-json\/wp\/v2\/tags?post=254514"}],"curies":[{"name":"wp","href":"https:\/\/api.w.org\/{rel}","templated":true}]}}