{"id":254492,"date":"2026-01-23T00:00:56","date_gmt":"2026-01-22T23:00:56","guid":{"rendered":"https:\/\/smago.de\/ws2\/?p=254492"},"modified":"2026-01-22T11:51:45","modified_gmt":"2026-01-22T10:51:45","slug":"anni-perka-tv-premiere-meine-goldstars-praesentiert-von-anni-perka-am-01-02-2026-auf-goldstar-tv","status":"publish","type":"post","link":"https:\/\/smago.de\/ws2\/pop-schlager\/anni-perka-tv-premiere-meine-goldstars-praesentiert-von-anni-perka-am-01-02-2026-auf-goldstar-tv\/","title":{"rendered":"ANNI PERKA <br>TV-Premiere: \u201eMeine GoldStars! \u2013 pr\u00e4sentiert von Anni Perka\u201c am 01.02.2026 auf GoldStar TV!"},"content":{"rendered":"<p style=\"text-align: justify;\">Sehen Sie HIER den Vorschau-Trailer, und erfahren Sie HIER, wer ihre ersten G\u00e4ste sind &#8230;:<br \/>\n<!--more--><\/p>\n<p>&nbsp;<\/p>\n<p>&nbsp;<\/p>\n<p>&nbsp;<\/p>\n<p style=\"text-align: justify;\">GoldStar TV \u00fcberrascht mit einem v\u00f6llig neuen Showkonzept, das es so im deutschen Schlagerfernsehen bislang noch nicht gegeben hat. Mit \u201eMeine GoldStars! \u2013 pr\u00e4sentiert von Anni Perka\u201c startet am Sonntag, 01.02., um 22:00 Uhr ein frisches, modernes Format, das etablierten Stars ebenso wie aufstrebenden K\u00fcnstlerinnen und K\u00fcnstlern der Schlagerszene Raum f\u00fcr ganz pers\u00f6nliche Einblicke bietet.<\/p>\n<div class=\"body-text\" style=\"text-align: justify;\">\n<p>Das Format bricht mit gewohnten TV-Strukturen und setzt auf pers\u00f6nliche Videobotschaften, in denen die K\u00fcnstler ihre Songs mit Geschichten und Emotionen verbinden. Per Videobotschaft melden sie sich direkt zu Wort, erz\u00e4hlen kleine Anekdoten, teilen Erinnerungen, verraten bislang unbekannte Details oder stimmen das Publikum emotional auf ihren jeweiligen Song ein. So entsteht eine N\u00e4he, die Zuschauer im konventionellen Musikfernsehen selten erleben.<\/p>\n<p>&nbsp;<\/p>\n<p>Sehen Sie <strong><a href=\"https:\/\/elements.mainstream-media.ag\/auth\/fast-lane\/bb76e3e2-3792-4f7d-88ef-8468ab8304fc\">HIER<\/a><\/strong> den Trailer!<\/p>\n<p>&nbsp;<\/p>\n<p>Gastgeberin Anni Perka f\u00fchrt durch die Sendung und hat gemeinsam mit der Redaktion von GoldStar TV ihre ganz pers\u00f6nlichen \u201eGoldStars\u201c ausgew\u00e4hlt. Mit Charme, Authentizit\u00e4t und sp\u00fcrbarer Leidenschaft f\u00fcr die Musik verbindet sie die einzelnen Beitr\u00e4ge zu einer abwechslungsreichen und emotionalen Show.<\/p>\n<p>\u201eMir war es wichtig, eine Sendung zu schaffen, in der die K\u00fcnstler nicht nur mit ihrer Musik, sondern auch mit ihrer Pers\u00f6nlichkeit im Mittelpunkt stehen\u201c, erkl\u00e4rt Anni Perka. \u201eMeine GoldStars! ist f\u00fcr mich eine sehr pers\u00f6nliche Auswahl von Menschen und Songs, die mich bewegen und ich freue mich, diese besonderen Momente mit den Zuschauerinnen und Zuschauern teilen zu d\u00fcrfen.\u201c<\/p>\n<p>Mit dabei sind unter anderem Norman Langen, Sonia Liebing, Max Weidner, Laura Wilde, Ren\u00e9 Ulbrich, Pia-Sophie, Romy Kirsch, Neon, Tanja Lasch, Antje Klann, Tabi und nat\u00fcrlich Anni Perka selbst. Die Mischung aus bekannten Namen und spannenden neuen Stimmen macht deutlich: Diese Show richtet sich an Schlagerfans, die mehr wollen als nur Musik.<\/p>\n<p>\u201eMeine GoldStars!\u201c steht f\u00fcr N\u00e4he, Pers\u00f6nlichkeit und einen neuen Blick auf die Stars der Szene und verspricht einen unterhaltsamen Abend, der Lust auf mehr macht.<\/p>\n<\/div>\n<p>&nbsp;<\/p>\n<p>&nbsp;<\/p>\n<p>&nbsp;<\/p>\n<div class=\"body-text\" style=\"text-align: justify;\">\n<p><strong>\u00dcber GoldStar TV<\/strong><\/p>\n<p>&nbsp;<\/p>\n<p>Auf GoldStar TV sind die Stars der Schlagerwelt zu Hause. Hier findet eines der wandlungsf\u00e4higsten Musikgenres einen Fernsehsender, der den Fans die kultverd\u00e4chtigen Hits der 1960er und 70er Jahre, die Glanzlichter der Neuen Deutschen Welle aus den 80ern und die gro\u00dfen Showstars von heute zeigt. Ob spannende Reportagen und private Portraits, die die Stars auch abseits der gro\u00dfen B\u00fchne zeigen oder mitrei\u00dfende Konzerte \u2013 auf GoldStar TV wird den Zuschauern 24 Stunden Top-Programm geboten. Betrieben wird GoldStar TV von der Mainstream Media AG.<\/p>\n<\/div>\n<p>&nbsp;<\/p>\n<p>&nbsp;<\/p>\n<div class=\"body-text\" style=\"text-align: justify;\">\n<p><strong>Schlagerfans k\u00f6nnen ihren Lieblingssender auf folgenden Wegen empfangen:<\/strong><\/p>\n<p>&nbsp;<\/p>\n<p>&nbsp;<\/p>\n<p>Prime Video Channels: <a href=\"http:\/\/amzn.to\/2GJDyGl\" target=\"_blank\" rel=\"noopener\">http:\/\/amzn.to\/2GJDyGl<\/a> (Im Senderpaket Fernsehen mit Herz)<\/p>\n<p><a href=\"http:\/\/waipu.tv\/\">waipu.tv<\/a>: <a href=\"https:\/\/www.waipu.tv\/goldstar-tv\/\" target=\"_blank\" rel=\"noopener\">https:\/\/www.waipu.tv\/goldstar-tv\/<\/a><\/p>\n<p>Zattoo: <a href=\"https:\/\/zattoo.com\/de\/livestream-tv\/goldstar-tv\/\" target=\"_blank\" rel=\"noopener\">https:\/\/zattoo.com\/de\/livestream-tv\/goldstar-tv\/<\/a><\/p>\n<p><a href=\"http:\/\/tv.de\/\">TV.de<\/a>: <a href=\"https:\/\/tv.de\/fernsehen-mit-herz\/\" target=\"_blank\" rel=\"noopener\">https:\/\/tv.de\/fernsehen-mit-herz\/<\/a> (Im Paket Fernsehen mit Herz)<\/p>\n<p>Samsung TV Plus: <a href=\"https:\/\/www.samsung.com\/ch\/tvs\/smart-tv\/samsung-tv-plus\/\" target=\"_blank\" rel=\"noopener\">https:\/\/www.samsung.com\/ch\/tvs\/smart-tv\/samsung-tv-plus\/<\/a><\/p>\n<p>Sunrise TV: <a href=\"https:\/\/www.sunrise.ch\/de\/internet-tv\/entertainment\" target=\"_blank\" rel=\"noopener\">https:\/\/www.sunrise.ch\/de\/internet-tv\/entertainment<\/a><\/p>\n<p>Pluto TV: <a href=\"https:\/\/pluto.tv\/gsa\/live-tv\/6192396135f3910007fc5fc7?lang=en\" target=\"_blank\" rel=\"noopener\">https:\/\/pluto.tv\/gsa\/live-tv\/6192396135f3910007fc5fc7?lang=en<\/a><\/p>\n<p>Rakuten: <a href=\"https:\/\/www.rakuten.tv\/de\/live_channels\/goldstar-tv?q=goldstar\" target=\"_blank\" rel=\"noopener\">https:\/\/www.rakuten.tv\/de\/live_channels\/goldstar-tv?q=goldstar<\/a><\/p>\n<p>Rlaxx TV: <a href=\"https:\/\/app.rlaxxtv.com\/#\/start\" target=\"_blank\" rel=\"noopener\">https:\/\/app.rlaxxtv.com\/#\/start<\/a><\/p>\n<p>BlueTV:<a href=\"https:\/\/www.swisscom.ch\/configurator-wireline\/step\/internet?exchangeId=0c11d7fb-38d7-40fe-8a30-1adf324ec567&amp;app=tv-journey\" target=\"_blank\" rel=\"noopener\">https:\/\/www.swisscom.ch\/configurator-wireline\/step\/internet?exchangeId=0c11d7fb-38d7-40fe-8a30-1adf324ec567&amp;app=tv-journey<\/a> (TV-Box von Swisscom)<\/p>\n<p>O2: <a href=\"https:\/\/www.o2online.de\/extras\/tv-filme-serien\/\" target=\"_blank\" rel=\"noopener\">https:\/\/www.o2online.de\/extras\/tv-filme-serien\/<\/a><\/p>\n<p>Primetime Channels: <a href=\"https:\/\/www.youtube.com\/@fernsehenmitherz_tv\" target=\"_blank\" rel=\"noopener\">https:\/\/www.youtube.com\/@fernsehenmitherz_tv<\/a><\/p>\n<\/div>\n<div class=\"body-text\" style=\"text-align: justify;\"><\/div>\n<figure id=\"attachment_254493\" aria-describedby=\"caption-attachment-254493\" style=\"width: 533px\" class=\"wp-caption alignnone\"><img decoding=\"async\" loading=\"lazy\" class=\"size-large wp-image-254493\" src=\"https:\/\/smago.de\/ws2\/wp-content\/uploads\/2026\/01\/Bild-22.01.26-um-09.45-533x800.jpg\" alt=\"\" width=\"533\" height=\"800\" srcset=\"https:\/\/smago.de\/ws2\/wp-content\/uploads\/2026\/01\/Bild-22.01.26-um-09.45-533x800.jpg 533w, https:\/\/smago.de\/ws2\/wp-content\/uploads\/2026\/01\/Bild-22.01.26-um-09.45-348x522.jpg 348w, https:\/\/smago.de\/ws2\/wp-content\/uploads\/2026\/01\/Bild-22.01.26-um-09.45-100x150.jpg 100w, https:\/\/smago.de\/ws2\/wp-content\/uploads\/2026\/01\/Bild-22.01.26-um-09.45-181x272.jpg 181w, https:\/\/smago.de\/ws2\/wp-content\/uploads\/2026\/01\/Bild-22.01.26-um-09.45-400x600.jpg 400w, https:\/\/smago.de\/ws2\/wp-content\/uploads\/2026\/01\/Bild-22.01.26-um-09.45-87x130.jpg 87w, https:\/\/smago.de\/ws2\/wp-content\/uploads\/2026\/01\/Bild-22.01.26-um-09.45-297x445.jpg 297w, https:\/\/smago.de\/ws2\/wp-content\/uploads\/2026\/01\/Bild-22.01.26-um-09.45-127x190.jpg 127w, https:\/\/smago.de\/ws2\/wp-content\/uploads\/2026\/01\/Bild-22.01.26-um-09.45-193x290.jpg 193w, https:\/\/smago.de\/ws2\/wp-content\/uploads\/2026\/01\/Bild-22.01.26-um-09.45.jpg 540w\" sizes=\"(max-width: 533px) 100vw, 533px\" \/><figcaption id=\"caption-attachment-254493\" class=\"wp-caption-text\"><em>Foto-Credit: Diana Sabeeh<\/em><\/figcaption><\/figure>\n","protected":false},"excerpt":{"rendered":"<p>Sehen Sie HIER den Vorschau-Trailer, und erfahren Sie HIER, wer ihre ersten G\u00e4ste sind &#8230;:<\/p>\n","protected":false},"author":2,"featured_media":254496,"comment_status":"open","ping_status":"closed","sticky":false,"template":"","format":"standard","meta":{"_FSMCFIC_featured_image_caption":"","_FSMCFIC_featured_image_nocaption":"","_FSMCFIC_featured_image_hide":""},"categories":[28,39,128],"tags":[287],"acf":[],"_links":{"self":[{"href":"https:\/\/smago.de\/ws2\/wp-json\/wp\/v2\/posts\/254492"}],"collection":[{"href":"https:\/\/smago.de\/ws2\/wp-json\/wp\/v2\/posts"}],"about":[{"href":"https:\/\/smago.de\/ws2\/wp-json\/wp\/v2\/types\/post"}],"author":[{"embeddable":true,"href":"https:\/\/smago.de\/ws2\/wp-json\/wp\/v2\/users\/2"}],"replies":[{"embeddable":true,"href":"https:\/\/smago.de\/ws2\/wp-json\/wp\/v2\/comments?post=254492"}],"version-history":[{"count":4,"href":"https:\/\/smago.de\/ws2\/wp-json\/wp\/v2\/posts\/254492\/revisions"}],"predecessor-version":[{"id":254498,"href":"https:\/\/smago.de\/ws2\/wp-json\/wp\/v2\/posts\/254492\/revisions\/254498"}],"wp:featuredmedia":[{"embeddable":true,"href":"https:\/\/smago.de\/ws2\/wp-json\/wp\/v2\/media\/254496"}],"wp:attachment":[{"href":"https:\/\/smago.de\/ws2\/wp-json\/wp\/v2\/media?parent=254492"}],"wp:term":[{"taxonomy":"category","embeddable":true,"href":"https:\/\/smago.de\/ws2\/wp-json\/wp\/v2\/categories?post=254492"},{"taxonomy":"post_tag","embeddable":true,"href":"https:\/\/smago.de\/ws2\/wp-json\/wp\/v2\/tags?post=254492"}],"curies":[{"name":"wp","href":"https:\/\/api.w.org\/{rel}","templated":true}]}}