{"id":254482,"date":"2026-01-23T00:00:21","date_gmt":"2026-01-22T23:00:21","guid":{"rendered":"https:\/\/smago.de\/ws2\/?p=254482"},"modified":"2026-01-21T23:53:02","modified_gmt":"2026-01-21T22:53:02","slug":"andrea-berg-u-a-heute-23-01-2026-in-der-ndr-talk-show-zu-gast","status":"publish","type":"post","link":"https:\/\/smago.de\/ws2\/schlager\/andrea-berg-u-a-heute-23-01-2026-in-der-ndr-talk-show-zu-gast\/","title":{"rendered":"ANDREA BERG u.a. <br>Heute (23.01.2026) in der &#8222;NDR Talk Show&#8220; zu Gast!"},"content":{"rendered":"<p style=\"text-align: justify;\">NDR Fernsehen + HR Fernsehen, 22:00 Uhr &#8211; 00:00 Uhr! Moderation: Barbara Sch\u00f6neberger und Steven G\u00e4tjen!<!--more--><\/p>\n<p>&nbsp;<\/p>\n<p>&nbsp;<\/p>\n<p>&nbsp;<\/p>\n<p>&nbsp;<\/p>\n<p class=\"\" style=\"text-align: justify;\">Barbara Sch\u00f6neberger und Steven G\u00e4tjen begr\u00fc\u00dfen in der NDR Talk Show aus Hamburg folgende G\u00e4ste &#8230;:<\/p>\n<p>&nbsp;<\/p>\n<p>&nbsp;<\/p>\n<p>&nbsp;<\/p>\n<p>&nbsp;<\/p>\n<h2 id=\"Andrea-Berg-Saengerin\" style=\"text-align: justify;\">Andrea Berg, S\u00e4ngerin<\/h2>\n<div style=\"text-align: justify;\">\n<div class=\"contentimage s-100 m-50\">\n<div class=\"image-container\"><\/div>\n<\/div>\n<\/div>\n<p class=\"\" style=\"text-align: justify;\">Die K\u00f6nigin des deutschen Schlagers feiert einen runden Geburtstag: Am 28. Januar wird Andrea Berg 60 Jahre alt. Seit mehr als drei Jahrzehnten befindet sich die geborene Krefelderin auf einem einzigartigen Siegeszug durch die Musikbranche. Mit vierzehn Nummer-Eins-Alben und mehr als 16 Millionen verkauften Tontr\u00e4gern ist sie die erfolgreichste S\u00e4ngerin Deutschlands. Trotz ihres Erfolges ist sie bodenst\u00e4ndig geblieben: Sie lebt mit ihrem Ehemann Ulrich Ferber und ihrer Mutter Helga in Aspach bei Stuttgart. Zur Familie geh\u00f6ren au\u00dferdem ihre Tochter Lena und Ulrich Ferbers Sohn Andreas Ferber, der mit S\u00e4ngerin Vanessa Mai verheiratet ist. In der NDR Talk Show erz\u00e4hlt sie von den Vorbereitungen f\u00fcr ihre diesj\u00e4hrigen Sommer Open Airs und ihre Arena Tour 2027 und verr\u00e4t, wie sie sich k\u00fcnftig noch mehr als bisher f\u00fcr hilfsbed\u00fcrftige Menschen engagieren will. Au\u00dferdem wird sie ihren Hit &#8222;Ja ich will&#8220; in einer ganz speziellen Talk Show-Version pr\u00e4sentieren.<\/p>\n<h2><\/h2>\n<h2><\/h2>\n<h2 id=\"Katrin-Eigendorf-Journalistin-und-Kriegsreporterin\" style=\"text-align: justify;\">Katrin Eigendorf, Journalistin und Kriegsreporterin<\/h2>\n<div style=\"text-align: justify;\">\n<div class=\"contentimage s-100 m-50\"><\/div>\n<\/div>\n<p class=\"\" style=\"text-align: justify;\">Katrin Eigendorf geh\u00f6rt zu den renommiertesten deutschen TV-Reporterinnen. Seit den 90er-Jahren berichtet sie aus den Krisen- und Kriegsgebieten weltweit wie der Ukraine, Russland, Libanon, Israel und Afghanistan. Seit 2022 ist die 63-J\u00e4hrige internationale Sonderkorrespondentin des ZDF. F\u00fcr ihre Arbeit ist sie vielfach ausgezeichnet worden, u.a. mit dem Hanns-Joachim-Friedrichs-Preis, dem Grimme-Preis und dem Deutschen Fernsehpreis. Ihr Markenzeichen: Sie berichtet nicht aus der Distanz, sondern aus unmittelbarer N\u00e4he, und das mit gro\u00dfer Empathie und eigener Anteilnahme. In ihrem Buch &#8222;Erz\u00e4hlen, was ist. Berichten am Limit in einer Zeit der Kriege&#8220; und in der NDR Talk Show berichtet die Journalistin \u00fcber ihre Arbeit und erz\u00e4hlt von bewegenden Begegnungen und pers\u00f6nlichen Schicksalen in Kriegszeiten.<\/p>\n<p>&nbsp;<\/p>\n<p>&nbsp;<\/p>\n<p>&nbsp;<\/p>\n<h2 id=\"Diego-Pooth-Model-und-Lets-Dance-Gewinner\" style=\"text-align: justify;\">Diego Pooth, Model und &#8222;Let&#8217;s Dance&#8220;-Gewinner<\/h2>\n<div style=\"text-align: justify;\">\n<div class=\"contentimage s-100 m-50\"><\/div>\n<\/div>\n<p class=\"\" style=\"text-align: justify;\">Das Rampenlicht kennt er seit seiner Kindheit &#8211; seit er 2025 &#8222;Let&#8217;s Dance&#8220; gewonnen hat, ist er selbst auf dem Weg zum Star: Diego Pooth. In K\u00f6ln als Sohn von Verona und Franjo Pooth geboren und aufgewachsen, geht er nach dem Abitur nach Florida auf ein Sportinternat, um Golf-Profi zu werden. Au\u00dferdem modelt er international, u.a. auf der Mail\u00e4nder Fashion Week. Die Golf-Karriere gibt er allerdings 2024 auf: &#8222;Die Konkurrenz ist enorm gro\u00df und nur ein ganz kleiner Bruchteil schafft es, von diesem Sport zu leben&#8220;, sagt San Diego Pooth &#8211; wie er mit vollst\u00e4ndigem Namen hei\u00dft. Er zieht nach Berlin, wo der 22-J\u00e4hrige Digital Entrepreneurship studiert und ein Start-up gr\u00fcndet. Welche neuen Projekte jetzt anstehen, das verr\u00e4t Diego Pooth in der NDR Talk Show.<\/p>\n<p>&nbsp;<\/p>\n<p>&nbsp;<\/p>\n<p>&nbsp;<\/p>\n<h2 id=\"Joachim-Meyerhoff-und-Bruno-Alexander-Schauspieler\" style=\"text-align: justify;\">Joachim Meyerhoff und Bruno Alexander, Schauspieler<\/h2>\n<div style=\"text-align: justify;\">\n<div class=\"contentimage s-100 m-50\"><\/div>\n<\/div>\n<p class=\"\" style=\"text-align: justify;\">Das Leben des Autors und Schauspielers Joachim Meyerhoff klingt wie Literatur. Und seit 2011 schreibt er dar\u00fcber: Aufgewachsen auf dem Gel\u00e4nde einer psychiatrischen Klinik in Schleswig-Holstein, der fr\u00fche Unfalltod seines Bruders, Legasthenie, ein Hirnschlag vor sieben Jahren &#8211; die Biografie des 58-J\u00e4hrigen tr\u00e4gt die Dramaturgie seiner inzwischen sechs autobiografischen Mega-Bestseller bereits in sich. Jetzt kommt die Verfilmung seines dritten Buchs in die Kinos: In &#8222;Ach diese L\u00fccke, diese entsetzliche L\u00fccke&#8220; geht es um seine Anf\u00e4nge als Schauspieler &#8211; angenommen an der M\u00fcnchner Schauspielschule zieht er zu seinen exzentrischen Gro\u00dfeltern in eine gro\u00dfb\u00fcrgerliche Villa in Nymphenburg.<\/p>\n<div style=\"text-align: justify;\">\n<div class=\"contentimage s-100 m-50\">Gespielt wird Joachim Meyerhoff im Film von Bruno Alexander. Der 27-j\u00e4hrige geb\u00fcrtige Hamburger steht schon als Teenager f\u00fcr die NDR Serie &#8222;Die Pfefferk\u00f6rner&#8220; vor der Kamera und ist mitverantwortlich f\u00fcr Regie und Drehbuch der vielfach preisgekr\u00f6nten Serien &#8222;Die Discounter&#8220;, &#8222;Intimate&#8220; und &#8222;Players of Ibiza&#8220;, in denen er auch als Hauptdarsteller mitwirkt.<\/div>\n<\/div>\n<div><\/div>\n<div><\/div>\n<div><\/div>\n<div><\/div>\n<h2 id=\"Oliver-Masucci-Schauspieler\" style=\"text-align: justify;\">Oliver Masucci, Schauspieler<\/h2>\n<p>&nbsp;<\/p>\n<div style=\"text-align: justify;\">\n<div class=\"contentimage s-100 m-50\">\n<div class=\"image-container\">Wenn Oliver Masucci heute noch mal \u00fcber seinen Beruf entscheiden m\u00fcsste, w\u00fcrde er sich f\u00fcr einen anderen Weg entscheiden als nach dem Abitur Schauspiel zu studieren. Geschichte w\u00fcrde es stattdessen wahrscheinlich werden, denn er habe ein gro\u00dfes Interesse an Menschen, Orten, Technik und Historie und besch\u00e4ftige sich gern mit der Vergangenheit: &#8222;Ich habe dieses gro\u00dfe Bed\u00fcrfnis danach, noch mehr zu wissen und mehr zu verstehen, warum wir da stehen, wo wir sind, wie wir da \u00fcberhaupt hingekommen sind&#8220;, sagt Oliver Masucci. Der 57-J\u00e4hrige hat in den letzten Jahren immer zehn Monate im Jahr irgendwo auf der Welt gedreht, darunter die Filme &#8222;Enfant Terrible&#8220; und &#8222;Schachnovelle&#8220;, f\u00fcr die er den Bayerischen Filmpreis und den Deutschen Filmpreis erh\u00e4lt. Jetzt ist er im Kino im zweiten Teil der Verfilmung der erfolgreichen Buchreihe &#8222;Woodwalkers&#8220; zu sehen &#8211; als Mentor eines Jungen, der sich vom Menschen in einen Puma verwandeln kann.<\/div>\n<\/div>\n<\/div>\n<div><\/div>\n<div><\/div>\n<div><\/div>\n<div><\/div>\n<h2 id=\"Maren-Ruesch-Dorfkuemmerin\" style=\"text-align: justify;\">Maren Ruesch, Dorfk\u00fcmmerin<\/h2>\n<div style=\"text-align: justify;\">\n<div class=\"contentimage s-100 m-50\"><\/div>\n<\/div>\n<p class=\"\" style=\"text-align: justify;\">Weil immer mehr alte Menschen auf dem Land einsam und hilfsbed\u00fcrftig sind, gibt es in der Gemeinde Schenefeld seit gut einem Jahr eine &#8222;Dorfk\u00fcmmerin&#8220;: Maren Ruesch. Die 46-J\u00e4hrige betreut insgesamt 13 D\u00f6rfer, macht Hausbesuche, hilft bei kleineren Eink\u00e4ufen, Arztbesuchen und Formularen. Ihre Klienten sind in der Regel Senioren, viele davon alleinstehend und eingeschr\u00e4nkt in ihrer Mobilit\u00e4t. Es sind Menschen, die au\u00dfer Ruesch nicht mehr viele soziale Kontakte haben. Wenn Nachbarn oder Verwandte nicht unterst\u00fctzen k\u00f6nnen, springt die Dorfk\u00fcmmerin ein &#8211; ein Traumjob f\u00fcr die Wackenerin. Mehr als 800 Eins\u00e4tze hat sie bereits hinter sich. Ihr Motto: &#8222;Miteinander statt nebeneinander. Keiner sollte allein und einsam sein.&#8220;<\/p>\n","protected":false},"excerpt":{"rendered":"<p>NDR Fernsehen + HR Fernsehen, 22:00 Uhr &#8211; 00:00 Uhr! Moderation: Barbara Sch\u00f6neberger und Steven G\u00e4tjen!<\/p>\n","protected":false},"author":2,"featured_media":254483,"comment_status":"open","ping_status":"closed","sticky":false,"template":"","format":"standard","meta":{"_FSMCFIC_featured_image_caption":"","_FSMCFIC_featured_image_nocaption":"","_FSMCFIC_featured_image_hide":""},"categories":[29,128],"tags":[254],"acf":[],"_links":{"self":[{"href":"https:\/\/smago.de\/ws2\/wp-json\/wp\/v2\/posts\/254482"}],"collection":[{"href":"https:\/\/smago.de\/ws2\/wp-json\/wp\/v2\/posts"}],"about":[{"href":"https:\/\/smago.de\/ws2\/wp-json\/wp\/v2\/types\/post"}],"author":[{"embeddable":true,"href":"https:\/\/smago.de\/ws2\/wp-json\/wp\/v2\/users\/2"}],"replies":[{"embeddable":true,"href":"https:\/\/smago.de\/ws2\/wp-json\/wp\/v2\/comments?post=254482"}],"version-history":[{"count":3,"href":"https:\/\/smago.de\/ws2\/wp-json\/wp\/v2\/posts\/254482\/revisions"}],"predecessor-version":[{"id":254486,"href":"https:\/\/smago.de\/ws2\/wp-json\/wp\/v2\/posts\/254482\/revisions\/254486"}],"wp:featuredmedia":[{"embeddable":true,"href":"https:\/\/smago.de\/ws2\/wp-json\/wp\/v2\/media\/254483"}],"wp:attachment":[{"href":"https:\/\/smago.de\/ws2\/wp-json\/wp\/v2\/media?parent=254482"}],"wp:term":[{"taxonomy":"category","embeddable":true,"href":"https:\/\/smago.de\/ws2\/wp-json\/wp\/v2\/categories?post=254482"},{"taxonomy":"post_tag","embeddable":true,"href":"https:\/\/smago.de\/ws2\/wp-json\/wp\/v2\/tags?post=254482"}],"curies":[{"name":"wp","href":"https:\/\/api.w.org\/{rel}","templated":true}]}}