{"id":254477,"date":"2026-01-23T00:00:26","date_gmt":"2026-01-22T23:00:26","guid":{"rendered":"https:\/\/smago.de\/ws2\/?p=254477"},"modified":"2026-01-21T23:31:47","modified_gmt":"2026-01-21T22:31:47","slug":"mary-roos-u-a-heute-23-01-2026-in-der-talk-show-koelner-treff-zu-gast","status":"publish","type":"post","link":"https:\/\/smago.de\/ws2\/schlager\/mary-roos-u-a-heute-23-01-2026-in-der-talk-show-koelner-treff-zu-gast\/","title":{"rendered":"MARY ROOS u.a. <br>Heute (23.01.2026) in der Talk-Show &#8222;K\u00f6lner Treff&#8220; zu Gast!"},"content":{"rendered":"<p style=\"text-align: justify;\">WDR Fernsehen, 22:00 Uhr &#8211; 00:00 Uhr (1. Wh. in der Nacht auf Sa., 24.01., 02:15 Uhr &#8211; 04:15 Uhr; 2. Wh.: 25.01., 08:30 Uhr &#8211; 10:30 Uhr)! Moderation: Susan Link und Anna Planken!<!--more--><\/p>\n<p>&nbsp;<\/p>\n<p>&nbsp;<\/p>\n<p>&nbsp;<\/p>\n<p style=\"text-align: justify;\">Susan Link und Anna Planken begr\u00fc\u00dfen folgende G\u00e4ste &#8230;:<\/p>\n<p>&nbsp;<\/p>\n<p>&nbsp;<\/p>\n<p style=\"text-align: justify;\"><strong>Tim Bendzko<\/strong><\/p>\n<p>&nbsp;<\/p>\n<p style=\"text-align: justify;\">Seit seinem Hit &#8222;Nur noch kurz die Welt retten&#8220; vor nun bereits 15 Jahren geh\u00f6rt er zu den pr\u00e4genden Stimmen des deutschsprachigen Pop. Der Berliner Singer-Songwriter verbindet eing\u00e4ngige Melodien mit nachdenklichen Texten, die von Alltagsbeobachtungen bis zu gesellschaftlichen Fragen reichen &#8211; etwa in Songs wie &#8222;Hoch&#8220; oder &#8222;Wer rettet die Welt f\u00fcr mich&#8220;. Aktuell steht Tim Bendzko kurz vor seiner 6. Albumver\u00f6ffentlichung. Im neuen Album zeigt er eine besonders pers\u00f6nliche und ehrliche Seite von sich selbst. Der Song &#8222;Immer&#8220; beispielsweise hat seine Trennung zum Thema.<\/p>\n<p>&nbsp;<\/p>\n<p>&nbsp;<\/p>\n<p>&nbsp;<\/p>\n<p style=\"text-align: justify;\"><strong>Mary Roos<\/strong><\/p>\n<p>&nbsp;<\/p>\n<p style=\"text-align: justify;\">Lange Zeit geh\u00f6rte sie zur absoluten Oberliga, wenn es um Schlager und Chansons in Deutschland ging. Umso trauriger waren ihre Fans, als sich Mary Roos nach \u00fcber sechs Jahrzehnten B\u00fchnenpr\u00e4senz in den von ihr so genannten &#8222;Unruhestand&#8220; verabschiedete, mit dem postulierten Ziel, eine &#8222;schrille Alte&#8220; zu werden. Zu ihrem 77. Geburtstag steht nun die Frage im Raum, ob sie ihr Ziel erreicht hat und wie sie auf ihre langj\u00e4hrige Karriere zur\u00fcckblickt. Und Mary Roos berichtet, wie sie ihre Lebensenergie kanalisiert und was ihr Freundschaften und Familie bedeuten!<\/p>\n<p>&nbsp;<\/p>\n<p>&nbsp;<\/p>\n<p>&nbsp;<\/p>\n<p style=\"text-align: justify;\"><strong>Julius Weckauf<\/strong><\/p>\n<p>&nbsp;<\/p>\n<p style=\"text-align: justify;\">Mit gerade mal neun Jahren begeisterte er als junger Hape Kerkeling in dem Film &#8222;Der Junge muss an die frische Luft&#8220;. Der Rheinl\u00e4nder Julius Weckauf hat seinen Weg als Schauspieler gefunden, bringt gerade ein Abenteuer der drei ??? in die Kinos. Meisterte er Schule und Schauspielerei viele Jahre parallel, so schmiss er dann doch kurz vorm Abi hin. Zu verlockend waren die Dreharbeiten, zu schlecht die Noten. Und wenn er nicht vor der Kamera steht, hilft er in der Schreinerei seines Bruders. Das l\u00e4sst sich gut verbinden, denn der gerade 18-J\u00e4hrige m\u00f6chte ohnehin in seiner Heimat sesshaft bleiben. &#8222;Ich bin ein Landei, keine Gro\u00dfstadtpflanze!&#8220;<\/p>\n<p>&nbsp;<\/p>\n<p>&nbsp;<\/p>\n<p>&nbsp;<\/p>\n<p style=\"text-align: justify;\"><strong>Nilam Farooq<\/strong><\/p>\n<p>&nbsp;<\/p>\n<p style=\"text-align: justify;\">Kaum eine Schauspielerin ihrer Generation hat so unterschiedliche Wege miteinander verbunden wie sie. Mit 14 startete Nilam Farooq ihre Schauspielkarriere, wurde durch &#8222;SOKO Leipzig&#8220; bekannt und erreichte als YouTuberin mit \u00fcber einer Million Abonnenten eine Sichtbarkeit, die ihrer Zeit voraus war. 2021 folgte mit &#8222;Contra&#8220; der Durchbruch im Kino. Aktuell ist sie sowohl im neuen Film von S\u00f6nke Wortmann als auch in einer ZDFneo\u2011Serie zu sehen, in der sie eine der meistgesuchten Betr\u00fcgerinnen der Welt spielt. Aufgewachsen zwischen polnischen und pakistanischen Wurzeln und gepr\u00e4gt von knappen Verh\u00e4ltnissen, hat sie sich ihren Weg selbst gebaut &#8211; Kapitel f\u00fcr Kapitel.<\/p>\n<p>&nbsp;<\/p>\n<p>&nbsp;<\/p>\n<p>&nbsp;<\/p>\n<p style=\"text-align: justify;\"><strong>Charles Brauer<\/strong><\/p>\n<p>&nbsp;<\/p>\n<p style=\"text-align: justify;\">Als Zehnj\u00e4hriger wurde er auf den Berliner Tr\u00fcmmerstra\u00dfen f\u00fcr seinen ersten Film entdeckt &#8211; ein Kriegskind, das die Schauspielerei zum Lebensinhalt machte. \u00dcber 130 Film- und Fernsehproduktionen und eine Karriere, die ihresgleichen sucht: Charles Brauer ist eine lebende Legende. 15 Jahre lang jagte er als Kommissar Brockm\u00f6ller an der Seite von Manfred Krug Verbrecher durch Hamburg &#8211; und sang sich dabei als &#8222;Swinging Cop&#8220; in die Herzen der Zuschauer. An Ruhestand denkt der inzwischen 90-j\u00e4hrige Schauspieler nicht: im November stand er noch auf der B\u00fchne, liest H\u00f6rb\u00fccher ein und wurde erst k\u00fcrzlich mit dem Deutschen Schauspielpreis f\u00fcr sein Lebenswerk geehrt.<\/p>\n<p>&nbsp;<\/p>\n<p>&nbsp;<\/p>\n<p>&nbsp;<\/p>\n<p style=\"text-align: justify;\"><strong>Annika und Stefan Gro\u00df<\/strong><\/p>\n<p>&nbsp;<\/p>\n<p style=\"text-align: justify;\">Sie stehen f\u00fcr wahre Liebe, Loyalit\u00e4t und Lebensfreude. Auf Social Media nehmen Annika und Stefan Gro\u00df aus Moers ihre Follower mit auf ihre gemeinsame Lebensreise, denn seit einem schweren Unfall im Jahr 2012 ist Stefan querschnittsgel\u00e4hmt und auf einen Rollstuhl angewiesen. Von Beginn an ist Annika an seiner Seite. Gemeinsam teilen sie im Netz ihren &#8222;Rollstuhl-Alltag&#8220;. Und genau dieser Alltag, wird derzeit ganz sch\u00f6n auf den Kopf gestellt, denn seit kurzem kr\u00f6nt die Geburt des ersten gemeinsamen Kindes das Liebes-Gl\u00fcck des Paares. Im &#8222;K\u00f6lner Treff&#8220; berichten sie nun von den Herausforderungen, die sie in den letzten Jahren gemeinsam gemeistert haben.<\/p>\n","protected":false},"excerpt":{"rendered":"<p>WDR Fernsehen, 22:00 Uhr &#8211; 00:00 Uhr (1. Wh. in der Nacht auf Sa., 24.01., 02:15 Uhr &#8211; 04:15 Uhr;<\/p>\n","protected":false},"author":2,"featured_media":254478,"comment_status":"open","ping_status":"closed","sticky":false,"template":"","format":"standard","meta":{"_FSMCFIC_featured_image_caption":"","_FSMCFIC_featured_image_nocaption":"","_FSMCFIC_featured_image_hide":""},"categories":[29,39,128],"tags":[129],"acf":[],"_links":{"self":[{"href":"https:\/\/smago.de\/ws2\/wp-json\/wp\/v2\/posts\/254477"}],"collection":[{"href":"https:\/\/smago.de\/ws2\/wp-json\/wp\/v2\/posts"}],"about":[{"href":"https:\/\/smago.de\/ws2\/wp-json\/wp\/v2\/types\/post"}],"author":[{"embeddable":true,"href":"https:\/\/smago.de\/ws2\/wp-json\/wp\/v2\/users\/2"}],"replies":[{"embeddable":true,"href":"https:\/\/smago.de\/ws2\/wp-json\/wp\/v2\/comments?post=254477"}],"version-history":[{"count":3,"href":"https:\/\/smago.de\/ws2\/wp-json\/wp\/v2\/posts\/254477\/revisions"}],"predecessor-version":[{"id":254481,"href":"https:\/\/smago.de\/ws2\/wp-json\/wp\/v2\/posts\/254477\/revisions\/254481"}],"wp:featuredmedia":[{"embeddable":true,"href":"https:\/\/smago.de\/ws2\/wp-json\/wp\/v2\/media\/254478"}],"wp:attachment":[{"href":"https:\/\/smago.de\/ws2\/wp-json\/wp\/v2\/media?parent=254477"}],"wp:term":[{"taxonomy":"category","embeddable":true,"href":"https:\/\/smago.de\/ws2\/wp-json\/wp\/v2\/categories?post=254477"},{"taxonomy":"post_tag","embeddable":true,"href":"https:\/\/smago.de\/ws2\/wp-json\/wp\/v2\/tags?post=254477"}],"curies":[{"name":"wp","href":"https:\/\/api.w.org\/{rel}","templated":true}]}}