{"id":254466,"date":"2026-01-22T00:00:26","date_gmt":"2026-01-21T23:00:26","guid":{"rendered":"https:\/\/smago.de\/ws2\/?p=254466"},"modified":"2026-01-21T21:14:34","modified_gmt":"2026-01-21T20:14:34","slug":"bill-tom-kaulitz","status":"publish","type":"post","link":"https:\/\/smago.de\/ws2\/pop\/bill-tom-kaulitz\/","title":{"rendered":"BILL &#038; TOM KAULITZ <br>Was HOLM DRESSLER zur &#8222;Wetten, dass ..?&#8220; \u00dcbernahme sagt!"},"content":{"rendered":"<p>Holm Dressler war \u00fcber viele Jahre Redakteur der legend\u00e4ren ZDF-Spielshow!<!--more--><\/p>\n<p>&nbsp;<\/p>\n<p>&nbsp;<\/p>\n<p>Vorgestern (20.01.2026) schrieb Holm Dressler auf seiner Facebook-Seite &#8230;:<\/p>\n<p style=\"text-align: justify;\">\n<p style=\"text-align: justify;\"><em>Puh! Die Kaulitz-Br\u00fcder sollen &#8222;Wetten, dass?&#8220; \u00fcbernehmen! Absurd oder mutig?<\/em><\/p>\n<p style=\"text-align: justify;\"><em>Als ich heute Morgen die Nachricht erhielt, dass Bill und Tom Kaulitz am 5. Dezember eine Neuauflage von &#8222;Wetten, dass?&#8220; pr\u00e4sentieren werden, war meine erste Reaktion: Was f\u00fcr eine Schwachsinnsidee! Typisch f\u00fcr die Trendpfeifen im ZDF, die sich das ausgedacht haben. Das kann nicht funktionieren!<\/em><\/p>\n<p><em>Doch nachdem ich mich vom ersten Schreck erholt hatte, begann ich nachzudenken &#8230; Warum eigentlich nicht?<\/em><\/p>\n<p><em>Die Zwillinge sich ja l\u00e4ngst keine Teenies mehr. Sie werden im November 37 Jahre alt. Auch Thomas Gottschalk war 37, als er von Frank Elstner &#8222;Wetten, dass?&#8220; \u00fcbernahm. Und auch ihm traute man die Show\u00fcbernahme damals nicht zu. Nach der ersten Show im September 1987 schrieb die Presse &#8222;Wir wollen unseren Frank Elstner zur\u00fcck haben!&#8220;<\/em><br \/>\n<em>Doch kann man beide \u00dcbernahmen vergleichen? Wenn das ZDF verlauten l\u00e4sst, dass das Format &#8222;mit ganz viel Influencer-Power&#8220; das Publikum begeistern wird, bef\u00fcrchte ich Schlimmes.<\/em><\/p>\n<p><em>Und irgendwie kann ich mir &#8211; noch &#8211; nicht vorstellen, dass die Kaulitz-Br\u00fcder eine gro\u00dfe Halle mit 3000 Besuchern in den Bann ziehen k\u00f6nnen. Und ich kann mir auch &#8211; noch &#8211; nicht vorstellen, dass eine Show mit ihnen <\/em><br \/>\n<em>Generations\u00fcbergreifend gelingt.<\/em><\/p>\n<p><em>Bei aller damaligen Flapsigkeit des 37-j\u00e4hrigen Gottschalk &#8211; er war sehr gebildet und kannte sich in der Literatur genauso aus wie in der Popmusik. Goethe und Genesis waren ihm ebenso vertraut, wie Aristoteles und Abba! Dieses breite Allgemeinwissen war wichtig f\u00fcr die Augenh\u00f6he mit den Stars, die er auf der Wetten-dass-Couch begr\u00fc\u00dfte.<\/em><br \/>\n<em>Doch trifft das auch f\u00fcr die Kaulitz-Zwillinge zu? Da habe ich so meine Zweifel &#8230; Sorry &#8230;<\/em><\/p>\n<p><em><strong>Update am sp\u00e4ten Nachmittag!<\/p>\n<p><\/strong><\/em><br \/>\n<em>Hmmm&#8230; so, wie es momentan aussieht, sollen die Kaulitz-Br\u00fcder nur eine Ausgabe von &#8222;Wetten, dass&#8220; moderieren und damit den Startschuss geben f\u00fcr einen st\u00e4ndigen Wechsel an Pr\u00e4sentatoren f\u00fcr die Show. Die Idee ist nicht neu und hat sowohl bei dem ZDF-Klassiker &#8222;Musik ist Trumpf&#8220;, als auch &#8211; aktuell &#8211; bei &#8222;Wer stiehlt mir die Show?&#8220; funktioniert. Denke mal, dass der Erfolg der ProSiebenShow mit Joko Winterscheidt ausschlaggebend f\u00fcr die ZDF-Entscheider war und ist. Ich bleibe zwar skeptisch, aber auch gespannt &#8211; und offen f\u00fcr Experimente.<\/em><\/p>\n<p>&nbsp;<\/p>\n<p>&nbsp;<\/p>\n<p>&nbsp;<\/p>\n<p><strong><a href=\"https:\/\/www.facebook.com\/holm.dressler\">ZUR FACEBOOK-SEITE VON HOLM DRESSLER &#8230;:<\/a><\/strong><\/p>\n","protected":false},"excerpt":{"rendered":"<p>Holm Dressler war \u00fcber viele Jahre Redakteur der legend\u00e4ren ZDF-Spielshow!<\/p>\n","protected":false},"author":2,"featured_media":254469,"comment_status":"open","ping_status":"closed","sticky":false,"template":"","format":"standard","meta":{"_FSMCFIC_featured_image_caption":"","_FSMCFIC_featured_image_nocaption":"","_FSMCFIC_featured_image_hide":""},"categories":[27,29,128],"tags":[1200,1201,2140],"acf":[],"_links":{"self":[{"href":"https:\/\/smago.de\/ws2\/wp-json\/wp\/v2\/posts\/254466"}],"collection":[{"href":"https:\/\/smago.de\/ws2\/wp-json\/wp\/v2\/posts"}],"about":[{"href":"https:\/\/smago.de\/ws2\/wp-json\/wp\/v2\/types\/post"}],"author":[{"embeddable":true,"href":"https:\/\/smago.de\/ws2\/wp-json\/wp\/v2\/users\/2"}],"replies":[{"embeddable":true,"href":"https:\/\/smago.de\/ws2\/wp-json\/wp\/v2\/comments?post=254466"}],"version-history":[{"count":3,"href":"https:\/\/smago.de\/ws2\/wp-json\/wp\/v2\/posts\/254466\/revisions"}],"predecessor-version":[{"id":254470,"href":"https:\/\/smago.de\/ws2\/wp-json\/wp\/v2\/posts\/254466\/revisions\/254470"}],"wp:featuredmedia":[{"embeddable":true,"href":"https:\/\/smago.de\/ws2\/wp-json\/wp\/v2\/media\/254469"}],"wp:attachment":[{"href":"https:\/\/smago.de\/ws2\/wp-json\/wp\/v2\/media?parent=254466"}],"wp:term":[{"taxonomy":"category","embeddable":true,"href":"https:\/\/smago.de\/ws2\/wp-json\/wp\/v2\/categories?post=254466"},{"taxonomy":"post_tag","embeddable":true,"href":"https:\/\/smago.de\/ws2\/wp-json\/wp\/v2\/tags?post=254466"}],"curies":[{"name":"wp","href":"https:\/\/api.w.org\/{rel}","templated":true}]}}