{"id":254452,"date":"2026-01-22T00:00:29","date_gmt":"2026-01-21T23:00:29","guid":{"rendered":"https:\/\/smago.de\/ws2\/?p=254452"},"modified":"2026-01-21T20:44:23","modified_gmt":"2026-01-21T19:44:23","slug":"jan-rendels-am-23-01-2026-geht-er-mit-liebe%c2%b2-an-den-start","status":"publish","type":"post","link":"https:\/\/smago.de\/ws2\/pop-schlager\/jan-rendels-am-23-01-2026-geht-er-mit-liebe%c2%b2-an-den-start\/","title":{"rendered":"JAN RENDELS <br>Am 23.01.2026 geht er mit &#8222;Liebe\u00b2&#8220; an den Start!"},"content":{"rendered":"<p>\u201eLiebe\u201c verbindet modernen Popschlager mit einer emotionalen und romantischen Handlung &#8230;:<br \/>\n<!--more--><\/p>\n<p>&nbsp;<\/p>\n<p style=\"text-align: justify;\">\n<p style=\"text-align: justify;\">Mit &#8222;Liebe\u00b2&#8220; pr\u00e4sentiert JAN RENDELS die vierte Single-Auskopplung aus seinem erfolgreichen und aktuellen Album \u201eGenau mein Ding\u201c. Der Song beschreibt das Verliebtsein und schlie\u00dflich die gro\u00dfe Liebe zwischen zwei Menschen, die durch gegenseitige Gef\u00fchle f\u00fcreinander immer weiter w\u00e4chst \u2013 und beide sp\u00fcren: Es passt einfach alles.<\/p>\n<p style=\"text-align: justify;\">&#8222;Liebe\u00b2&#8220; verbindet modernen Popschlager mit einer emotionalen und romantischen Handlung. Der Offenburger S\u00e4nger bringt damit seine eigene Einstellung zu echter, ehrlicher und tiefer Liebe authentisch auf den Punkt. \u201eEin wichtiges Thema, gerade in der heutigen Zeit\u201c, so der S\u00e4nger.<\/p>\n<p style=\"text-align: justify;\">Schon seit Kindheitstagen dem Genre verbunden, steht Jan Rendels f\u00fcr ehrliche Texte, tanzbare Rhythmen und musikalische Lebensfreude. Auch mit diesem Titel bleibt Jan seinem Stil treu \u2013 modern produziert, gef\u00fchlvoll interpretiert und mitrei\u00dfend in Szene gesetzt.<\/p>\n<p style=\"text-align: justify;\">&#8222;Liebe\u00b2&#8220; \u2013 ein Titel, der sowohl zum Feiern, zum Tanzen und zum Mitsingen einl\u00e4dt und damit perfekt in jede Schlager-Playlist passt.<\/p>\n","protected":false},"excerpt":{"rendered":"<p>\u201eLiebe\u201c verbindet modernen Popschlager mit einer emotionalen und romantischen Handlung &#8230;:<\/p>\n","protected":false},"author":2,"featured_media":254454,"comment_status":"open","ping_status":"closed","sticky":false,"template":"","format":"standard","meta":{"_FSMCFIC_featured_image_caption":"","_FSMCFIC_featured_image_nocaption":"","_FSMCFIC_featured_image_hide":""},"categories":[28],"tags":[1359],"acf":[],"_links":{"self":[{"href":"https:\/\/smago.de\/ws2\/wp-json\/wp\/v2\/posts\/254452"}],"collection":[{"href":"https:\/\/smago.de\/ws2\/wp-json\/wp\/v2\/posts"}],"about":[{"href":"https:\/\/smago.de\/ws2\/wp-json\/wp\/v2\/types\/post"}],"author":[{"embeddable":true,"href":"https:\/\/smago.de\/ws2\/wp-json\/wp\/v2\/users\/2"}],"replies":[{"embeddable":true,"href":"https:\/\/smago.de\/ws2\/wp-json\/wp\/v2\/comments?post=254452"}],"version-history":[{"count":2,"href":"https:\/\/smago.de\/ws2\/wp-json\/wp\/v2\/posts\/254452\/revisions"}],"predecessor-version":[{"id":254456,"href":"https:\/\/smago.de\/ws2\/wp-json\/wp\/v2\/posts\/254452\/revisions\/254456"}],"wp:featuredmedia":[{"embeddable":true,"href":"https:\/\/smago.de\/ws2\/wp-json\/wp\/v2\/media\/254454"}],"wp:attachment":[{"href":"https:\/\/smago.de\/ws2\/wp-json\/wp\/v2\/media?parent=254452"}],"wp:term":[{"taxonomy":"category","embeddable":true,"href":"https:\/\/smago.de\/ws2\/wp-json\/wp\/v2\/categories?post=254452"},{"taxonomy":"post_tag","embeddable":true,"href":"https:\/\/smago.de\/ws2\/wp-json\/wp\/v2\/tags?post=254452"}],"curies":[{"name":"wp","href":"https:\/\/api.w.org\/{rel}","templated":true}]}}