{"id":254411,"date":"2026-01-21T16:59:49","date_gmt":"2026-01-21T15:59:49","guid":{"rendered":"https:\/\/smago.de\/ws2\/?p=254411"},"modified":"2026-01-22T12:55:40","modified_gmt":"2026-01-22T11:55:40","slug":"wolfgang-petry-mr-bruche-keiner-die-koelsche-single","status":"publish","type":"post","link":"https:\/\/smago.de\/ws2\/schlager\/wolfgang-petry-mr-bruche-keiner-die-koelsche-single\/","title":{"rendered":"WOLFGANG PETRY <br>&#8222;Mr bruche keiner&#8220; \u2013 Die k\u00f6lsche Single!"},"content":{"rendered":"<p style=\"text-align: justify;\">Eine kraftvolle Poprock-Ballade vor, auf der er weit zu seinen musikalischen Anf\u00e4ngen und seiner Liebe zur Rockmusik zur\u00fcckgeht!<br \/>\n<!--more--><\/p>\n<p>&nbsp;<\/p>\n<p>&nbsp;<\/p>\n<p style=\"text-align: justify;\">Er geh\u00f6rt zu K\u00f6ln wie der Dom oder der Heumarkt: Mit seiner rheinischen Bodenst\u00e4ndigkeit, seiner offenen, unverstellten Art und nat\u00fcrlich seinen unsterblichen Megahits hat WOLFGANG PETRY in den vergangenen f\u00fcnf Dekaden ganze Generationen von Schlagerfans begeistert. Auf seiner neuen Single schaut der Kult-S\u00e4nger nun zur\u00fcck auf seine geliebte Geburtsstadt, auf die sympathisch eigenwilligen Menschen und auf sein bewegtes Leben \u2013 und legt mit der packenden Poprock-Ballade \u201eMr bruche keiner\u201c seine allererste Eigenkomposition in K\u00f6lscher Mundart vor!<\/p>\n<p style=\"text-align: justify;\">R\u00fcckblick ins Jahr 1976: Mit seiner Deb\u00fctsingle \u201eSommer in der Stadt\u201c entert Wolfgang Petry Platz 16 der deutschen Charts und tritt zum ersten Mal in der \u201eZDF-Hitparade\u201c auf, in der er von den Zuschauer:innen direkt auf den 2. Platz gevotet wird. F\u00fcr Petry erst der Anfang einer beispiellosen Karriere, w\u00e4hrend der er knapp zwanzig Millionen Einheiten seiner insgesamt 27 ver\u00f6ffentlichten Studioalben (davon f\u00fcnf Top 1-Scheiben und neun Top 5-Entrys in den deutschen Album-Charts) verkauft hat, in den gr\u00f6\u00dften Konzertarenen Deutschlands vor Millionen von Fans zu sehen war und unz\u00e4hlige Auszeichnungen, darunter mehrere goldene Schallplatten, ein Multiplatin-Award, f\u00fcnf ECHOs in der Kategorie \u201eSchlager\/ Volksmusik\u201c sowie zehn Goldene Stimmgabeln, inklusive zwei \u201ePlatinum Life Award\u201c-Stimmgabeln f\u00fcr sein Lebenswerk entgegennehmen konnte.<\/p>\n<p style=\"text-align: justify;\">Nachdem er im Sommer gemeinsam mit der DFB Frauen-Nationalmannschaft auf dem gefeierten Remake seines Gassenhauers \u201eVerlieben, verloren, vergessen, verzeih`n\u201c zu h\u00f6ren war, pr\u00e4sentiert sich Wolfgang Petry auf seiner neuen Single so nachdenklich wie nie zuvor. \u201eMr bruche keiner\u201c (\u201eWir brauchen keinen\u201c) ist ebenso R\u00fcckschau auf sein aufregendes Leben wie auch ein Blick nach vorne, was das Universum vielleicht noch f\u00fcr den S\u00e4nger und Musiker bereithalten mag. Ein Song in seiner \u201eMuttersprache\u201c \u2013 f\u00fcr Wolle eine naheliegende Entscheidung. <em>\u201eIch denke schon mein ganzes Leben auf K\u00f6lsch und muss mir st\u00e4ndig alles \u00fcbersetzen\u201c<\/em>, so Wolfgang Petry schmunzelnd. <em>\u201eMittlerweile gef\u00e4llt es mir richtig gut, k\u00f6lsche Texte zu schreiben und geht wie von selbst. Wenn ich nach K\u00f6ln fahre, ist das wie ein Schalter, der sich umstellt! Ich bin sofort wieder da, wo mein Leben mit und in dieser Sprache begonnen hat. Mit Rosie spreche ich aber in beiden Sprachen.\u201c<\/em><\/p>\n<p style=\"text-align: justify;\">F\u00fcnfzig Jahre nach seinem aller ersten \u00f6ffentlichen Auftritt legt Wolfgang Petry mit \u201eMr bruche keiner\u201c eine kraftvolle Poprock-Ballade vor, auf der er weit zu seinen musikalischen Anf\u00e4ngen und seiner Liebe zur Rockmusik zur\u00fcckgeht. Ein melancholischer Blick zur\u00fcck, verbunden mit einem Petry-typischen Augenzwinkern<em>. \u201eMan kann so viele Sachen selbst erledigen, doch meistens hat man zu viel Angst davor oder ist zu bequem. Gerne zu geben &#8211; das ist gut f\u00fcrs Herz\u201c<\/em>, fasst Wolle die Botschaft seiner neuen Single f\u00fcr all diejenigen zusammen, die dem k\u00f6lschen Dialekt (noch) nicht m\u00e4chtig sind. <em>\u201eK\u00f6ln ist einfach meine Heimatstadt. Hier hatte ich meine erste Beatband und meine ersten Freundschaften, von denen viele bis heute halten. In K\u00f6ln f\u00fchle ich mich zuhause. Hier darf ich Wolli sein. So wie ich bin.\u201c<\/em><\/p>\n<p>&nbsp;<\/p>\n<p style=\"text-align: center;\"><strong>&#8222;Mr bruche keiner&#8220; &#8211; 3:48\u00a0<\/strong><br \/>\n(Composer Wolfgang Petry &#8211; Lyricist Wolfgang Petry \/ Lyricist Mary Susan Applegate;<br \/>\nPublished by: Na Klar! Edition)<\/p>\n<p style=\"text-align: center;\">(P) 2025 Na Klar! GmbH \/ Sony Music Entertainment Germany GmbH<br \/>\nRepertoire Owner: SME Germany GmbH<\/p>\n","protected":false},"excerpt":{"rendered":"<p>Eine kraftvolle Poprock-Ballade vor, auf der er weit zu seinen musikalischen Anf\u00e4ngen und seiner Liebe zur Rockmusik zur\u00fcckgeht!<\/p>\n","protected":false},"author":2,"featured_media":254412,"comment_status":"open","ping_status":"closed","sticky":false,"template":"","format":"standard","meta":{"_FSMCFIC_featured_image_caption":"","_FSMCFIC_featured_image_nocaption":"","_FSMCFIC_featured_image_hide":""},"categories":[29,39],"tags":[55],"acf":[],"_links":{"self":[{"href":"https:\/\/smago.de\/ws2\/wp-json\/wp\/v2\/posts\/254411"}],"collection":[{"href":"https:\/\/smago.de\/ws2\/wp-json\/wp\/v2\/posts"}],"about":[{"href":"https:\/\/smago.de\/ws2\/wp-json\/wp\/v2\/types\/post"}],"author":[{"embeddable":true,"href":"https:\/\/smago.de\/ws2\/wp-json\/wp\/v2\/users\/2"}],"replies":[{"embeddable":true,"href":"https:\/\/smago.de\/ws2\/wp-json\/wp\/v2\/comments?post=254411"}],"version-history":[{"count":3,"href":"https:\/\/smago.de\/ws2\/wp-json\/wp\/v2\/posts\/254411\/revisions"}],"predecessor-version":[{"id":254512,"href":"https:\/\/smago.de\/ws2\/wp-json\/wp\/v2\/posts\/254411\/revisions\/254512"}],"wp:featuredmedia":[{"embeddable":true,"href":"https:\/\/smago.de\/ws2\/wp-json\/wp\/v2\/media\/254412"}],"wp:attachment":[{"href":"https:\/\/smago.de\/ws2\/wp-json\/wp\/v2\/media?parent=254411"}],"wp:term":[{"taxonomy":"category","embeddable":true,"href":"https:\/\/smago.de\/ws2\/wp-json\/wp\/v2\/categories?post=254411"},{"taxonomy":"post_tag","embeddable":true,"href":"https:\/\/smago.de\/ws2\/wp-json\/wp\/v2\/tags?post=254411"}],"curies":[{"name":"wp","href":"https:\/\/api.w.org\/{rel}","templated":true}]}}