{"id":254392,"date":"2026-01-21T00:00:50","date_gmt":"2026-01-20T23:00:50","guid":{"rendered":"https:\/\/smago.de\/ws2\/?p=254392"},"modified":"2026-01-21T00:46:47","modified_gmt":"2026-01-20T23:46:47","slug":"heino-ersatztermine-fuer-soest-hofgeismar-und-cloppenburg-stehen-fest","status":"publish","type":"post","link":"https:\/\/smago.de\/ws2\/volksmusik\/heino-ersatztermine-fuer-soest-hofgeismar-und-cloppenburg-stehen-fest\/","title":{"rendered":"HEINO <br>Ersatztermine f\u00fcr Soest, Hofgeismar und Cloppenburg stehen fest!"},"content":{"rendered":"<p style=\"text-align: justify;\">Nach seinem triumphalen Konzert in der Turbinenhalle 2 in Oberhausen musste der Volkss\u00e4nger drei Termine verschieben &#8230;:<br \/>\n<!--more--><\/p>\n<p style=\"text-align: justify;\">\n<p style=\"text-align: justify;\">\nDas war ein Schock f\u00fcr viele Fans: &#8222;Aufgrund der Grippewelle, die leider auch unseren Heino erreicht hat&#8220;, konnte zun\u00e4chst das Konzert am 19.01.2026 in Cloppenburg nicht stattfinden, &#8222;obwohl Heino schon in der Stadthalle war&#8220;. Auch die Anschluss-Termine in Soest sowie in Hofgeismar mussten verlegt werden. &#8222;Heino ist bestens versorgt und auf dem Weg der Besserung&#8220;, so sein Management weiter.<\/p>\n<p style=\"text-align: justify;\">&#8222;Heino bedankt sich sehr f\u00fcr alle eure lieben Genesungsw\u00fcnsche, ihm geht es bereits deutlich besser! Niemand muss sich Sorgen machen. Aus Vorsage haben wir uns entschieden, auch das Konzert in Hofgeismar zu verschieben. Karten behalten ihre G\u00fcltigkeit. Auch, wenn dies f\u00fcr alle bedauerlich ist, bitten wir um Verst\u00e4ndnis. Alle anderen Termine finden wie geplant statt. Wir haben bereits intensiv mit unserem Tourneeveranstalter an Nachholterminen gearbeitet, die wir euch jetzt bekannt geben k\u00f6nnen:<\/p>\n<p><br class=\"html-br\" \/><br class=\"html-br\" \/><span class=\"html-span xexx8yu xyri2b x18d9i69 x1c1uobl x1hl2dhg x16tdsg8 x1vvkbs x3nfvp2 x1j61x8r x1fcty0u xdj266r xat24cr xm2jcoa x1mpyi22 xxymvpz xlup9mm x1kky2od\"><img decoding=\"async\" loading=\"lazy\" class=\"xz74otr x15mokao x1ga7v0g x16uus16 xbiv7yw\" src=\"https:\/\/static.xx.fbcdn.net\/images\/emoji.php\/v9\/td1\/2\/16\/2757.png\" alt=\"&#x2757;&#xfe0f;\" width=\"16\" height=\"16\" \/><\/span>Soest: 27. M\u00e4rz 2026, 19:00 Uhr, Stadthalle<br class=\"html-br\" \/><span class=\"html-span xexx8yu xyri2b x18d9i69 x1c1uobl x1hl2dhg x16tdsg8 x1vvkbs x3nfvp2 x1j61x8r x1fcty0u xdj266r xat24cr xm2jcoa x1mpyi22 xxymvpz xlup9mm x1kky2od\"><img decoding=\"async\" loading=\"lazy\" class=\"xz74otr x15mokao x1ga7v0g x16uus16 xbiv7yw\" src=\"https:\/\/static.xx.fbcdn.net\/images\/emoji.php\/v9\/td1\/2\/16\/2757.png\" alt=\"&#x2757;&#xfe0f;\" width=\"16\" height=\"16\" \/><\/span>Hofgeismar: 11. April 2026, 19:00 Uhr, Stadthalle<br class=\"html-br\" \/><span class=\"html-span xexx8yu xyri2b x18d9i69 x1c1uobl x1hl2dhg x16tdsg8 x1vvkbs x3nfvp2 x1j61x8r x1fcty0u xdj266r xat24cr xm2jcoa x1mpyi22 xxymvpz xlup9mm x1kky2od\"><img decoding=\"async\" loading=\"lazy\" class=\"xz74otr x15mokao x1ga7v0g x16uus16 xbiv7yw\" src=\"https:\/\/static.xx.fbcdn.net\/images\/emoji.php\/v9\/td1\/2\/16\/2757.png\" alt=\"&#x2757;&#xfe0f;\" width=\"16\" height=\"16\" \/><\/span>Cloppenburg: 09. Mai 2026, 19:00 Uhr, Stadthalle Cloppenburg<br \/>\n<br class=\"html-br\" \/><br class=\"html-br\" \/>Heino und das gesamte Team freuen sich schon auf die n\u00e4chsten Termine!&#8220;<\/p>\n<p>&nbsp;<\/p>\n<p>&nbsp;<\/p>\n<p>&nbsp;<\/p>\n<p>***<\/p>\n<p>&nbsp;<\/p>\n<p>&nbsp;<\/p>\n<p>&nbsp;<\/p>\n<h2 class=\"text-xl font-bold text-primary mb-4 leading-tight\" style=\"text-align: justify;\">Drei Konzerte wegen Grippewelle verschoben<\/h2>\n<div class=\"relative mb-4\">\n<div class=\"relative overflow-hidden\">\n<div class=\"leading-relaxed\">\n<p class=\"text-gray-700 text-sm leading-relaxed\" style=\"text-align: justify;\">Die f\u00fcr Cloppenburg, Soest und Hofgeismar geplanten Konzerte der aktuellen \u201eMade in Germany\u201c-Tournee von Heino m\u00fcssen verschoben werden. Der K\u00fcnstler hat sich eine Grippe-Erkrankung zugezogen. Heino befindet sich bereits auf dem Weg der Besserung, ist bestens medizinisch versorgt und bedankt sich herzlich bei seinen Fans f\u00fcr das gro\u00dfe Verst\u00e4ndnis und die zahlreichen Genesungsw\u00fcnsche.<\/p>\n<p class=\"text-gray-700 text-sm leading-relaxed\" style=\"text-align: justify;\">Die Konzerte werden nicht abgesagt, sondern auf folgende Nachholtermine verlegt:<\/p>\n<p style=\"text-align: justify;\">\n<p class=\"text-gray-700 text-sm leading-relaxed\" style=\"text-align: justify;\">\u00b7\u00a0\u00a0\u00a0\u00a0\u00a0\u00a0\u00a0Soest:\u00a027. M\u00e4rz 2026, 19:00 Uhr, Stadthalle Soest<\/p>\n<p class=\"text-gray-700 text-sm leading-relaxed\" style=\"text-align: justify;\">\u00b7\u00a0\u00a0\u00a0\u00a0\u00a0\u00a0\u00a0Hofgeismar:\u00a011. April 2026, 19:00 Uhr, Stadthalle Hofgeismar<\/p>\n<p class=\"text-gray-700 text-sm leading-relaxed\" style=\"text-align: justify;\">\u00b7\u00a0\u00a0\u00a0\u00a0\u00a0\u00a0\u00a0Cloppenburg:\u00a009. Mai 2026, 19:00 Uhr, Stadthalle Cloppenburg<\/p>\n<p style=\"text-align: justify;\">\n<p class=\"text-gray-700 text-sm leading-relaxed\" style=\"text-align: justify;\">\nBereits erworbene Tickets behalten f\u00fcr die jeweiligen Nachholtermine ihre G\u00fcltigkeit. Heino freut sich darauf, sein Publikum bei den neuen Terminen wieder pers\u00f6nlich begr\u00fc\u00dfen zu d\u00fcrfen.<\/p>\n<\/div>\n<\/div>\n<\/div>\n<p>&nbsp;<\/p>\n<p>&nbsp;<\/p>\n<figure id=\"attachment_254393\" aria-describedby=\"caption-attachment-254393\" style=\"width: 800px\" class=\"wp-caption alignnone\"><img decoding=\"async\" loading=\"lazy\" class=\"size-large wp-image-254393\" src=\"https:\/\/smago.de\/ws2\/wp-content\/uploads\/2026\/01\/heino_-800x533.jpeg\" alt=\"\" width=\"800\" height=\"533\" srcset=\"https:\/\/smago.de\/ws2\/wp-content\/uploads\/2026\/01\/heino_-800x533.jpeg 800w, https:\/\/smago.de\/ws2\/wp-content\/uploads\/2026\/01\/heino_-522x348.jpeg 522w, https:\/\/smago.de\/ws2\/wp-content\/uploads\/2026\/01\/heino_-225x150.jpeg 225w, https:\/\/smago.de\/ws2\/wp-content\/uploads\/2026\/01\/heino_-768x512.jpeg 768w, https:\/\/smago.de\/ws2\/wp-content\/uploads\/2026\/01\/heino_-392x261.jpeg 392w, https:\/\/smago.de\/ws2\/wp-content\/uploads\/2026\/01\/heino_-130x87.jpeg 130w, https:\/\/smago.de\/ws2\/wp-content\/uploads\/2026\/01\/heino_-668x445.jpeg 668w, https:\/\/smago.de\/ws2\/wp-content\/uploads\/2026\/01\/heino_-783x522.jpeg 783w, https:\/\/smago.de\/ws2\/wp-content\/uploads\/2026\/01\/heino_-285x190.jpeg 285w, https:\/\/smago.de\/ws2\/wp-content\/uploads\/2026\/01\/heino_-435x290.jpeg 435w, https:\/\/smago.de\/ws2\/wp-content\/uploads\/2026\/01\/heino_-150x100.jpeg 150w, https:\/\/smago.de\/ws2\/wp-content\/uploads\/2026\/01\/heino_-370x247.jpeg 370w, https:\/\/smago.de\/ws2\/wp-content\/uploads\/2026\/01\/heino_.jpeg 1206w\" sizes=\"(max-width: 800px) 100vw, 800px\" \/><figcaption id=\"caption-attachment-254393\" class=\"wp-caption-text\"><em>Foto-Credit: <strong><a href=\"https:\/\/www.facebook.com\/HeinoOffiziell\">Facebook-Seite von Heino<\/a><\/strong><\/em><\/figcaption><\/figure>\n","protected":false},"excerpt":{"rendered":"<p>Nach seinem triumphalen Konzert in der Turbinenhalle 2 in Oberhausen musste der Volkss\u00e4nger drei Termine verschieben &#8230;:<\/p>\n","protected":false},"author":2,"featured_media":254396,"comment_status":"open","ping_status":"closed","sticky":false,"template":"","format":"standard","meta":{"_FSMCFIC_featured_image_caption":"","_FSMCFIC_featured_image_nocaption":"","_FSMCFIC_featured_image_hide":""},"categories":[30],"tags":[565],"acf":[],"_links":{"self":[{"href":"https:\/\/smago.de\/ws2\/wp-json\/wp\/v2\/posts\/254392"}],"collection":[{"href":"https:\/\/smago.de\/ws2\/wp-json\/wp\/v2\/posts"}],"about":[{"href":"https:\/\/smago.de\/ws2\/wp-json\/wp\/v2\/types\/post"}],"author":[{"embeddable":true,"href":"https:\/\/smago.de\/ws2\/wp-json\/wp\/v2\/users\/2"}],"replies":[{"embeddable":true,"href":"https:\/\/smago.de\/ws2\/wp-json\/wp\/v2\/comments?post=254392"}],"version-history":[{"count":1,"href":"https:\/\/smago.de\/ws2\/wp-json\/wp\/v2\/posts\/254392\/revisions"}],"predecessor-version":[{"id":254397,"href":"https:\/\/smago.de\/ws2\/wp-json\/wp\/v2\/posts\/254392\/revisions\/254397"}],"wp:featuredmedia":[{"embeddable":true,"href":"https:\/\/smago.de\/ws2\/wp-json\/wp\/v2\/media\/254396"}],"wp:attachment":[{"href":"https:\/\/smago.de\/ws2\/wp-json\/wp\/v2\/media?parent=254392"}],"wp:term":[{"taxonomy":"category","embeddable":true,"href":"https:\/\/smago.de\/ws2\/wp-json\/wp\/v2\/categories?post=254392"},{"taxonomy":"post_tag","embeddable":true,"href":"https:\/\/smago.de\/ws2\/wp-json\/wp\/v2\/tags?post=254392"}],"curies":[{"name":"wp","href":"https:\/\/api.w.org\/{rel}","templated":true}]}}