{"id":254015,"date":"2025-01-15T00:00:56","date_gmt":"2025-01-14T23:00:56","guid":{"rendered":"https:\/\/smago.de\/ws2\/?p=254015"},"modified":"2026-01-14T16:42:07","modified_gmt":"2026-01-14T15:42:07","slug":"andy-borg-10","status":"publish","type":"post","link":"https:\/\/smago.de\/ws2\/schlager\/andy-borg-10\/","title":{"rendered":"ANDY BORG <br>Gro\u00dfe Vorfreude auf die n\u00e4chste &#8222;Schlager-Spa\u00df mit Andy Borg&#8220; Folge am 17.01.2026!"},"content":{"rendered":"<p style=\"text-align: justify;\">U. a. mit dabei: die Amigos sowie &#8222;Der Titan&#8220; \u2013 Peter Orloff! <!--more--><\/p>\n<div style=\"text-align: justify;\"><\/div>\n<div><\/div>\n<div><\/div>\n<p style=\"text-align: justify;\">Andy Borg und der S\u00fcdwestrundfunk (SWR) gehen ins neue Jahr mit \u201eSchlager-Spa\u00df mit Andy Borg\u201c. Die erste Ausgabe 2026 der beliebten Musik- und Unterhaltungsshow mit Gastgeber Andy Borg wird ausgestrahlt am Samstag, 17. Januar, 20:15 Uhr im SWR, im MDR Fernsehen sowie in der <a href=\"https:\/\/www.ardmediathek.de\/sendung\/schlager-spass-mit-andy-borg\/Y3JpZDovL3N3ci5kZS8yMzM5NzcxNg\">ARD Mediathek<\/a>. Mit dabei sind unter anderem die Amigos, Natalie Holzner, Stimmen der Berge, Andreas Hastreiter, Peter Orloff, Conny und die Sonntagsfahrer und Jauchzaaa. Hinzu kommen The Woodgies, die Trachtengruppe Glottertal bei Freiburg, die dieses Jahr 200 Jahre alt ist sowie die Plettenberg Stammtischmusig aus dem Zollernalbkreis in Baden-W\u00fcrttemberg.<\/p>\n<p>&nbsp;<\/p>\n<p>&nbsp;<\/p>\n<p>&nbsp;<\/p>\n<p style=\"text-align: justify;\"><strong>Andy Borg: Im \u201eSchlager-Spa\u00df\u201c spielt die Musik<\/strong><\/p>\n<p>&nbsp;<\/p>\n<p style=\"text-align: justify;\"><em>\u201eUnd schon sind wir wieder mittendrin im neuen Jahr. Und wo spielt die Musik? Bei unserem Schlager-Spa\u00df\u201c, sagt Andy Borg: \u201eBei der ersten Folge 2026 begr\u00fc\u00dfen wir gleich zwei liebe Formationen der Blasmusik, die diesmal aus dem S\u00fcdwesten in unsere Weinstube kommen und f\u00fcr uns aufspielen. Diese Tradition der Blasmusikanten habe ich aus der Stadlzeit mit in den Schlager-Spa\u00df gebracht und freue mich, dass sie hier im S\u00fcdwesten fortgef\u00fchrt wird.\u201c<\/em><\/p>\n<p>&nbsp;<\/p>\n<p>&nbsp;<\/p>\n<p style=\"text-align: justify;\"><strong>Im Anschluss: Klassik-Konzert mit Helmut Lotti<\/strong><\/p>\n<p>&nbsp;<\/p>\n<p style=\"text-align: justify;\">Nach der Sendung mit Andy Borg, von 22:20 Uhr bis 23:20 Uhr, zeigt der SWR \u201eHelmut Lotti goes classic\u201c. Helmut Lotti ist ein gern gesehener Gast bei \u201eSchlager-Spa\u00df mit Andy Borg\u201c. Mit einem spektakul\u00e4rem Konzertabend in Antwerpen feierte er das 30-j\u00e4hrige Bestehen seiner \u201eGoes Classic\u201c-Konzerte und k\u00fcndigte eine neue Jubil\u00e4umstour sowie ein frisches \u201eGoes Classic\u201c-Album an. Die Sendung im SWR zeigt das Jubil\u00e4umskonzert und dokumentiert so den gro\u00dfen Erfolg und die musikalische Vielfalt dieser Klassik-Reihe.<\/p>\n<p>&nbsp;<\/p>\n<p>&nbsp;<\/p>\n<p>&nbsp;<\/p>\n<p style=\"text-align: justify;\"><strong>\u201eSchlager-Spa\u00df mit Andy Borg\u201c am 21. Februar 2026<\/strong><\/p>\n<p>&nbsp;<\/p>\n<p style=\"text-align: justify;\">Auch im Februar wird es eine Ausgabe von \u201eSchlager-Spa\u00df mit Andy Borg\u201c geben. Sie wird gezeigt am Samstag, 21. Februar 2026, um 20:15 Uhr im SWR, im MDR Fernsehen sowie in der <a href=\"https:\/\/www.ardmediathek.de\/sendung\/schlager-spass-mit-andy-borg\/Y3JpZDovL3N3ci5kZS8yMzM5NzcxNg\">ARD Mediathek<\/a>. Musikalische G\u00e4ste sind unter anderem G.G. Anderson, Truck Stop, Damiano Maiolini, Simone, Monika Avsenik, Anni Marie, Denis Wittberg und die Schellack-Solisten. Ebenfalls in der Sendung sind die Blaskapelle Obersasbach aus Sasbach im Ortenaukreis in Baden-W\u00fcrttemberg, Gipsy Fuego und die Lungauer.<\/p>\n<p style=\"text-align: justify;\"><strong>\u00a0<\/strong><\/p>\n<p>&nbsp;<\/p>\n<p>&nbsp;<\/p>\n<p style=\"text-align: justify;\"><strong>\u201eSchlager-Spa\u00df mit Andy Borg\u201c<\/strong><\/p>\n<p>&nbsp;<\/p>\n<p style=\"text-align: justify;\">Samstag, 17. Januar 2026, 20:15 Uhr, SWR, MDR und <a href=\"https:\/\/www.ardmediathek.de\/sendung\/schlager-spass-mit-andy-borg\/Y3JpZDovL3N3ci5kZS8yMzM5NzcxNg\">ARD Mediathek<\/a><\/p>\n<p style=\"text-align: justify;\">Samstag, 21. Februar 2026, 20:15 Uhr, SWR, MDR und <a href=\"https:\/\/www.ardmediathek.de\/sendung\/schlager-spass-mit-andy-borg\/Y3JpZDovL3N3ci5kZS8yMzM5NzcxNg\">ARD Mediathek<\/a><\/p>\n<p>&nbsp;<\/p>\n<figure id=\"attachment_254034\" aria-describedby=\"caption-attachment-254034\" style=\"width: 800px\" class=\"wp-caption alignnone\"><img decoding=\"async\" loading=\"lazy\" class=\"size-large wp-image-254034\" src=\"https:\/\/smago.de\/ws2\/wp-content\/uploads\/2025\/01\/10_F80_Schlagerspass_mit_Andy_Borg-800x528.jpg\" alt=\"\" width=\"800\" height=\"528\" srcset=\"https:\/\/smago.de\/ws2\/wp-content\/uploads\/2025\/01\/10_F80_Schlagerspass_mit_Andy_Borg-800x528.jpg 800w, https:\/\/smago.de\/ws2\/wp-content\/uploads\/2025\/01\/10_F80_Schlagerspass_mit_Andy_Borg-522x345.jpg 522w, https:\/\/smago.de\/ws2\/wp-content\/uploads\/2025\/01\/10_F80_Schlagerspass_mit_Andy_Borg-227x150.jpg 227w, https:\/\/smago.de\/ws2\/wp-content\/uploads\/2025\/01\/10_F80_Schlagerspass_mit_Andy_Borg-768x507.jpg 768w, https:\/\/smago.de\/ws2\/wp-content\/uploads\/2025\/01\/10_F80_Schlagerspass_mit_Andy_Borg-1536x1014.jpg 1536w, https:\/\/smago.de\/ws2\/wp-content\/uploads\/2025\/01\/10_F80_Schlagerspass_mit_Andy_Borg-2048x1352.jpg 2048w, https:\/\/smago.de\/ws2\/wp-content\/uploads\/2025\/01\/10_F80_Schlagerspass_mit_Andy_Borg-392x259.jpg 392w, https:\/\/smago.de\/ws2\/wp-content\/uploads\/2025\/01\/10_F80_Schlagerspass_mit_Andy_Borg-130x86.jpg 130w, https:\/\/smago.de\/ws2\/wp-content\/uploads\/2025\/01\/10_F80_Schlagerspass_mit_Andy_Borg-674x445.jpg 674w, https:\/\/smago.de\/ws2\/wp-content\/uploads\/2025\/01\/10_F80_Schlagerspass_mit_Andy_Borg-791x522.jpg 791w, https:\/\/smago.de\/ws2\/wp-content\/uploads\/2025\/01\/10_F80_Schlagerspass_mit_Andy_Borg-288x190.jpg 288w, https:\/\/smago.de\/ws2\/wp-content\/uploads\/2025\/01\/10_F80_Schlagerspass_mit_Andy_Borg-435x287.jpg 435w, https:\/\/smago.de\/ws2\/wp-content\/uploads\/2025\/01\/10_F80_Schlagerspass_mit_Andy_Borg-150x100.jpg 150w\" sizes=\"(max-width: 800px) 100vw, 800px\" \/><figcaption id=\"caption-attachment-254034\" class=\"wp-caption-text\"><em>Andy Borg feiert gemeinsam mit seinen G\u00e4sten.<\/em><\/p>\n<p><em>\u00a9 SWR \/ Kerstin Joensson<\/em><\/figcaption><\/figure>\n","protected":false},"excerpt":{"rendered":"<p>U. a. mit dabei: die Amigos sowie &#8222;Der Titan&#8220; \u2013 Peter Orloff!<\/p>\n","protected":false},"author":2,"featured_media":254034,"comment_status":"open","ping_status":"closed","sticky":false,"template":"","format":"standard","meta":{"_FSMCFIC_featured_image_caption":"","_FSMCFIC_featured_image_nocaption":"","_FSMCFIC_featured_image_hide":""},"categories":[29,39,128],"tags":[182],"acf":[],"_links":{"self":[{"href":"https:\/\/smago.de\/ws2\/wp-json\/wp\/v2\/posts\/254015"}],"collection":[{"href":"https:\/\/smago.de\/ws2\/wp-json\/wp\/v2\/posts"}],"about":[{"href":"https:\/\/smago.de\/ws2\/wp-json\/wp\/v2\/types\/post"}],"author":[{"embeddable":true,"href":"https:\/\/smago.de\/ws2\/wp-json\/wp\/v2\/users\/2"}],"replies":[{"embeddable":true,"href":"https:\/\/smago.de\/ws2\/wp-json\/wp\/v2\/comments?post=254015"}],"version-history":[{"count":5,"href":"https:\/\/smago.de\/ws2\/wp-json\/wp\/v2\/posts\/254015\/revisions"}],"predecessor-version":[{"id":254036,"href":"https:\/\/smago.de\/ws2\/wp-json\/wp\/v2\/posts\/254015\/revisions\/254036"}],"wp:featuredmedia":[{"embeddable":true,"href":"https:\/\/smago.de\/ws2\/wp-json\/wp\/v2\/media\/254034"}],"wp:attachment":[{"href":"https:\/\/smago.de\/ws2\/wp-json\/wp\/v2\/media?parent=254015"}],"wp:term":[{"taxonomy":"category","embeddable":true,"href":"https:\/\/smago.de\/ws2\/wp-json\/wp\/v2\/categories?post=254015"},{"taxonomy":"post_tag","embeddable":true,"href":"https:\/\/smago.de\/ws2\/wp-json\/wp\/v2\/tags?post=254015"}],"curies":[{"name":"wp","href":"https:\/\/api.w.org\/{rel}","templated":true}]}}