{"id":252652,"date":"2025-12-17T12:17:16","date_gmt":"2025-12-17T11:17:16","guid":{"rendered":"https:\/\/smago.de\/ws2\/?p=252652"},"modified":"2025-12-17T16:03:49","modified_gmt":"2025-12-17T15:03:49","slug":"andy-borg-weihnachten-mit-andy-borg-an-heiligabend-24-12-2025","status":"publish","type":"post","link":"https:\/\/smago.de\/ws2\/schlager\/andy-borg-weihnachten-mit-andy-borg-an-heiligabend-24-12-2025\/","title":{"rendered":"ANDY BORG <br>&#8222;Weihnachten mit Andy Borg! an Heiligabend (24.12.2025)!"},"content":{"rendered":"<p>Festlich dekorierte Weihnachtsshow erstmals in drei Sendern \u2013 mit Ronja Forcher, Peggy March, Ramon Roselly und anderen \/\/ 20:15 Uhr &#8211; 22:15 Uhr, SWR Fernsehen, MDR Fernsehen und BR Fernsehen!<!--more--><\/p>\n<p>&nbsp;<\/p>\n<p style=\"text-align: justify;\">\n<p style=\"text-align: justify;\">ANDY BORG verbringt Heiligabend gemeinsam mit seinen G\u00e4sten und l\u00e4dt das Fernsehpublikum zum Fest herzlich ein: In seiner weihnachtlich geschm\u00fcckten Weinstube empf\u00e4ngt der S\u00e4nger und Moderator musikalische Freunde und Weggef\u00e4hrten, versammelt sie alle an einem festlich geschm\u00fcckten Tisch und feiert mit ihnen die sch\u00f6nste Zeit des Jahres. \u201eWeihnachten mit Andy Borg\u201c wird ausgestrahlt an Heiligabend, 24. Dezember 2024, 20:15 Uhr. Gezeigt wird die Weihnachtsshow in drei Sendern: im SWR, im MDR sowie erstmals auch im BR. Zudem ist die Sendung in der <a href=\"https:\/\/www.ardmediathek.de\/sendung\/schlager-spass-mit-andy-borg\/Y3JpZDovL3N3ci5kZS8yMzM5NzcxNg\">ARD Mediathek<\/a> abrufbar. Der SWR wiederholt \u201eWeihnachten mit Andy Borg\u201c am Ersten Weihnachtsfeiertag, 25. Dezember 2025 um 10:45 Uhr.<\/p>\n<p style=\"text-align: justify;\">\n<p style=\"text-align: justify;\">\n<p style=\"text-align: justify;\">\n<p style=\"text-align: justify;\"><strong>Weihnachtliche Melodien und Geschichten, Evergreens und sch\u00f6ne Momente<\/strong><\/p>\n<p style=\"text-align: justify;\">\n<p style=\"text-align: justify;\">Das Publikum kann sich auf weihnachtliche Melodien und Geschichten, auf Evergreens und sch\u00f6ne Momente freuen. Es wird gemeinsam Musik gemacht, es wird heiter und besinnlich an diesem Weihnachtsabend. Mit dabei sind unter anderem Ronja Forcher, Peggy March, Marianna Massadi, Rudy Giovannini, Rosanna Rocci &amp; Luca, Ramon Roselly, das Mi\u00dfebner Trio und der Erich-K\u00e4stner-Kinderchor aus Limburg. Im SWR und MDR ist die Sendung mit 130 Minuten in voller L\u00e4nge zu sehen, der BR zeigt eine verk\u00fcrzte Version von 105 Minuten.<\/p>\n<p style=\"text-align: justify;\">\n<p style=\"text-align: justify;\">\n<p style=\"text-align: justify;\"><strong>Andy Borg: \u201eMenschlich und musikalisch bereichernd\u201c<\/strong><\/p>\n<p style=\"text-align: justify;\">\n<p style=\"text-align: justify;\"><em>\u201eDieser Abend geh\u00f6rt uns allen. Unser kleiner Weinstadel \u00f6ffnet an diesem besonderen, heiligen Abend und versammelt die Schlager-Spa\u00df-Familie an einem festlich geschm\u00fcckten Tisch. Alles glitzert, alles gl\u00e4nzt\u201c,<\/em> sagt Andy Borg. Und weiter: <em>\u201eZu Weihnachten geh\u00f6ren nicht nur die Geschenke, sondern auch ein gutes Essen. Und nat\u00fcrlich ganz liebe Freunde sowie Musik. Ich freue mich sehr, dass wir diesen Abend gemeinsam verbringen und eine internationale Runde sind. \u00d6sterreich ist ebenso vertreten wie Griechenland, Italien und die USA. Das wird uns menschlich und musikalisch bereichern \u2013 und uns einen sch\u00f6nen Weihnachtsabend bescheren.\u201c<\/em><\/p>\n<p style=\"text-align: justify;\">\n<p style=\"text-align: justify;\">\n<p style=\"text-align: justify;\">\n<p style=\"text-align: justify;\"><strong>\u201eDas Beste\u201c am ersten Tag des neuen Jahres<\/strong><\/p>\n<p style=\"text-align: justify;\">\n<p style=\"text-align: justify;\">Auch im n\u00e4chsten Jahr gibt es \u201eSchlager-Spa\u00df mit Andy Borg\u201c. Den Start macht am Neujahrstag, 1. Januar 2026, 20:15 Uhr, im SWR \u201eSchlager-Spa\u00df mit Andy Borg \u2013 Das Beste\u201c mit den sch\u00f6nsten Momenten vergangener Folgen. Zu sehen sind unter anderem Ute Freudenberg, Thomas Anders, Florian Silbereisen, die Kastelruther Spatzen, Bata Illic, Heino, Beatrice Egli, Peter Kraus, Ireen Sheer, Monique, Sigrid und Marina sowie Sa\u0161o Avsenik &amp; seine Oberkrainer.<\/p>\n<p style=\"text-align: justify;\">\n<p style=\"text-align: justify;\">\n<p style=\"text-align: justify;\">\n<p style=\"text-align: justify;\"><strong>Sendehinweise<\/strong><\/p>\n<p style=\"text-align: justify;\">\n<p style=\"text-align: justify;\">\u201eWeihnachten mit Andy Borg\u201c, 24. Dezember 2025, 20:15 Uhr, SWR, MDR, BR und in der <a href=\"https:\/\/www.ardmediathek.de\/sendung\/schlager-spass-mit-andy-borg\/Y3JpZDovL3N3ci5kZS8yMzM5NzcxNg\">ARD Mediathek<\/a>, Wiederholung: 25. Dezember 2024, 10:45 Uhr, SWR<\/p>\n<p style=\"text-align: justify;\">\n<p style=\"text-align: justify;\">\u201eSchlager-Spa\u00df mit Andy Borg \u2013 Das Beste\u201c, Mittwoch, 1. Januar 2026, SWR und in der <a href=\"https:\/\/www.ardmediathek.de\/sendung\/schlager-spass-mit-andy-borg\/Y3JpZDovL3N3ci5kZS8yMzM5NzcxNg\">ARD Mediathek<\/a><\/p>\n<p style=\"text-align: justify;\">\n","protected":false},"excerpt":{"rendered":"<p>Festlich dekorierte Weihnachtsshow erstmals in drei Sendern \u2013 mit Ronja Forcher, Peggy March, Ramon Roselly und anderen \/\/ 20:15 Uhr<\/p>\n","protected":false},"author":2,"featured_media":252653,"comment_status":"open","ping_status":"closed","sticky":false,"template":"","format":"standard","meta":{"_FSMCFIC_featured_image_caption":"","_FSMCFIC_featured_image_nocaption":"","_FSMCFIC_featured_image_hide":""},"categories":[29,39,128],"tags":[182],"acf":[],"_links":{"self":[{"href":"https:\/\/smago.de\/ws2\/wp-json\/wp\/v2\/posts\/252652"}],"collection":[{"href":"https:\/\/smago.de\/ws2\/wp-json\/wp\/v2\/posts"}],"about":[{"href":"https:\/\/smago.de\/ws2\/wp-json\/wp\/v2\/types\/post"}],"author":[{"embeddable":true,"href":"https:\/\/smago.de\/ws2\/wp-json\/wp\/v2\/users\/2"}],"replies":[{"embeddable":true,"href":"https:\/\/smago.de\/ws2\/wp-json\/wp\/v2\/comments?post=252652"}],"version-history":[{"count":2,"href":"https:\/\/smago.de\/ws2\/wp-json\/wp\/v2\/posts\/252652\/revisions"}],"predecessor-version":[{"id":252655,"href":"https:\/\/smago.de\/ws2\/wp-json\/wp\/v2\/posts\/252652\/revisions\/252655"}],"wp:featuredmedia":[{"embeddable":true,"href":"https:\/\/smago.de\/ws2\/wp-json\/wp\/v2\/media\/252653"}],"wp:attachment":[{"href":"https:\/\/smago.de\/ws2\/wp-json\/wp\/v2\/media?parent=252652"}],"wp:term":[{"taxonomy":"category","embeddable":true,"href":"https:\/\/smago.de\/ws2\/wp-json\/wp\/v2\/categories?post=252652"},{"taxonomy":"post_tag","embeddable":true,"href":"https:\/\/smago.de\/ws2\/wp-json\/wp\/v2\/tags?post=252652"}],"curies":[{"name":"wp","href":"https:\/\/api.w.org\/{rel}","templated":true}]}}