{"id":252631,"date":"2025-12-16T18:01:46","date_gmt":"2025-12-16T17:01:46","guid":{"rendered":"https:\/\/smago.de\/ws2\/?p=252631"},"modified":"2025-12-16T18:02:20","modified_gmt":"2025-12-16T17:02:20","slug":"florian-silbereisen-silvester-schlagerbooom-2026-mit-florian-silbereisen-und-zahlreichen-stars","status":"publish","type":"post","link":"https:\/\/smago.de\/ws2\/schlager\/florian-silbereisen-silvester-schlagerbooom-2026-mit-florian-silbereisen-und-zahlreichen-stars\/","title":{"rendered":"FLORIAN SILBEREISEN <br>&#8222;Silvester-Schlagerbooom 2026&#8220; mit Florian Silbereisen und zahlreichen Stars!"},"content":{"rendered":"<p>Die Eurovisionsnacht live aus M\u00fcnchen!<!--more--><\/p>\n<p>&nbsp;<\/p>\n<p>&nbsp;<\/p>\n<p>&nbsp;<\/p>\n<p class=\"text\" style=\"text-align: justify;\">Nach dem gro\u00dfen Erfolg im vergangenen Jahr gibt es eine Zugabe: FLORIAN SILBEREISEN startet auch in diesem Jahr mit dem &#8222;Silvester-Schlagerbooom 2026 live \u2013 Die Wunderlichtershow&#8220; im Ersten, im ORF und im SRF ins neue Jahr. Nat\u00fcrlich mit einer ganz neuen Ausgabe dieser ganz besonderen Live-Show.<\/p>\n<p class=\"text\" style=\"text-align: justify;\">Schon seit Monaten laufen die Vorbereitungen \u2013 die Basketballarena des FC Bayern in M\u00fcnchen verwandelt sich einmal mehr in ein funkelndes und glitzerndes Wunderlichtermeer f\u00fcr die gro\u00dfe Silvesterparty-Eurovisionsnacht. P\u00fcnktlich um Mitternacht pr\u00e4sentiert Florian Silbereisen ebenfalls live das Silvester-Feuerwerk am Brandenburger Tor in Berlin.<\/p>\n<p>&nbsp;<\/p>\n<p>&nbsp;<\/p>\n<h2 style=\"text-align: justify;\">Sogar der Kaiser und Unheilig sind mit dabei<\/h2>\n<p>&nbsp;<\/p>\n<p class=\"text\" style=\"text-align: justify;\">Der Showmaster feiert mit <strong>Roland Kaiser<\/strong>, <strong>Maite Kelly<\/strong>, <strong>Unheilig<\/strong>, 80er-Kultstar <strong>Samantha Fox<\/strong>, <strong>Howard Carpendale<\/strong>, <strong>Petro Basile<\/strong>, <strong>Heinz Rudolf Kunze<\/strong>, <strong>Nicole<\/strong>, <strong>DJ \u00d6tzi<\/strong>, <strong>Ben Zucker<\/strong>, <strong>Andy Borg<\/strong>, <strong>Vincent Gross <\/strong>sowie weiteren Stars und \u00dcberraschungen.<\/p>\n<p class=\"text\" style=\"text-align: justify;\">Florian Silbereisen freut sich, dass er ein weiteres Mal gemeinsam mit dem TV-Publikum das neue Jahr begr\u00fc\u00dfen darf: <em>&#8222;Der &#8218;Silvester-Schlagerbooom&#8216; war als einmalige Show zum Jubil\u00e4um unserer Sendereihe geplant. Aber die Resonanz war so \u00fcberw\u00e4ltigend, dass es eine Fortsetzung geben wird: Wir machen es nochmal! Ich freue mich auf diese einmalige Zugabe \u2013 selbstverst\u00e4ndlich wieder live! Mit vielen tollen G\u00e4sten und Schlagern zum Mitsingen und Mitfeiern! Wir lassen es in der Basketballarena des FC Bayern funkeln und glitzern. Und um Mitternacht schalten wir live nach Berlin, zum gro\u00dfen Silvester-Feuerwerk. Danach wird dann in M\u00fcnchen, im Ersten, im ORF und im SRF live weitergefeiert. Ich kann schon jetzt versprechen: Diese Party wird XXXXXXL!&#8220;<\/em><\/p>\n<p>&nbsp;<\/p>\n<p>&nbsp;<\/p>\n<p>&nbsp;<\/p>\n<h3>Ausstrahlungsinfos:<\/h3>\n<p>&nbsp;<\/p>\n<p class=\"text\">Silvester-Schlagerbooom 2026 live \u2013 Die Wunderlichtershow!<\/p>\n<p class=\"text\">Live aus dem BMW-Park in M\u00fcnchen<\/p>\n<p class=\"text\">Silvester, 31. Dezember 2025, 20.15 bis 0.20 Uhr im Ersten<\/p>\n<p>&nbsp;<\/p>\n<p>&nbsp;<\/p>\n<p>&nbsp;<\/p>\n<p class=\"text\"><em>Die Sendung ist eine Produktion von J\u00fcrgens TV GmbH in Zusammenarbeit mit dem BR f\u00fcr Das Erste, den ORF und SRF.<\/em><\/p>\n","protected":false},"excerpt":{"rendered":"<p>Die Eurovisionsnacht live aus M\u00fcnchen!<\/p>\n","protected":false},"author":2,"featured_media":252632,"comment_status":"open","ping_status":"closed","sticky":false,"template":"","format":"standard","meta":{"_FSMCFIC_featured_image_caption":"","_FSMCFIC_featured_image_nocaption":"","_FSMCFIC_featured_image_hide":""},"categories":[29,39,128],"tags":[144],"acf":[],"_links":{"self":[{"href":"https:\/\/smago.de\/ws2\/wp-json\/wp\/v2\/posts\/252631"}],"collection":[{"href":"https:\/\/smago.de\/ws2\/wp-json\/wp\/v2\/posts"}],"about":[{"href":"https:\/\/smago.de\/ws2\/wp-json\/wp\/v2\/types\/post"}],"author":[{"embeddable":true,"href":"https:\/\/smago.de\/ws2\/wp-json\/wp\/v2\/users\/2"}],"replies":[{"embeddable":true,"href":"https:\/\/smago.de\/ws2\/wp-json\/wp\/v2\/comments?post=252631"}],"version-history":[{"count":2,"href":"https:\/\/smago.de\/ws2\/wp-json\/wp\/v2\/posts\/252631\/revisions"}],"predecessor-version":[{"id":252634,"href":"https:\/\/smago.de\/ws2\/wp-json\/wp\/v2\/posts\/252631\/revisions\/252634"}],"wp:featuredmedia":[{"embeddable":true,"href":"https:\/\/smago.de\/ws2\/wp-json\/wp\/v2\/media\/252632"}],"wp:attachment":[{"href":"https:\/\/smago.de\/ws2\/wp-json\/wp\/v2\/media?parent=252631"}],"wp:term":[{"taxonomy":"category","embeddable":true,"href":"https:\/\/smago.de\/ws2\/wp-json\/wp\/v2\/categories?post=252631"},{"taxonomy":"post_tag","embeddable":true,"href":"https:\/\/smago.de\/ws2\/wp-json\/wp\/v2\/tags?post=252631"}],"curies":[{"name":"wp","href":"https:\/\/api.w.org\/{rel}","templated":true}]}}