{"id":252627,"date":"2025-12-17T00:00:55","date_gmt":"2025-12-16T23:00:55","guid":{"rendered":"https:\/\/smago.de\/ws2\/?p=252627"},"modified":"2025-12-16T17:33:39","modified_gmt":"2025-12-16T16:33:39","slug":"stefan-raab-heute-17-12-2025-rtl-die-stefan-raab-show","status":"publish","type":"post","link":"https:\/\/smago.de\/ws2\/nonsens\/stefan-raab-heute-17-12-2025-rtl-die-stefan-raab-show\/","title":{"rendered":"STEFAN RAAB <br>Heute (17.12.2025), RTL: &#8222;Die Stefan Raab Show&#8220;!"},"content":{"rendered":"<p>20:15 Uhr &#8211; 21:30 Uhr!<!--more--><\/p>\n<p>&nbsp;<\/p>\n<p>&nbsp;<\/p>\n<p>&nbsp;<\/p>\n<p>T\u00fcrchen auf f\u00fcr STEFAN RAAB!<\/p>\n<p>Das war 2025: In dieser Ausgabe l\u00e4sst er die Highlights des Jahres in Form eines Adventskalenders Revue passieren.<\/p>\n<p>Zu sehen gibt es die sch\u00f6nsten Einspieler &#8222;Stefan bei Let&#8217;s Dance&#8220; \u00fcber &#8222;Raab sitzt&#8220; bis hin zu den Wahlkampfsongs f\u00fcr FDP, Gr\u00fcne, SPD und Rambo-Zambo-Mann Friedrich Merz.<\/p>\n<p>Was verbirgt sich wohl hinter T\u00fcrchen 24 &#8230;?<\/p>\n<p>&nbsp;<\/p>\n<p>&nbsp;<\/p>\n<div class=\"mceTemp\"><\/div>\n<figure id=\"attachment_252629\" aria-describedby=\"caption-attachment-252629\" style=\"width: 800px\" class=\"wp-caption alignnone\"><img decoding=\"async\" loading=\"lazy\" class=\"size-large wp-image-252629\" src=\"https:\/\/smago.de\/ws2\/wp-content\/uploads\/2025\/12\/B5F8F-1-800x450.jpg\" alt=\"\" width=\"800\" height=\"450\" srcset=\"https:\/\/smago.de\/ws2\/wp-content\/uploads\/2025\/12\/B5F8F-1-800x450.jpg 800w, https:\/\/smago.de\/ws2\/wp-content\/uploads\/2025\/12\/B5F8F-1-522x294.jpg 522w, https:\/\/smago.de\/ws2\/wp-content\/uploads\/2025\/12\/B5F8F-1-267x150.jpg 267w, https:\/\/smago.de\/ws2\/wp-content\/uploads\/2025\/12\/B5F8F-1-768x432.jpg 768w, https:\/\/smago.de\/ws2\/wp-content\/uploads\/2025\/12\/B5F8F-1-1536x864.jpg 1536w, https:\/\/smago.de\/ws2\/wp-content\/uploads\/2025\/12\/B5F8F-1-2048x1152.jpg 2048w, https:\/\/smago.de\/ws2\/wp-content\/uploads\/2025\/12\/B5F8F-1-392x221.jpg 392w, https:\/\/smago.de\/ws2\/wp-content\/uploads\/2025\/12\/B5F8F-1-130x73.jpg 130w, https:\/\/smago.de\/ws2\/wp-content\/uploads\/2025\/12\/B5F8F-1-791x445.jpg 791w, https:\/\/smago.de\/ws2\/wp-content\/uploads\/2025\/12\/B5F8F-1-870x489.jpg 870w, https:\/\/smago.de\/ws2\/wp-content\/uploads\/2025\/12\/B5F8F-1-292x164.jpg 292w, https:\/\/smago.de\/ws2\/wp-content\/uploads\/2025\/12\/B5F8F-1-435x245.jpg 435w, https:\/\/smago.de\/ws2\/wp-content\/uploads\/2025\/12\/B5F8F-1-895x503.jpg 895w\" sizes=\"(max-width: 800px) 100vw, 800px\" \/><figcaption id=\"caption-attachment-252629\" class=\"wp-caption-text\"><em>Die Stefan Raab Show<\/em><\/p>\n<p><em>Foto-Credit: RTL<\/em><\/p>\n<p><em>Bitte beachten Sie auch <strong><a href=\"http:\/\/www.rtlplus.de\">RTL+<\/a><\/strong>!<\/em><\/figcaption><\/figure>\n","protected":false},"excerpt":{"rendered":"<p>20:15 Uhr &#8211; 21:30 Uhr!<\/p>\n","protected":false},"author":2,"featured_media":252629,"comment_status":"open","ping_status":"closed","sticky":false,"template":"","format":"standard","meta":{"_FSMCFIC_featured_image_caption":"","_FSMCFIC_featured_image_nocaption":"","_FSMCFIC_featured_image_hide":""},"categories":[23,128],"tags":[507],"acf":[],"_links":{"self":[{"href":"https:\/\/smago.de\/ws2\/wp-json\/wp\/v2\/posts\/252627"}],"collection":[{"href":"https:\/\/smago.de\/ws2\/wp-json\/wp\/v2\/posts"}],"about":[{"href":"https:\/\/smago.de\/ws2\/wp-json\/wp\/v2\/types\/post"}],"author":[{"embeddable":true,"href":"https:\/\/smago.de\/ws2\/wp-json\/wp\/v2\/users\/2"}],"replies":[{"embeddable":true,"href":"https:\/\/smago.de\/ws2\/wp-json\/wp\/v2\/comments?post=252627"}],"version-history":[{"count":1,"href":"https:\/\/smago.de\/ws2\/wp-json\/wp\/v2\/posts\/252627\/revisions"}],"predecessor-version":[{"id":252630,"href":"https:\/\/smago.de\/ws2\/wp-json\/wp\/v2\/posts\/252627\/revisions\/252630"}],"wp:featuredmedia":[{"embeddable":true,"href":"https:\/\/smago.de\/ws2\/wp-json\/wp\/v2\/media\/252629"}],"wp:attachment":[{"href":"https:\/\/smago.de\/ws2\/wp-json\/wp\/v2\/media?parent=252627"}],"wp:term":[{"taxonomy":"category","embeddable":true,"href":"https:\/\/smago.de\/ws2\/wp-json\/wp\/v2\/categories?post=252627"},{"taxonomy":"post_tag","embeddable":true,"href":"https:\/\/smago.de\/ws2\/wp-json\/wp\/v2\/tags?post=252627"}],"curies":[{"name":"wp","href":"https:\/\/api.w.org\/{rel}","templated":true}]}}